{"id":1631,"date":"2023-02-27T13:44:10","date_gmt":"2023-02-27T13:44:10","guid":{"rendered":"https:\/\/www.agentiaimpreuna.ro\/putem-mai-mult\/?p=1631"},"modified":"2023-02-27T13:44:12","modified_gmt":"2023-02-27T13:44:12","slug":"conferinta-de-inchidere-a-proiectului-braila","status":"publish","type":"post","link":"https:\/\/www.agentiaimpreuna.ro\/putem-mai-mult\/en\/conferinta-de-inchidere-a-proiectului-braila\/","title":{"rendered":"Closing conference of the project (Br\u0103ila)"},"content":{"rendered":"<p>On February 24th, within the Institution of the Prefect of Br\u0103ila County took place the Closing Conference of the project \"We can do more Together\".<\/p>\n\n\n\n<p>During the conference were published the results of the project that was implemented at the level of the four localities (Viziru, \u0218u\u0163e\u015fti, \u00censur\u0103\u021bei, Br\u0103ila \u2013 Lacu Dulce district).<\/p>\n\n\n\n<p>The project \"We can do more Together\", managed to bring a new approach to the Roma issue at the level of Braila County, through the cultural-ethnic approach and the involvement of the community in solving the problems at the community level through the Local Initiative Groups.<\/p>\n\n\n\n<p>The main objective of the project was the development of the Virtual Museum of Roma, a unique objective in the world that can be considered the largest database about Roma, 10 hours of content.<\/p>\n\n\n\n<figure class=\"wp-block-image size-large\"><img loading=\"lazy\" decoding=\"async\" width=\"1024\" height=\"461\" src=\"https:\/\/www.agentiaimpreuna.ro\/putem-mai-mult\/wp-content\/uploads\/2023\/02\/image-10-1024x461.png\" alt=\"\" class=\"wp-image-1632\" title=\"\" srcset=\"https:\/\/www.agentiaimpreuna.ro\/putem-mai-mult\/wp-content\/uploads\/2023\/02\/image-10-1024x461.png 1024w, https:\/\/www.agentiaimpreuna.ro\/putem-mai-mult\/wp-content\/uploads\/2023\/02\/image-10-300x135.png 300w, https:\/\/www.agentiaimpreuna.ro\/putem-mai-mult\/wp-content\/uploads\/2023\/02\/image-10-768x346.png 768w, https:\/\/www.agentiaimpreuna.ro\/putem-mai-mult\/wp-content\/uploads\/2023\/02\/image-10-18x8.png 18w, https:\/\/www.agentiaimpreuna.ro\/putem-mai-mult\/wp-content\/uploads\/2023\/02\/image-10.png 1422w\" sizes=\"auto, (max-width: 1024px) 100vw, 1024px\" \/><\/figure>\n\n\n\n<figure class=\"wp-block-image size-large\"><img loading=\"lazy\" decoding=\"async\" width=\"1024\" height=\"461\" src=\"https:\/\/www.agentiaimpreuna.ro\/putem-mai-mult\/wp-content\/uploads\/2023\/02\/image-11-1024x461.png\" alt=\"\" class=\"wp-image-1633\" title=\"\" srcset=\"https:\/\/www.agentiaimpreuna.ro\/putem-mai-mult\/wp-content\/uploads\/2023\/02\/image-11-1024x461.png 1024w, https:\/\/www.agentiaimpreuna.ro\/putem-mai-mult\/wp-content\/uploads\/2023\/02\/image-11-300x135.png 300w, https:\/\/www.agentiaimpreuna.ro\/putem-mai-mult\/wp-content\/uploads\/2023\/02\/image-11-768x346.png 768w, https:\/\/www.agentiaimpreuna.ro\/putem-mai-mult\/wp-content\/uploads\/2023\/02\/image-11-1536x692.png 1536w, https:\/\/www.agentiaimpreuna.ro\/putem-mai-mult\/wp-content\/uploads\/2023\/02\/image-11-18x8.png 18w, https:\/\/www.agentiaimpreuna.ro\/putem-mai-mult\/wp-content\/uploads\/2023\/02\/image-11.png 2048w\" sizes=\"auto, (max-width: 1024px) 100vw, 1024px\" \/><\/figure>\n\n\n\n<figure class=\"wp-block-image size-large\"><img loading=\"lazy\" decoding=\"async\" width=\"1024\" height=\"461\" src=\"https:\/\/www.agentiaimpreuna.ro\/putem-mai-mult\/wp-content\/uploads\/2023\/02\/image-12-1024x461.png\" alt=\"\" class=\"wp-image-1634\" title=\"\" srcset=\"https:\/\/www.agentiaimpreuna.ro\/putem-mai-mult\/wp-content\/uploads\/2023\/02\/image-12-1024x461.png 1024w, https:\/\/www.agentiaimpreuna.ro\/putem-mai-mult\/wp-content\/uploads\/2023\/02\/image-12-300x135.png 300w, https:\/\/www.agentiaimpreuna.ro\/putem-mai-mult\/wp-content\/uploads\/2023\/02\/image-12-768x346.png 768w, https:\/\/www.agentiaimpreuna.ro\/putem-mai-mult\/wp-content\/uploads\/2023\/02\/image-12-1536x692.png 1536w, https:\/\/www.agentiaimpreuna.ro\/putem-mai-mult\/wp-content\/uploads\/2023\/02\/image-12-18x8.png 18w, https:\/\/www.agentiaimpreuna.ro\/putem-mai-mult\/wp-content\/uploads\/2023\/02\/image-12.png 2048w\" sizes=\"auto, (max-width: 1024px) 100vw, 1024px\" \/><\/figure>\n\n\n\n<figure class=\"wp-block-image size-large\"><img loading=\"lazy\" decoding=\"async\" width=\"1024\" height=\"461\" src=\"https:\/\/www.agentiaimpreuna.ro\/putem-mai-mult\/wp-content\/uploads\/2023\/02\/image-13-1024x461.png\" alt=\"\" class=\"wp-image-1635\" title=\"\" srcset=\"https:\/\/www.agentiaimpreuna.ro\/putem-mai-mult\/wp-content\/uploads\/2023\/02\/image-13-1024x461.png 1024w, https:\/\/www.agentiaimpreuna.ro\/putem-mai-mult\/wp-content\/uploads\/2023\/02\/image-13-300x135.png 300w, https:\/\/www.agentiaimpreuna.ro\/putem-mai-mult\/wp-content\/uploads\/2023\/02\/image-13-768x346.png 768w, https:\/\/www.agentiaimpreuna.ro\/putem-mai-mult\/wp-content\/uploads\/2023\/02\/image-13-1536x692.png 1536w, https:\/\/www.agentiaimpreuna.ro\/putem-mai-mult\/wp-content\/uploads\/2023\/02\/image-13-18x8.png 18w, https:\/\/www.agentiaimpreuna.ro\/putem-mai-mult\/wp-content\/uploads\/2023\/02\/image-13.png 2048w\" sizes=\"auto, (max-width: 1024px) 100vw, 1024px\" \/><\/figure>","protected":false},"excerpt":{"rendered":"<p>Pe 24 februarie, \u00een cadrul Institu\u021biei Prefectului Jude\u021bului Br\u0103ila a avut loc Conferin\u021ba de \u00eenchidere a proiectului \u201ePutem mai mult \u00cempreun\u0103\u201d. \u00cen cadrul conferin\u021bei au fost publicate rezultatele proiectului ce a fost implementat la nivelul celor patru localit\u0103\u021bi (Viziru, \u0218u\u021be\u0219ti, \u00censur\u0103\u021bei, Br\u0103ila &#8211; cartier Lacu Dulce). Proiectul \u201ePutem mai mult \u00cempreun\u0103\u201d, a reu\u0219it s\u0103 aduc\u0103 o abordare nou\u0103 a problematicii rome la nivelul jude\u021bului Br\u0103ila, prin abordarea cultural-etnic\u0103 \u0219i implicare comunit\u0103\u021bii \u00een rezolvarea problemelor de la nivelul comunit\u0103\u021bii prin intermediul Grupurilor de Ini\u021biativ\u0103 Local\u0103. Obiectivul principal al proiectului a fost realizarea Muzeului Virtual al Romilor, un obiectiv unic \u00een lume\u2026<\/p>","protected":false},"author":3,"featured_media":1634,"comment_status":"open","ping_status":"open","sticky":false,"template":"","format":"standard","meta":{"footnotes":""},"categories":[1],"tags":[],"class_list":["post-1631","post","type-post","status-publish","format-standard","has-post-thumbnail","hentry","category-uncategorized"],"blocksy_meta":{"styles_descriptor":{"styles":{"desktop":"","tablet":"","mobile":""},"google_fonts":[]}},"featured_image_urls_v2":{"full":["https:\/\/www.agentiaimpreuna.ro\/putem-mai-mult\/wp-content\/uploads\/2023\/02\/image-12.png",2048,922,false],"thumbnail":["https:\/\/www.agentiaimpreuna.ro\/putem-mai-mult\/wp-content\/uploads\/2023\/02\/image-12-150x150.png",150,150,true],"medium":["https:\/\/www.agentiaimpreuna.ro\/putem-mai-mult\/wp-content\/uploads\/2023\/02\/image-12-300x135.png",300,135,true],"medium_large":["https:\/\/www.agentiaimpreuna.ro\/putem-mai-mult\/wp-content\/uploads\/2023\/02\/image-12-768x346.png",768,346,true],"large":["https:\/\/www.agentiaimpreuna.ro\/putem-mai-mult\/wp-content\/uploads\/2023\/02\/image-12-1024x461.png",1024,461,true],"1536x1536":["https:\/\/www.agentiaimpreuna.ro\/putem-mai-mult\/wp-content\/uploads\/2023\/02\/image-12-1536x692.png",1536,692,true],"2048x2048":["https:\/\/www.agentiaimpreuna.ro\/putem-mai-mult\/wp-content\/uploads\/2023\/02\/image-12.png",2048,922,false],"trp-custom-language-flag":["https:\/\/www.agentiaimpreuna.ro\/putem-mai-mult\/wp-content\/uploads\/2023\/02\/image-12-18x8.png",18,8,true]},"post_excerpt_stackable_v2":"<p>Pe 24 februarie, \u00een cadrul Institu\u021biei Prefectului Jude\u021bului Br\u0103ila a avut loc Conferin\u021ba de \u00eenchidere a proiectului \u201ePutem mai mult \u00cempreun\u0103\u201d. \u00cen cadrul conferin\u021bei au fost publicate rezultatele proiectului ce a fost implementat la nivelul celor patru localit\u0103\u021bi (Viziru, \u0218u\u021be\u0219ti, \u00censur\u0103\u021bei, Br\u0103ila &#8211; cartier Lacu Dulce). Proiectul \u201ePutem mai mult \u00cempreun\u0103\u201d, a reu\u0219it s\u0103 aduc\u0103 o abordare nou\u0103 a problematicii rome la nivelul jude\u021bului Br\u0103ila, prin abordarea cultural-etnic\u0103 \u0219i implicare comunit\u0103\u021bii \u00een rezolvarea problemelor de la nivelul comunit\u0103\u021bii prin intermediul Grupurilor de Ini\u021biativ\u0103 Local\u0103. Obiectivul principal al proiectului a fost realizarea Muzeului Virtual al Romilor, un obiectiv unic \u00een lume&hellip;<\/p>\n","category_list_v2":"<a href=\"https:\/\/www.agentiaimpreuna.ro\/putem-mai-mult\/en\/category\/uncategorized\/\" rel=\"category tag\">Uncategorized<\/a>","author_info_v2":{"name":"Georgiana","url":"https:\/\/www.agentiaimpreuna.ro\/putem-mai-mult\/en\/author\/georgiana\/"},"comments_num_v2":"0 comments","_links":{"self":[{"href":"https:\/\/www.agentiaimpreuna.ro\/putem-mai-mult\/en\/wp-json\/wp\/v2\/posts\/1631","targetHints":{"allow":["GET"]}}],"collection":[{"href":"https:\/\/www.agentiaimpreuna.ro\/putem-mai-mult\/en\/wp-json\/wp\/v2\/posts"}],"about":[{"href":"https:\/\/www.agentiaimpreuna.ro\/putem-mai-mult\/en\/wp-json\/wp\/v2\/types\/post"}],"author":[{"embeddable":true,"href":"https:\/\/www.agentiaimpreuna.ro\/putem-mai-mult\/en\/wp-json\/wp\/v2\/users\/3"}],"replies":[{"embeddable":true,"href":"https:\/\/www.agentiaimpreuna.ro\/putem-mai-mult\/en\/wp-json\/wp\/v2\/comments?post=1631"}],"version-history":[{"count":1,"href":"https:\/\/www.agentiaimpreuna.ro\/putem-mai-mult\/en\/wp-json\/wp\/v2\/posts\/1631\/revisions"}],"predecessor-version":[{"id":1636,"href":"https:\/\/www.agentiaimpreuna.ro\/putem-mai-mult\/en\/wp-json\/wp\/v2\/posts\/1631\/revisions\/1636"}],"wp:featuredmedia":[{"embeddable":true,"href":"https:\/\/www.agentiaimpreuna.ro\/putem-mai-mult\/en\/wp-json\/wp\/v2\/media\/1634"}],"wp:attachment":[{"href":"https:\/\/www.agentiaimpreuna.ro\/putem-mai-mult\/en\/wp-json\/wp\/v2\/media?parent=1631"}],"wp:term":[{"taxonomy":"category","embeddable":true,"href":"https:\/\/www.agentiaimpreuna.ro\/putem-mai-mult\/en\/wp-json\/wp\/v2\/categories?post=1631"},{"taxonomy":"post_tag","embeddable":true,"href":"https:\/\/www.agentiaimpreuna.ro\/putem-mai-mult\/en\/wp-json\/wp\/v2\/tags?post=1631"}],"curies":[{"name":"wp","href":"https:\/\/api.w.org\/{rel}","templated":true}]}}