{"id":1515,"date":"2022-12-21T14:57:09","date_gmt":"2022-12-21T14:57:09","guid":{"rendered":"https:\/\/www.agentiaimpreuna.ro\/putem-mai-mult\/?p=1515"},"modified":"2022-12-24T09:50:00","modified_gmt":"2022-12-24T09:50:00","slug":"premierea-initiativelor-putem-mai-mult-impreuna-la-gala-de-excelenta-a-comunitatii-brailene","status":"publish","type":"post","link":"https:\/\/www.agentiaimpreuna.ro\/putem-mai-mult\/en\/premierea-initiativelor-putem-mai-mult-impreuna-la-gala-de-excelenta-a-comunitatii-brailene\/","title":{"rendered":"<strong>Awarding the initiatives of \"We can do more together\" at the Gala of Excellence of the Br\u0103ila Community<\/strong>"},"content":{"rendered":"<p>Through all the activities within the project \"We can do more Together\", that we have carried with the help of our partners,  we  wanted to respond to the stringent problems faced by the Roma community in the Romanian society in order to create an inclusive environment and truly open to all.<\/p>\n\n\n\n<p>With the occasion of the Gala of Excellence of the Br\u0103ila Community, the initiatives of our project were awarded with the third place in the category \"art, culture and promoting traditions\", an event attended by our partners from Braila County, the \"Danrom\" F\u0103ureni Association. We are grateful that such projects are visible at the level of the civil society and we hope that we will continue to carry out together initiatives to shape a future that is as friendly as possible with all kinds of diversity.<\/p>\n\n\n\n<p><\/p>\n\n\n\n<figure class=\"wp-block-image size-large\"><img loading=\"lazy\" decoding=\"async\" width=\"1024\" height=\"715\" src=\"https:\/\/www.agentiaimpreuna.ro\/putem-mai-mult\/wp-content\/uploads\/2022\/12\/319678433_538372514848642_4735777603131266008_n-1024x715.jpg\" alt=\"\" class=\"wp-image-1516\" title=\"\" srcset=\"https:\/\/www.agentiaimpreuna.ro\/putem-mai-mult\/wp-content\/uploads\/2022\/12\/319678433_538372514848642_4735777603131266008_n-1024x715.jpg 1024w, https:\/\/www.agentiaimpreuna.ro\/putem-mai-mult\/wp-content\/uploads\/2022\/12\/319678433_538372514848642_4735777603131266008_n-300x209.jpg 300w, https:\/\/www.agentiaimpreuna.ro\/putem-mai-mult\/wp-content\/uploads\/2022\/12\/319678433_538372514848642_4735777603131266008_n-768x536.jpg 768w, https:\/\/www.agentiaimpreuna.ro\/putem-mai-mult\/wp-content\/uploads\/2022\/12\/319678433_538372514848642_4735777603131266008_n-1536x1073.jpg 1536w, https:\/\/www.agentiaimpreuna.ro\/putem-mai-mult\/wp-content\/uploads\/2022\/12\/319678433_538372514848642_4735777603131266008_n-18x12.jpg 18w, https:\/\/www.agentiaimpreuna.ro\/putem-mai-mult\/wp-content\/uploads\/2022\/12\/319678433_538372514848642_4735777603131266008_n.jpg 2048w\" sizes=\"auto, (max-width: 1024px) 100vw, 1024px\" \/><\/figure>\n\n\n\n<figure class=\"wp-block-image size-full\"><img loading=\"lazy\" decoding=\"async\" width=\"960\" height=\"720\" src=\"https:\/\/www.agentiaimpreuna.ro\/putem-mai-mult\/wp-content\/uploads\/2022\/12\/320572489_828207014925651_5040634205144294564_n.jpg\" alt=\"\" class=\"wp-image-1517\" title=\"\" srcset=\"https:\/\/www.agentiaimpreuna.ro\/putem-mai-mult\/wp-content\/uploads\/2022\/12\/320572489_828207014925651_5040634205144294564_n.jpg 960w, https:\/\/www.agentiaimpreuna.ro\/putem-mai-mult\/wp-content\/uploads\/2022\/12\/320572489_828207014925651_5040634205144294564_n-300x225.jpg 300w, https:\/\/www.agentiaimpreuna.ro\/putem-mai-mult\/wp-content\/uploads\/2022\/12\/320572489_828207014925651_5040634205144294564_n-768x576.jpg 768w, https:\/\/www.agentiaimpreuna.ro\/putem-mai-mult\/wp-content\/uploads\/2022\/12\/320572489_828207014925651_5040634205144294564_n-16x12.jpg 16w\" sizes=\"auto, (max-width: 960px) 100vw, 960px\" \/><\/figure>","protected":false},"excerpt":{"rendered":"<p>Prin toate activit\u0103\u021bile din cadrul proiectului \u201ePutem mai mult \u00cempreun\u0103\u201d ne-am propus al\u0103turi de partenerii no\u0219tri din teritoriu s\u0103 r\u0103spundem problemelor stringente pe care le confrunt\u0103 comunitatea rom\u0103 \u00een societatea rom\u00e2n\u0103 cu scopul de a crea un mediu incluziv \u0219i cu adev\u0103rat deschis tuturor. Cu ocazia Galei de Excelen\u021b\u0103 a Comunit\u0103\u021bii Br\u0103ilene ini\u021biativele proiectului nostru au fost premiat cu locul al III-lea la categoria \u201eart\u0103, cultur\u0103 \u0219i promovarea tradi\u021biilor\u201d, eveniment la care au fost prezen\u021bi partenerii no\u0219tri din jude\u021bul Br\u0103ila, Asocia\u021bia \u201eDanrom\u201d F\u0103ureni. Suntem recunosc\u0103tori c\u0103 astfel de proiecte sunt vizibile la nivelul societ\u0103\u021bii civile \u0219i sper\u0103m c\u0103 \u0219i \u00een\u2026<\/p>","protected":false},"author":1,"featured_media":1517,"comment_status":"open","ping_status":"open","sticky":false,"template":"","format":"standard","meta":{"footnotes":""},"categories":[1],"tags":[],"class_list":["post-1515","post","type-post","status-publish","format-standard","has-post-thumbnail","hentry","category-uncategorized"],"blocksy_meta":{"styles_descriptor":{"styles":{"desktop":"","tablet":"","mobile":""},"google_fonts":[]}},"featured_image_urls_v2":{"full":["https:\/\/www.agentiaimpreuna.ro\/putem-mai-mult\/wp-content\/uploads\/2022\/12\/320572489_828207014925651_5040634205144294564_n.jpg",960,720,false],"thumbnail":["https:\/\/www.agentiaimpreuna.ro\/putem-mai-mult\/wp-content\/uploads\/2022\/12\/320572489_828207014925651_5040634205144294564_n-150x150.jpg",150,150,true],"medium":["https:\/\/www.agentiaimpreuna.ro\/putem-mai-mult\/wp-content\/uploads\/2022\/12\/320572489_828207014925651_5040634205144294564_n-300x225.jpg",300,225,true],"medium_large":["https:\/\/www.agentiaimpreuna.ro\/putem-mai-mult\/wp-content\/uploads\/2022\/12\/320572489_828207014925651_5040634205144294564_n-768x576.jpg",768,576,true],"large":["https:\/\/www.agentiaimpreuna.ro\/putem-mai-mult\/wp-content\/uploads\/2022\/12\/320572489_828207014925651_5040634205144294564_n.jpg",960,720,false],"1536x1536":["https:\/\/www.agentiaimpreuna.ro\/putem-mai-mult\/wp-content\/uploads\/2022\/12\/320572489_828207014925651_5040634205144294564_n.jpg",960,720,false],"2048x2048":["https:\/\/www.agentiaimpreuna.ro\/putem-mai-mult\/wp-content\/uploads\/2022\/12\/320572489_828207014925651_5040634205144294564_n.jpg",960,720,false],"trp-custom-language-flag":["https:\/\/www.agentiaimpreuna.ro\/putem-mai-mult\/wp-content\/uploads\/2022\/12\/320572489_828207014925651_5040634205144294564_n-16x12.jpg",16,12,true]},"post_excerpt_stackable_v2":"<p>Prin toate activit\u0103\u021bile din cadrul proiectului \u201ePutem mai mult \u00cempreun\u0103\u201d ne-am propus al\u0103turi de partenerii no\u0219tri din teritoriu s\u0103 r\u0103spundem problemelor stringente pe care le confrunt\u0103 comunitatea rom\u0103 \u00een societatea rom\u00e2n\u0103 cu scopul de a crea un mediu incluziv \u0219i cu adev\u0103rat deschis tuturor. Cu ocazia Galei de Excelen\u021b\u0103 a Comunit\u0103\u021bii Br\u0103ilene ini\u021biativele proiectului nostru au fost premiat cu locul al III-lea la categoria \u201eart\u0103, cultur\u0103 \u0219i promovarea tradi\u021biilor\u201d, eveniment la care au fost prezen\u021bi partenerii no\u0219tri din jude\u021bul Br\u0103ila, Asocia\u021bia \u201eDanrom\u201d F\u0103ureni. Suntem recunosc\u0103tori c\u0103 astfel de proiecte sunt vizibile la nivelul societ\u0103\u021bii civile \u0219i sper\u0103m c\u0103 \u0219i \u00een&hellip;<\/p>\n","category_list_v2":"<a href=\"https:\/\/www.agentiaimpreuna.ro\/putem-mai-mult\/en\/category\/uncategorized\/\" rel=\"category tag\">Uncategorized<\/a>","author_info_v2":{"name":"agenadmin","url":"https:\/\/www.agentiaimpreuna.ro\/putem-mai-mult\/en\/author\/agenadmin\/"},"comments_num_v2":"0 comments","_links":{"self":[{"href":"https:\/\/www.agentiaimpreuna.ro\/putem-mai-mult\/en\/wp-json\/wp\/v2\/posts\/1515","targetHints":{"allow":["GET"]}}],"collection":[{"href":"https:\/\/www.agentiaimpreuna.ro\/putem-mai-mult\/en\/wp-json\/wp\/v2\/posts"}],"about":[{"href":"https:\/\/www.agentiaimpreuna.ro\/putem-mai-mult\/en\/wp-json\/wp\/v2\/types\/post"}],"author":[{"embeddable":true,"href":"https:\/\/www.agentiaimpreuna.ro\/putem-mai-mult\/en\/wp-json\/wp\/v2\/users\/1"}],"replies":[{"embeddable":true,"href":"https:\/\/www.agentiaimpreuna.ro\/putem-mai-mult\/en\/wp-json\/wp\/v2\/comments?post=1515"}],"version-history":[{"count":1,"href":"https:\/\/www.agentiaimpreuna.ro\/putem-mai-mult\/en\/wp-json\/wp\/v2\/posts\/1515\/revisions"}],"predecessor-version":[{"id":1518,"href":"https:\/\/www.agentiaimpreuna.ro\/putem-mai-mult\/en\/wp-json\/wp\/v2\/posts\/1515\/revisions\/1518"}],"wp:featuredmedia":[{"embeddable":true,"href":"https:\/\/www.agentiaimpreuna.ro\/putem-mai-mult\/en\/wp-json\/wp\/v2\/media\/1517"}],"wp:attachment":[{"href":"https:\/\/www.agentiaimpreuna.ro\/putem-mai-mult\/en\/wp-json\/wp\/v2\/media?parent=1515"}],"wp:term":[{"taxonomy":"category","embeddable":true,"href":"https:\/\/www.agentiaimpreuna.ro\/putem-mai-mult\/en\/wp-json\/wp\/v2\/categories?post=1515"},{"taxonomy":"post_tag","embeddable":true,"href":"https:\/\/www.agentiaimpreuna.ro\/putem-mai-mult\/en\/wp-json\/wp\/v2\/tags?post=1515"}],"curies":[{"name":"wp","href":"https:\/\/api.w.org\/{rel}","templated":true}]}}