{"id":1103,"date":"2023-05-22T13:19:16","date_gmt":"2023-05-22T13:19:16","guid":{"rendered":"https:\/\/www.agentiaimpreuna.ro\/invatamant-universitar-incluziv\/?p=1103"},"modified":"2023-06-13T12:07:27","modified_gmt":"2023-06-13T12:07:27","slug":"comunitatea-studentilor-in-bucuresti-la-mare","status":"publish","type":"post","link":"https:\/\/www.agentiaimpreuna.ro\/invatamant-universitar-incluziv\/comunitatea-studentilor-in-bucuresti-la-mare\/","title":{"rendered":"Comunitatea studen\u021bilor \u00een Bucure\u0219ti&#8230; la mare"},"content":{"rendered":"\n<p>Alte c\u00e2teva vederi din weekendul nostru la mare, \u00eent\u00e2lnire \u00een cadrul <a href=\"https:\/\/www.facebook.com\/InvatamantUniversitarIncluziv?__cft__[0]=AZV7oDoPGH_KbnWjuKob9KQyUuostEeHJp0iFU3jLLAM1q03MYBEgSauSdJZMiPeLfwtN_-i-koYBpWLRNJFmfxcJENSgJedDu4wbaLsok4_0p0Qk2AuevE2XKyUX5Uegoc&amp;__tn__=-]K-R\" target=\"_blank\" rel=\"noreferrer noopener\">Advocacy pentru un \u00eenv\u0103\u021b\u0103m\u00e2nt universitar incluziv<\/a><img loading=\"lazy\" decoding=\"async\" height=\"16\" width=\"16\" alt=\"\ud83d\udcf8\" src=\"https:\/\/static.xx.fbcdn.net\/images\/emoji.php\/v9\/t7d\/2\/16\/1f4f8.png\">.<\/p>\n\n\n\n<p>Aproape 20 de studen\u021bi am umplut camerele unui hotel cu vedere la mare \u0219i ne-am dat timp s\u0103 ne scoatem la o cafea \u201ede cunoa\u0219tere\u201d a pove\u0219tilor celor de l\u00e2ng\u0103 noi, s\u0103 dezbatem \u0219i s\u0103 deschidem dialoguri despre propriile prejudec\u0103\u021bi, s\u0103 scriem despre temerile \u0219i sl\u0103biciunile noastre. Dou\u0103 zile \u00een care fiecare ne-am luat lec\u021biile \u0219i pove\u0219tile de care am avut nevoie.<\/p>\n\n\n\n<figure class=\"wp-block-gallery has-nested-images columns-default is-cropped wp-block-gallery-1 is-layout-flex wp-block-gallery-is-layout-flex\">\n<figure class=\"wp-block-image size-large\"><img loading=\"lazy\" decoding=\"async\" width=\"768\" height=\"1024\" data-id=\"1104\" src=\"https:\/\/www.agentiaimpreuna.ro\/invatamant-universitar-incluziv\/wp-content\/uploads\/2023\/05\/WhatsApp-Image-2023-05-22-at-14.58.45-1-768x1024.jpeg\" alt=\"\" class=\"wp-image-1104\" srcset=\"https:\/\/www.agentiaimpreuna.ro\/invatamant-universitar-incluziv\/wp-content\/uploads\/2023\/05\/WhatsApp-Image-2023-05-22-at-14.58.45-1-768x1024.jpeg 768w, https:\/\/www.agentiaimpreuna.ro\/invatamant-universitar-incluziv\/wp-content\/uploads\/2023\/05\/WhatsApp-Image-2023-05-22-at-14.58.45-1-225x300.jpeg 225w, https:\/\/www.agentiaimpreuna.ro\/invatamant-universitar-incluziv\/wp-content\/uploads\/2023\/05\/WhatsApp-Image-2023-05-22-at-14.58.45-1-1152x1536.jpeg 1152w, https:\/\/www.agentiaimpreuna.ro\/invatamant-universitar-incluziv\/wp-content\/uploads\/2023\/05\/WhatsApp-Image-2023-05-22-at-14.58.45-1.jpeg 1536w\" sizes=\"auto, (max-width: 768px) 100vw, 768px\" \/><\/figure>\n\n\n\n<figure class=\"wp-block-image size-large\"><img loading=\"lazy\" decoding=\"async\" width=\"768\" height=\"1024\" data-id=\"1105\" src=\"https:\/\/www.agentiaimpreuna.ro\/invatamant-universitar-incluziv\/wp-content\/uploads\/2023\/05\/WhatsApp-Image-2023-05-22-at-14.58.56-768x1024.jpeg\" alt=\"\" class=\"wp-image-1105\" srcset=\"https:\/\/www.agentiaimpreuna.ro\/invatamant-universitar-incluziv\/wp-content\/uploads\/2023\/05\/WhatsApp-Image-2023-05-22-at-14.58.56-768x1024.jpeg 768w, https:\/\/www.agentiaimpreuna.ro\/invatamant-universitar-incluziv\/wp-content\/uploads\/2023\/05\/WhatsApp-Image-2023-05-22-at-14.58.56-225x300.jpeg 225w, https:\/\/www.agentiaimpreuna.ro\/invatamant-universitar-incluziv\/wp-content\/uploads\/2023\/05\/WhatsApp-Image-2023-05-22-at-14.58.56-1152x1536.jpeg 1152w, https:\/\/www.agentiaimpreuna.ro\/invatamant-universitar-incluziv\/wp-content\/uploads\/2023\/05\/WhatsApp-Image-2023-05-22-at-14.58.56.jpeg 1536w\" sizes=\"auto, (max-width: 768px) 100vw, 768px\" \/><\/figure>\n\n\n\n<figure class=\"wp-block-image size-large\"><img loading=\"lazy\" decoding=\"async\" width=\"1024\" height=\"768\" data-id=\"1106\" src=\"https:\/\/www.agentiaimpreuna.ro\/invatamant-universitar-incluziv\/wp-content\/uploads\/2023\/05\/WhatsApp-Image-2023-05-22-at-14.59.58-1024x768.jpeg\" alt=\"\" class=\"wp-image-1106\" srcset=\"https:\/\/www.agentiaimpreuna.ro\/invatamant-universitar-incluziv\/wp-content\/uploads\/2023\/05\/WhatsApp-Image-2023-05-22-at-14.59.58-1024x768.jpeg 1024w, https:\/\/www.agentiaimpreuna.ro\/invatamant-universitar-incluziv\/wp-content\/uploads\/2023\/05\/WhatsApp-Image-2023-05-22-at-14.59.58-300x225.jpeg 300w, https:\/\/www.agentiaimpreuna.ro\/invatamant-universitar-incluziv\/wp-content\/uploads\/2023\/05\/WhatsApp-Image-2023-05-22-at-14.59.58-768x576.jpeg 768w, https:\/\/www.agentiaimpreuna.ro\/invatamant-universitar-incluziv\/wp-content\/uploads\/2023\/05\/WhatsApp-Image-2023-05-22-at-14.59.58-1536x1152.jpeg 1536w, https:\/\/www.agentiaimpreuna.ro\/invatamant-universitar-incluziv\/wp-content\/uploads\/2023\/05\/WhatsApp-Image-2023-05-22-at-14.59.58.jpeg 2048w\" sizes=\"auto, (max-width: 1024px) 100vw, 1024px\" \/><\/figure>\n\n\n\n<figure class=\"wp-block-image size-large\"><img loading=\"lazy\" decoding=\"async\" width=\"768\" height=\"1024\" data-id=\"1108\" src=\"https:\/\/www.agentiaimpreuna.ro\/invatamant-universitar-incluziv\/wp-content\/uploads\/2023\/05\/WhatsApp-Image-2023-05-22-at-15.00.00-768x1024.jpeg\" alt=\"\" class=\"wp-image-1108\" srcset=\"https:\/\/www.agentiaimpreuna.ro\/invatamant-universitar-incluziv\/wp-content\/uploads\/2023\/05\/WhatsApp-Image-2023-05-22-at-15.00.00-768x1024.jpeg 768w, https:\/\/www.agentiaimpreuna.ro\/invatamant-universitar-incluziv\/wp-content\/uploads\/2023\/05\/WhatsApp-Image-2023-05-22-at-15.00.00-225x300.jpeg 225w, https:\/\/www.agentiaimpreuna.ro\/invatamant-universitar-incluziv\/wp-content\/uploads\/2023\/05\/WhatsApp-Image-2023-05-22-at-15.00.00-1152x1536.jpeg 1152w, https:\/\/www.agentiaimpreuna.ro\/invatamant-universitar-incluziv\/wp-content\/uploads\/2023\/05\/WhatsApp-Image-2023-05-22-at-15.00.00.jpeg 1536w\" sizes=\"auto, (max-width: 768px) 100vw, 768px\" \/><\/figure>\n\n\n\n<figure class=\"wp-block-image size-large\"><img loading=\"lazy\" decoding=\"async\" width=\"1024\" height=\"768\" data-id=\"1107\" src=\"https:\/\/www.agentiaimpreuna.ro\/invatamant-universitar-incluziv\/wp-content\/uploads\/2023\/05\/WhatsApp-Image-2023-05-22-at-15.00.01-1024x768.jpeg\" alt=\"\" class=\"wp-image-1107\" srcset=\"https:\/\/www.agentiaimpreuna.ro\/invatamant-universitar-incluziv\/wp-content\/uploads\/2023\/05\/WhatsApp-Image-2023-05-22-at-15.00.01-1024x768.jpeg 1024w, https:\/\/www.agentiaimpreuna.ro\/invatamant-universitar-incluziv\/wp-content\/uploads\/2023\/05\/WhatsApp-Image-2023-05-22-at-15.00.01-300x225.jpeg 300w, https:\/\/www.agentiaimpreuna.ro\/invatamant-universitar-incluziv\/wp-content\/uploads\/2023\/05\/WhatsApp-Image-2023-05-22-at-15.00.01-768x576.jpeg 768w, https:\/\/www.agentiaimpreuna.ro\/invatamant-universitar-incluziv\/wp-content\/uploads\/2023\/05\/WhatsApp-Image-2023-05-22-at-15.00.01-1536x1152.jpeg 1536w, https:\/\/www.agentiaimpreuna.ro\/invatamant-universitar-incluziv\/wp-content\/uploads\/2023\/05\/WhatsApp-Image-2023-05-22-at-15.00.01.jpeg 2048w\" sizes=\"auto, (max-width: 1024px) 100vw, 1024px\" \/><\/figure>\n\n\n\n<figure class=\"wp-block-image size-large\"><img loading=\"lazy\" decoding=\"async\" width=\"768\" height=\"1024\" data-id=\"1109\" src=\"https:\/\/www.agentiaimpreuna.ro\/invatamant-universitar-incluziv\/wp-content\/uploads\/2023\/05\/WhatsApp-Image-2023-05-22-at-15.00.06-768x1024.jpeg\" alt=\"\" class=\"wp-image-1109\" srcset=\"https:\/\/www.agentiaimpreuna.ro\/invatamant-universitar-incluziv\/wp-content\/uploads\/2023\/05\/WhatsApp-Image-2023-05-22-at-15.00.06-768x1024.jpeg 768w, https:\/\/www.agentiaimpreuna.ro\/invatamant-universitar-incluziv\/wp-content\/uploads\/2023\/05\/WhatsApp-Image-2023-05-22-at-15.00.06-225x300.jpeg 225w, https:\/\/www.agentiaimpreuna.ro\/invatamant-universitar-incluziv\/wp-content\/uploads\/2023\/05\/WhatsApp-Image-2023-05-22-at-15.00.06-1152x1536.jpeg 1152w, https:\/\/www.agentiaimpreuna.ro\/invatamant-universitar-incluziv\/wp-content\/uploads\/2023\/05\/WhatsApp-Image-2023-05-22-at-15.00.06.jpeg 1536w\" sizes=\"auto, (max-width: 768px) 100vw, 768px\" \/><\/figure>\n\n\n\n<figure class=\"wp-block-image size-large\"><img loading=\"lazy\" decoding=\"async\" width=\"768\" height=\"1024\" data-id=\"1110\" src=\"https:\/\/www.agentiaimpreuna.ro\/invatamant-universitar-incluziv\/wp-content\/uploads\/2023\/05\/WhatsApp-Image-2023-05-22-at-15.27.11-768x1024.jpeg\" alt=\"\" class=\"wp-image-1110\" srcset=\"https:\/\/www.agentiaimpreuna.ro\/invatamant-universitar-incluziv\/wp-content\/uploads\/2023\/05\/WhatsApp-Image-2023-05-22-at-15.27.11-768x1024.jpeg 768w, https:\/\/www.agentiaimpreuna.ro\/invatamant-universitar-incluziv\/wp-content\/uploads\/2023\/05\/WhatsApp-Image-2023-05-22-at-15.27.11-225x300.jpeg 225w, https:\/\/www.agentiaimpreuna.ro\/invatamant-universitar-incluziv\/wp-content\/uploads\/2023\/05\/WhatsApp-Image-2023-05-22-at-15.27.11-1152x1536.jpeg 1152w, https:\/\/www.agentiaimpreuna.ro\/invatamant-universitar-incluziv\/wp-content\/uploads\/2023\/05\/WhatsApp-Image-2023-05-22-at-15.27.11.jpeg 1536w\" sizes=\"auto, (max-width: 768px) 100vw, 768px\" \/><\/figure>\n<\/figure>\n","protected":false},"excerpt":{"rendered":"<p>Alte c\u00e2teva vederi din weekendul nostru la mare, \u00eent\u00e2lnire \u00een cadrul Advocacy pentru un \u00eenv\u0103\u021b\u0103m\u00e2nt universitar incluziv. Aproape 20 de studen\u021bi am umplut camerele unui hotel cu vedere la mare \u0219i ne-am dat timp s\u0103 ne scoatem la o cafea \u201ede cunoa\u0219tere\u201d a pove\u0219tilor celor de l\u00e2ng\u0103 noi, s\u0103 dezbatem \u0219i s\u0103 deschidem dialoguri despre propriile prejudec\u0103\u021bi, s\u0103 scriem despre temerile \u0219i sl\u0103biciunile noastre. Dou\u0103 zile \u00een care fiecare ne-am luat lec\u021biile \u0219i pove\u0219tile de care am avut nevoie.<\/p>\n","protected":false},"author":1,"featured_media":1105,"comment_status":"open","ping_status":"open","sticky":false,"template":"","format":"standard","meta":{"footnotes":""},"categories":[1],"tags":[],"class_list":["post-1103","post","type-post","status-publish","format-standard","has-post-thumbnail","hentry","category-necategorizat"],"blocksy_meta":{"styles_descriptor":{"styles":{"desktop":"","tablet":"","mobile":""},"google_fonts":[],"version":5}},"_links":{"self":[{"href":"https:\/\/www.agentiaimpreuna.ro\/invatamant-universitar-incluziv\/wp-json\/wp\/v2\/posts\/1103","targetHints":{"allow":["GET"]}}],"collection":[{"href":"https:\/\/www.agentiaimpreuna.ro\/invatamant-universitar-incluziv\/wp-json\/wp\/v2\/posts"}],"about":[{"href":"https:\/\/www.agentiaimpreuna.ro\/invatamant-universitar-incluziv\/wp-json\/wp\/v2\/types\/post"}],"author":[{"embeddable":true,"href":"https:\/\/www.agentiaimpreuna.ro\/invatamant-universitar-incluziv\/wp-json\/wp\/v2\/users\/1"}],"replies":[{"embeddable":true,"href":"https:\/\/www.agentiaimpreuna.ro\/invatamant-universitar-incluziv\/wp-json\/wp\/v2\/comments?post=1103"}],"version-history":[{"count":1,"href":"https:\/\/www.agentiaimpreuna.ro\/invatamant-universitar-incluziv\/wp-json\/wp\/v2\/posts\/1103\/revisions"}],"predecessor-version":[{"id":1111,"href":"https:\/\/www.agentiaimpreuna.ro\/invatamant-universitar-incluziv\/wp-json\/wp\/v2\/posts\/1103\/revisions\/1111"}],"wp:featuredmedia":[{"embeddable":true,"href":"https:\/\/www.agentiaimpreuna.ro\/invatamant-universitar-incluziv\/wp-json\/wp\/v2\/media\/1105"}],"wp:attachment":[{"href":"https:\/\/www.agentiaimpreuna.ro\/invatamant-universitar-incluziv\/wp-json\/wp\/v2\/media?parent=1103"}],"wp:term":[{"taxonomy":"category","embeddable":true,"href":"https:\/\/www.agentiaimpreuna.ro\/invatamant-universitar-incluziv\/wp-json\/wp\/v2\/categories?post=1103"},{"taxonomy":"post_tag","embeddable":true,"href":"https:\/\/www.agentiaimpreuna.ro\/invatamant-universitar-incluziv\/wp-json\/wp\/v2\/tags?post=1103"}],"curies":[{"name":"wp","href":"https:\/\/api.w.org\/{rel}","templated":true}]}}