{"id":1085,"date":"2023-05-22T11:24:30","date_gmt":"2023-05-22T11:24:30","guid":{"rendered":"https:\/\/www.agentiaimpreuna.ro\/invatamant-universitar-incluziv\/?p=1085"},"modified":"2023-06-13T12:29:18","modified_gmt":"2023-06-13T12:29:18","slug":"comunitatea-studentilor-impreuna-la-mare","status":"publish","type":"post","link":"https:\/\/www.agentiaimpreuna.ro\/invatamant-universitar-incluziv\/comunitatea-studentilor-impreuna-la-mare\/","title":{"rendered":"Comunitatea studen\u021bilor \u00eempreun\u0103&#8230; la mare"},"content":{"rendered":"\n<p>Weekendul \u0103sta am plecat la mare \u00een ga\u0219c\u0103, al\u0103turi de comunitatea studen\u021bilor \u00een Bucure\u0219ti, pe care am creat-o \u00een ultimele luni \u0219i al\u0103turi de care am tot lucrat. Ne-am bucurat de vremea frumoas\u0103 de mai (\u0219i de prima vizit\u0103 la mare pe anul \u0103sta, pentru unii dintre noi), dar \u0219i c\u0103 studen\u021bi de la facult\u0103\u021bi de psihologie, asisten\u021b\u0103 social\u0103, geografie, limbi \u0219i literaturi str\u0103ine sau ASE au avut un context \u00een care s\u0103 povesteasc\u0103 despre ce le st\u0103 pe cap, despre \u00eenceputuri, despre facultate, vacan\u021be, familie, propria identitatate \u0219i cine sunt, de fapt, c\u00e2nd nu se uit\u0103 nimeni.<\/p>\n\n\n\n<p>Ne-am jucat \u0219i am r\u00e2s mult (mai ales la jocul de Activity de sear\u0103, nu d\u0103m spoilere), dar am atins \u0219i puncte despre istoria romilor, despre stereotipuri \u0219i prejudec\u0103\u021bi, despre incluziune \u0219i echitate. \u0218i despre cum putem lucra \u00een viitor \u00eempreun\u0103 \u00een campaniile \u0219i activit\u0103\u021bile noastre, pentru c\u0103 ne dorim s\u0103 mai auzim vocile lor de acum \u00eenainte.<\/p>\n\n\n\n<figure class=\"wp-block-gallery has-nested-images columns-default is-cropped wp-block-gallery-1 is-layout-flex wp-block-gallery-is-layout-flex\">\n<figure class=\"wp-block-image size-large\"><img loading=\"lazy\" decoding=\"async\" width=\"1024\" height=\"768\" data-id=\"1098\" src=\"https:\/\/www.agentiaimpreuna.ro\/invatamant-universitar-incluziv\/wp-content\/uploads\/2023\/05\/WhatsApp-Image-2023-05-22-at-09.55.16-1024x768.jpeg\" alt=\"\" class=\"wp-image-1098\" srcset=\"https:\/\/www.agentiaimpreuna.ro\/invatamant-universitar-incluziv\/wp-content\/uploads\/2023\/05\/WhatsApp-Image-2023-05-22-at-09.55.16-1024x768.jpeg 1024w, https:\/\/www.agentiaimpreuna.ro\/invatamant-universitar-incluziv\/wp-content\/uploads\/2023\/05\/WhatsApp-Image-2023-05-22-at-09.55.16-300x225.jpeg 300w, https:\/\/www.agentiaimpreuna.ro\/invatamant-universitar-incluziv\/wp-content\/uploads\/2023\/05\/WhatsApp-Image-2023-05-22-at-09.55.16-768x576.jpeg 768w, https:\/\/www.agentiaimpreuna.ro\/invatamant-universitar-incluziv\/wp-content\/uploads\/2023\/05\/WhatsApp-Image-2023-05-22-at-09.55.16-1536x1152.jpeg 1536w, https:\/\/www.agentiaimpreuna.ro\/invatamant-universitar-incluziv\/wp-content\/uploads\/2023\/05\/WhatsApp-Image-2023-05-22-at-09.55.16.jpeg 2048w\" sizes=\"auto, (max-width: 1024px) 100vw, 1024px\" \/><\/figure>\n\n\n\n<figure class=\"wp-block-image size-large\"><img loading=\"lazy\" decoding=\"async\" width=\"1024\" height=\"768\" data-id=\"1095\" src=\"https:\/\/www.agentiaimpreuna.ro\/invatamant-universitar-incluziv\/wp-content\/uploads\/2023\/05\/WhatsApp-Image-2023-05-22-at-09.55.18-1-1024x768.jpeg\" alt=\"\" class=\"wp-image-1095\" srcset=\"https:\/\/www.agentiaimpreuna.ro\/invatamant-universitar-incluziv\/wp-content\/uploads\/2023\/05\/WhatsApp-Image-2023-05-22-at-09.55.18-1-1024x768.jpeg 1024w, https:\/\/www.agentiaimpreuna.ro\/invatamant-universitar-incluziv\/wp-content\/uploads\/2023\/05\/WhatsApp-Image-2023-05-22-at-09.55.18-1-300x225.jpeg 300w, https:\/\/www.agentiaimpreuna.ro\/invatamant-universitar-incluziv\/wp-content\/uploads\/2023\/05\/WhatsApp-Image-2023-05-22-at-09.55.18-1-768x576.jpeg 768w, https:\/\/www.agentiaimpreuna.ro\/invatamant-universitar-incluziv\/wp-content\/uploads\/2023\/05\/WhatsApp-Image-2023-05-22-at-09.55.18-1-1536x1152.jpeg 1536w, https:\/\/www.agentiaimpreuna.ro\/invatamant-universitar-incluziv\/wp-content\/uploads\/2023\/05\/WhatsApp-Image-2023-05-22-at-09.55.18-1.jpeg 2048w\" sizes=\"auto, (max-width: 1024px) 100vw, 1024px\" \/><\/figure>\n\n\n\n<figure class=\"wp-block-image size-large\"><img loading=\"lazy\" decoding=\"async\" width=\"1024\" height=\"768\" data-id=\"1096\" src=\"https:\/\/www.agentiaimpreuna.ro\/invatamant-universitar-incluziv\/wp-content\/uploads\/2023\/05\/WhatsApp-Image-2023-05-22-at-09.55.18-2-1024x768.jpeg\" alt=\"\" class=\"wp-image-1096\" srcset=\"https:\/\/www.agentiaimpreuna.ro\/invatamant-universitar-incluziv\/wp-content\/uploads\/2023\/05\/WhatsApp-Image-2023-05-22-at-09.55.18-2-1024x768.jpeg 1024w, https:\/\/www.agentiaimpreuna.ro\/invatamant-universitar-incluziv\/wp-content\/uploads\/2023\/05\/WhatsApp-Image-2023-05-22-at-09.55.18-2-300x225.jpeg 300w, https:\/\/www.agentiaimpreuna.ro\/invatamant-universitar-incluziv\/wp-content\/uploads\/2023\/05\/WhatsApp-Image-2023-05-22-at-09.55.18-2-768x576.jpeg 768w, https:\/\/www.agentiaimpreuna.ro\/invatamant-universitar-incluziv\/wp-content\/uploads\/2023\/05\/WhatsApp-Image-2023-05-22-at-09.55.18-2-1536x1152.jpeg 1536w, https:\/\/www.agentiaimpreuna.ro\/invatamant-universitar-incluziv\/wp-content\/uploads\/2023\/05\/WhatsApp-Image-2023-05-22-at-09.55.18-2.jpeg 2048w\" sizes=\"auto, (max-width: 1024px) 100vw, 1024px\" \/><\/figure>\n\n\n\n<figure class=\"wp-block-image size-large\"><img loading=\"lazy\" decoding=\"async\" width=\"1024\" height=\"768\" data-id=\"1094\" src=\"https:\/\/www.agentiaimpreuna.ro\/invatamant-universitar-incluziv\/wp-content\/uploads\/2023\/05\/WhatsApp-Image-2023-05-22-at-09.55.18-1024x768.jpeg\" alt=\"\" class=\"wp-image-1094\" srcset=\"https:\/\/www.agentiaimpreuna.ro\/invatamant-universitar-incluziv\/wp-content\/uploads\/2023\/05\/WhatsApp-Image-2023-05-22-at-09.55.18-1024x768.jpeg 1024w, https:\/\/www.agentiaimpreuna.ro\/invatamant-universitar-incluziv\/wp-content\/uploads\/2023\/05\/WhatsApp-Image-2023-05-22-at-09.55.18-300x225.jpeg 300w, https:\/\/www.agentiaimpreuna.ro\/invatamant-universitar-incluziv\/wp-content\/uploads\/2023\/05\/WhatsApp-Image-2023-05-22-at-09.55.18-768x576.jpeg 768w, https:\/\/www.agentiaimpreuna.ro\/invatamant-universitar-incluziv\/wp-content\/uploads\/2023\/05\/WhatsApp-Image-2023-05-22-at-09.55.18-1536x1152.jpeg 1536w, https:\/\/www.agentiaimpreuna.ro\/invatamant-universitar-incluziv\/wp-content\/uploads\/2023\/05\/WhatsApp-Image-2023-05-22-at-09.55.18.jpeg 2048w\" sizes=\"auto, (max-width: 1024px) 100vw, 1024px\" \/><\/figure>\n\n\n\n<figure class=\"wp-block-image size-large\"><img loading=\"lazy\" decoding=\"async\" width=\"1024\" height=\"768\" data-id=\"1097\" src=\"https:\/\/www.agentiaimpreuna.ro\/invatamant-universitar-incluziv\/wp-content\/uploads\/2023\/05\/WhatsApp-Image-2023-05-22-at-09.55.19-1024x768.jpeg\" alt=\"\" class=\"wp-image-1097\" srcset=\"https:\/\/www.agentiaimpreuna.ro\/invatamant-universitar-incluziv\/wp-content\/uploads\/2023\/05\/WhatsApp-Image-2023-05-22-at-09.55.19-1024x768.jpeg 1024w, https:\/\/www.agentiaimpreuna.ro\/invatamant-universitar-incluziv\/wp-content\/uploads\/2023\/05\/WhatsApp-Image-2023-05-22-at-09.55.19-300x225.jpeg 300w, https:\/\/www.agentiaimpreuna.ro\/invatamant-universitar-incluziv\/wp-content\/uploads\/2023\/05\/WhatsApp-Image-2023-05-22-at-09.55.19-768x576.jpeg 768w, https:\/\/www.agentiaimpreuna.ro\/invatamant-universitar-incluziv\/wp-content\/uploads\/2023\/05\/WhatsApp-Image-2023-05-22-at-09.55.19-1536x1152.jpeg 1536w, https:\/\/www.agentiaimpreuna.ro\/invatamant-universitar-incluziv\/wp-content\/uploads\/2023\/05\/WhatsApp-Image-2023-05-22-at-09.55.19.jpeg 2048w\" sizes=\"auto, (max-width: 1024px) 100vw, 1024px\" \/><\/figure>\n\n\n\n<figure class=\"wp-block-image size-large\"><img loading=\"lazy\" decoding=\"async\" width=\"1024\" height=\"768\" data-id=\"1099\" src=\"https:\/\/www.agentiaimpreuna.ro\/invatamant-universitar-incluziv\/wp-content\/uploads\/2023\/05\/WhatsApp-Image-2023-05-22-at-09.55.20-1024x768.jpeg\" alt=\"\" class=\"wp-image-1099\" srcset=\"https:\/\/www.agentiaimpreuna.ro\/invatamant-universitar-incluziv\/wp-content\/uploads\/2023\/05\/WhatsApp-Image-2023-05-22-at-09.55.20-1024x768.jpeg 1024w, https:\/\/www.agentiaimpreuna.ro\/invatamant-universitar-incluziv\/wp-content\/uploads\/2023\/05\/WhatsApp-Image-2023-05-22-at-09.55.20-300x225.jpeg 300w, https:\/\/www.agentiaimpreuna.ro\/invatamant-universitar-incluziv\/wp-content\/uploads\/2023\/05\/WhatsApp-Image-2023-05-22-at-09.55.20-768x576.jpeg 768w, https:\/\/www.agentiaimpreuna.ro\/invatamant-universitar-incluziv\/wp-content\/uploads\/2023\/05\/WhatsApp-Image-2023-05-22-at-09.55.20-1536x1152.jpeg 1536w, https:\/\/www.agentiaimpreuna.ro\/invatamant-universitar-incluziv\/wp-content\/uploads\/2023\/05\/WhatsApp-Image-2023-05-22-at-09.55.20.jpeg 2048w\" sizes=\"auto, (max-width: 1024px) 100vw, 1024px\" \/><\/figure>\n\n\n\n<figure class=\"wp-block-image size-large\"><img loading=\"lazy\" decoding=\"async\" width=\"1024\" height=\"768\" data-id=\"1093\" src=\"https:\/\/www.agentiaimpreuna.ro\/invatamant-universitar-incluziv\/wp-content\/uploads\/2023\/05\/c0efa6d9-4c0f-4374-ae81-fe93d5387c9b-1-1024x768.jpg\" alt=\"\" class=\"wp-image-1093\" srcset=\"https:\/\/www.agentiaimpreuna.ro\/invatamant-universitar-incluziv\/wp-content\/uploads\/2023\/05\/c0efa6d9-4c0f-4374-ae81-fe93d5387c9b-1-1024x768.jpg 1024w, https:\/\/www.agentiaimpreuna.ro\/invatamant-universitar-incluziv\/wp-content\/uploads\/2023\/05\/c0efa6d9-4c0f-4374-ae81-fe93d5387c9b-1-300x225.jpg 300w, https:\/\/www.agentiaimpreuna.ro\/invatamant-universitar-incluziv\/wp-content\/uploads\/2023\/05\/c0efa6d9-4c0f-4374-ae81-fe93d5387c9b-1-768x576.jpg 768w, https:\/\/www.agentiaimpreuna.ro\/invatamant-universitar-incluziv\/wp-content\/uploads\/2023\/05\/c0efa6d9-4c0f-4374-ae81-fe93d5387c9b-1-1536x1152.jpg 1536w, https:\/\/www.agentiaimpreuna.ro\/invatamant-universitar-incluziv\/wp-content\/uploads\/2023\/05\/c0efa6d9-4c0f-4374-ae81-fe93d5387c9b-1.jpg 1600w\" sizes=\"auto, (max-width: 1024px) 100vw, 1024px\" \/><\/figure>\n<\/figure>\n","protected":false},"excerpt":{"rendered":"<p>Weekendul \u0103sta am plecat la mare \u00een ga\u0219c\u0103, al\u0103turi de comunitatea studen\u021bilor \u00een Bucure\u0219ti, pe care am creat-o \u00een ultimele luni \u0219i al\u0103turi de care am tot lucrat. Ne-am bucurat de vremea frumoas\u0103 de mai (\u0219i de prima vizit\u0103 la mare pe anul \u0103sta, pentru unii dintre noi), dar \u0219i c\u0103 studen\u021bi de la facult\u0103\u021bi de psihologie, asisten\u021b\u0103 social\u0103, geografie, limbi \u0219i literaturi str\u0103ine sau ASE au avut un context \u00een care s\u0103 povesteasc\u0103 despre ce le st\u0103 pe cap, despre \u00eenceputuri, despre facultate, vacan\u021be, familie, propria identitatate \u0219i cine sunt, de fapt, c\u00e2nd nu se uit\u0103 nimeni. Ne-am jucat\u2026<\/p>\n","protected":false},"author":1,"featured_media":1096,"comment_status":"open","ping_status":"open","sticky":false,"template":"","format":"standard","meta":{"footnotes":""},"categories":[1],"tags":[],"class_list":["post-1085","post","type-post","status-publish","format-standard","has-post-thumbnail","hentry","category-necategorizat"],"blocksy_meta":{"styles_descriptor":{"styles":{"desktop":"","tablet":"","mobile":""},"google_fonts":[],"version":5}},"_links":{"self":[{"href":"https:\/\/www.agentiaimpreuna.ro\/invatamant-universitar-incluziv\/wp-json\/wp\/v2\/posts\/1085","targetHints":{"allow":["GET"]}}],"collection":[{"href":"https:\/\/www.agentiaimpreuna.ro\/invatamant-universitar-incluziv\/wp-json\/wp\/v2\/posts"}],"about":[{"href":"https:\/\/www.agentiaimpreuna.ro\/invatamant-universitar-incluziv\/wp-json\/wp\/v2\/types\/post"}],"author":[{"embeddable":true,"href":"https:\/\/www.agentiaimpreuna.ro\/invatamant-universitar-incluziv\/wp-json\/wp\/v2\/users\/1"}],"replies":[{"embeddable":true,"href":"https:\/\/www.agentiaimpreuna.ro\/invatamant-universitar-incluziv\/wp-json\/wp\/v2\/comments?post=1085"}],"version-history":[{"count":2,"href":"https:\/\/www.agentiaimpreuna.ro\/invatamant-universitar-incluziv\/wp-json\/wp\/v2\/posts\/1085\/revisions"}],"predecessor-version":[{"id":1102,"href":"https:\/\/www.agentiaimpreuna.ro\/invatamant-universitar-incluziv\/wp-json\/wp\/v2\/posts\/1085\/revisions\/1102"}],"wp:featuredmedia":[{"embeddable":true,"href":"https:\/\/www.agentiaimpreuna.ro\/invatamant-universitar-incluziv\/wp-json\/wp\/v2\/media\/1096"}],"wp:attachment":[{"href":"https:\/\/www.agentiaimpreuna.ro\/invatamant-universitar-incluziv\/wp-json\/wp\/v2\/media?parent=1085"}],"wp:term":[{"taxonomy":"category","embeddable":true,"href":"https:\/\/www.agentiaimpreuna.ro\/invatamant-universitar-incluziv\/wp-json\/wp\/v2\/categories?post=1085"},{"taxonomy":"post_tag","embeddable":true,"href":"https:\/\/www.agentiaimpreuna.ro\/invatamant-universitar-incluziv\/wp-json\/wp\/v2\/tags?post=1085"}],"curies":[{"name":"wp","href":"https:\/\/api.w.org\/{rel}","templated":true}]}}