{"id":1077,"date":"2023-05-11T07:59:31","date_gmt":"2023-05-11T07:59:31","guid":{"rendered":"https:\/\/www.agentiaimpreuna.ro\/invatamant-universitar-incluziv\/?p=1077"},"modified":"2023-05-11T17:13:08","modified_gmt":"2023-05-11T17:13:08","slug":"lansare-raport-masuri-afirmative-tvr1-convietuiri","status":"publish","type":"post","link":"https:\/\/www.agentiaimpreuna.ro\/invatamant-universitar-incluziv\/lansare-raport-masuri-afirmative-tvr1-convietuiri\/","title":{"rendered":"Lansare raport m\u0103suri afirmative (TVR1 &#8211;  Convie\u021buiri)"},"content":{"rendered":"\n<p>\u00cen cadrul emisiunii \u201eConfesiuni\u201d (TVR1) am povestit despre raportul lansat recent de funda\u021bia noastr\u0103,<em>&nbsp;<strong>\u201eM\u0103suri afirmative pentru romi \u00een universit\u0103\u021bi. Experien\u021be, schimb\u0103ri \u0219i lec\u021bii \u00eenv\u0103\u021bate\u201d<\/strong><\/em> , printre pu\u021binele demersuri ample de a \u00een\u021belege evolu\u021bia m\u0103surii afirmative \u00eenc\u0103 de la \u00eenfiin\u021barea ei, din 1992. <\/p>\n\n\n\n<p>\u00cen 1992, Facultatea de Sociologie \u0219i Asisten\u021b\u0103 Social\u0103 a Universit\u0103\u021bii din Bucure\u0219ti a ini\u021biat m\u0103sura prin care s\u0103 fie alocate <strong>locuri pentru studen\u021bii romi<\/strong> \u00een interiorul facult\u0103\u021bii ca o m\u0103sur\u0103 care s\u0103 sprijine dezvoltarea unei resurse umane rome. Ulterior, aceast\u0103 m\u0103sur\u0103 a fost implementat\u0103 la nivel na\u021bional, Ministerul Educa\u021biei stabilind nevoia aloc\u0103rii de locuri distincte \u00een \u00eenv\u0103\u021b\u0103m\u00e2ntul superior pentru candida\u021bii de etnie rom\u0103 <strong>cu scopul de a reduce decalajele socio-economice<\/strong> dintre popula\u021bia rom\u0103 \u0219i nerom\u0103, \u0219i \u201eurm\u0103rindu-se crearea unei elite care s\u0103 preia rezolvarea unora dintre problemele cu care se confrunt\u0103 aceast\u0103 minoritate\u201d (Ionescu &amp; Cace, 2006).<\/p>\n\n\n\n<p>Raportul scoate \u00een eviden\u021b\u0103 <strong>modul \u00een care a evoluat num\u0103rul de romi<\/strong> care beneficiaz\u0103 de locuri \u00een universit\u0103\u021bi \u0219i <strong>cum s-au raportat universit\u0103\u021bile de-a lungul timpului la aceast\u0103 politic\u0103 public\u0103<\/strong>. De asemenea, relief\u0103m perspectivele multiple asupra rolului acestei politici publice \u0219i cum a fost ea perceput\u0103 de c\u0103tre diver\u0219i actori \u00een ceea ce prive\u0219te impactul, sustenabilitatea, coeren\u021ba cu alte politici publice \u0219i lec\u021biile \u00eenv\u0103\u021bate. Nu \u00een ultimul r\u00e2nd, prin aceast\u0103 cercetare ne-am propus s\u0103 venim cu o serie de recomand\u0103ri de \u00eembun\u0103t\u0103\u021bire a politicii publice \u0219i de sprijin al procesului mai amplu de incluziune a romilor.<\/p>\n\n\n\n<p><em>\u201e\u00cenc\u0103 de la \u00eenceput, aceast\u0103 m\u0103sur\u0103 a venit tocmai s\u0103 acopere decalajele educa\u021bionale. La acest moment, procentul popula\u021biei majoritare a celor care absolv\u0103 studii superioare este de 22%, \u00een timp ce \u00een r\u00e2ndul popula\u021biei minoritare rome este de 2%<\/em>.<em> Putem spune c\u0103 m\u0103sura \u0219i-a atins cu limite acest impact\/ acest rezultat, \u00eens\u0103 arat\u0103 c\u0103 \u00eenc\u0103 avem nevoie de aceast\u0103 m\u0103sur\u0103. <\/em><strong><em>(Georgiana Ioni\u021b\u0103, Agen\u021bia \u201e\u00cempreun\u0103\u201d).<\/em><\/strong><\/p>\n\n\n\n<p><em>\u201eMediul universitar, Universitatea din Bucure\u0219ti, a considerat c\u0103 trebuie s\u0103 ofere un sprijin echitabil &#8211; dai mai mult celor afla\u021bi \u00een nevoie &#8211; astfel \u00eenc\u00e2t tinerii din aceste zone s\u0103 poat\u0103 intra \u00een mediul universitar \u0219i s\u0103 devin\u0103, inclusiv, modele de reu\u0219it\u0103 pentru copiii din astfel de zone. Lucru care s-a realizat. Faptul c\u0103 \u00een momentul de fa\u021b\u0103 vorbim de mii de absoven\u021bi de stududii superioare, de etnie rom\u0103, numai \u00een Universitatea din Bucure\u0219ti, arat\u0103 ceva. (&#8230;) Societatea rom\u00e2neasc\u0103 e departe de a fi mono-cultural\u0103. \u0218i atunci, trebuie s\u0103 facem pa\u0219i astfel \u00eenc\u00e2t s\u0103 ancor\u0103m mediul universitar \u00een societate. \u0218i invers, societatea s\u0103 se ancoreze \u00een mediul universitar.\u201d<\/em> <em><strong>(Gelu Duminic\u0103, Agen\u021bia \u201e\u00cempreun\u0103\u201d)<\/strong><\/em><\/p>\n\n\n\n<p>\u201e<em>Universitatea continu\u0103, spun eu, s\u0103 fie principlul vector de promovare al m\u0103surilor afirmtive \u00een \u00eenv\u0103\u021b\u0103m\u00e2ntul superior, m\u0103suri afirmative destinate tinerilor romi \u0219i nu numai. \u00centre timp, au ap\u0103rut locuri speciale pentru tineri din mediul rural, pentru persoane cu dizabilit\u0103\u021bi, \u00eentr-o vreme am avut m\u0103suri speciale pentru copii care ajungeau la facultate \u0219i veneau din institu\u021biile speciale, din centrele de plasament sau din familii de plasanment. Toate astea fac parte din op\u021biunea Universit\u0103\u021bii din Bucure\u0219ti, ca universitate incluziv\u0103, care promoveaz\u0103 diversitatea, care consider\u0103 c\u0103 fiecare t\u00e2n\u0103r are dreptul la educa\u021bie \u0219i c\u0103 trebuie s\u0103 acord\u0103m o aten\u021bie suplientar\u0103 celor care nu au avut \u0219anse, care provin din familii f\u0103r\u0103 posibilit\u0103\u021bi financiare sau care nu au avut modele \u00een comunit\u0103\u021bile lor, pe care s\u0103 le urmeze, pentru a avea succes \u00een via\u021b\u0103 prin intermediul educa\u021biei.<\/em>\u201d<em> <strong>(Marian Preda, rector, Universitatea din Bucure\u0219ti)<\/strong><\/em><\/p>\n\n\n\n<p>\u00centreaga interven\u021bie <a href=\"https:\/\/www.facebook.com\/watch\/live\/?extid=CL-UNK-UNK-UNK-IOS_GK0T-GK1C&amp;mibextid=2Rb1fB&amp;ref=watch_permalink&amp;v=237183902227849\" target=\"_blank\" rel=\"noopener\">aici<\/a> <strong>(\u00eencep\u00e2nd cu min. 1: 10:00)<\/strong>.<\/p>\n\n\n\n<figure class=\"wp-block-image size-large\"><img loading=\"lazy\" decoding=\"async\" width=\"1024\" height=\"768\" src=\"https:\/\/www.agentiaimpreuna.ro\/invatamant-universitar-incluziv\/wp-content\/uploads\/2023\/05\/image-1024x768.png\" alt=\"\" class=\"wp-image-1078\" srcset=\"https:\/\/www.agentiaimpreuna.ro\/invatamant-universitar-incluziv\/wp-content\/uploads\/2023\/05\/image-1024x768.png 1024w, https:\/\/www.agentiaimpreuna.ro\/invatamant-universitar-incluziv\/wp-content\/uploads\/2023\/05\/image-300x225.png 300w, https:\/\/www.agentiaimpreuna.ro\/invatamant-universitar-incluziv\/wp-content\/uploads\/2023\/05\/image-768x576.png 768w, https:\/\/www.agentiaimpreuna.ro\/invatamant-universitar-incluziv\/wp-content\/uploads\/2023\/05\/image-1536x1152.png 1536w, https:\/\/www.agentiaimpreuna.ro\/invatamant-universitar-incluziv\/wp-content\/uploads\/2023\/05\/image.png 2000w\" sizes=\"auto, (max-width: 1024px) 100vw, 1024px\" \/><\/figure>\n\n\n\n<p><\/p>\n","protected":false},"excerpt":{"rendered":"<p>\u00cen cadrul emisiunii \u201eConfesiuni\u201d (TVR1) am povestit despre raportul lansat recent de funda\u021bia noastr\u0103,&nbsp;\u201eM\u0103suri afirmative pentru romi \u00een universit\u0103\u021bi. Experien\u021be, schimb\u0103ri \u0219i lec\u021bii \u00eenv\u0103\u021bate\u201d , printre pu\u021binele demersuri ample de a \u00een\u021belege evolu\u021bia m\u0103surii afirmative \u00eenc\u0103 de la \u00eenfiin\u021barea ei, din 1992. \u00cen 1992, Facultatea de Sociologie \u0219i Asisten\u021b\u0103 Social\u0103 a Universit\u0103\u021bii din Bucure\u0219ti a ini\u021biat m\u0103sura prin care s\u0103 fie alocate locuri pentru studen\u021bii romi \u00een interiorul facult\u0103\u021bii ca o m\u0103sur\u0103 care s\u0103 sprijine dezvoltarea unei resurse umane rome. Ulterior, aceast\u0103 m\u0103sur\u0103 a fost implementat\u0103 la nivel na\u021bional, Ministerul Educa\u021biei stabilind nevoia aloc\u0103rii de locuri distincte \u00een \u00eenv\u0103\u021b\u0103m\u00e2ntul superior\u2026<\/p>\n","protected":false},"author":1,"featured_media":1078,"comment_status":"open","ping_status":"open","sticky":false,"template":"","format":"standard","meta":{"footnotes":""},"categories":[1],"tags":[],"class_list":["post-1077","post","type-post","status-publish","format-standard","has-post-thumbnail","hentry","category-necategorizat"],"blocksy_meta":{"styles_descriptor":{"styles":{"desktop":"","tablet":"","mobile":""},"google_fonts":[],"version":5}},"_links":{"self":[{"href":"https:\/\/www.agentiaimpreuna.ro\/invatamant-universitar-incluziv\/wp-json\/wp\/v2\/posts\/1077","targetHints":{"allow":["GET"]}}],"collection":[{"href":"https:\/\/www.agentiaimpreuna.ro\/invatamant-universitar-incluziv\/wp-json\/wp\/v2\/posts"}],"about":[{"href":"https:\/\/www.agentiaimpreuna.ro\/invatamant-universitar-incluziv\/wp-json\/wp\/v2\/types\/post"}],"author":[{"embeddable":true,"href":"https:\/\/www.agentiaimpreuna.ro\/invatamant-universitar-incluziv\/wp-json\/wp\/v2\/users\/1"}],"replies":[{"embeddable":true,"href":"https:\/\/www.agentiaimpreuna.ro\/invatamant-universitar-incluziv\/wp-json\/wp\/v2\/comments?post=1077"}],"version-history":[{"count":2,"href":"https:\/\/www.agentiaimpreuna.ro\/invatamant-universitar-incluziv\/wp-json\/wp\/v2\/posts\/1077\/revisions"}],"predecessor-version":[{"id":1080,"href":"https:\/\/www.agentiaimpreuna.ro\/invatamant-universitar-incluziv\/wp-json\/wp\/v2\/posts\/1077\/revisions\/1080"}],"wp:featuredmedia":[{"embeddable":true,"href":"https:\/\/www.agentiaimpreuna.ro\/invatamant-universitar-incluziv\/wp-json\/wp\/v2\/media\/1078"}],"wp:attachment":[{"href":"https:\/\/www.agentiaimpreuna.ro\/invatamant-universitar-incluziv\/wp-json\/wp\/v2\/media?parent=1077"}],"wp:term":[{"taxonomy":"category","embeddable":true,"href":"https:\/\/www.agentiaimpreuna.ro\/invatamant-universitar-incluziv\/wp-json\/wp\/v2\/categories?post=1077"},{"taxonomy":"post_tag","embeddable":true,"href":"https:\/\/www.agentiaimpreuna.ro\/invatamant-universitar-incluziv\/wp-json\/wp\/v2\/tags?post=1077"}],"curies":[{"name":"wp","href":"https:\/\/api.w.org\/{rel}","templated":true}]}}