{"id":1074,"date":"2023-05-10T07:17:37","date_gmt":"2023-05-10T07:17:37","guid":{"rendered":"https:\/\/www.agentiaimpreuna.ro\/invatamant-universitar-incluziv\/?p=1074"},"modified":"2023-05-10T07:17:40","modified_gmt":"2023-05-10T07:17:40","slug":"povesti-despre-schimbare-mihaela-nan-totul-este-cu-un-motiv","status":"publish","type":"post","link":"https:\/\/www.agentiaimpreuna.ro\/invatamant-universitar-incluziv\/povesti-despre-schimbare-mihaela-nan-totul-este-cu-un-motiv\/","title":{"rendered":"Pove\u0219ti despre schimbare: Mihaela Nan &#8211; Totul este cu un motiv"},"content":{"rendered":"\n<p><strong>Mihaela Nan<\/strong>, absolvent\u0103 de master a Facult\u0103\u021bii de Economie din cadrul Academiei de Studii Economice Bucure\u0219ti<\/p>\n\n\n\n<p>M\u0103 numesc Mihaela Nan, sunt absolvent\u0103 a Academiei de Studii Economice \u0219i lucrez \u00een industria bancar\u0103, un mediu \u00een care \u00eemi place tare mult. Nu mi-a fost niciodat\u0103 ru\u0219ine de etnia mea. \u00cemi amintesc c\u0103 \u00een general\u0103 am avut un colectiv foarte \u00een\u021beleg\u0103tor, lucru care m-a ajutat s\u0103 \u00eemi asum mai mult identitatea mea \u0219i s\u0103 mi-o exprim public. C\u00e2nd a venit timpul facult\u0103\u021bii m-am decis din prima s\u0103 dau la Academia de Studii Economice pe un profil economic, chiar dac\u0103 terminasem filologie \u00een liceu. Am aplicat pentru locurile distincte destinate romilor. Aflasem de ele de la o cuno\u0219tin\u021b\u0103 \u0219i m-am decis destul de repede s\u0103 aplic, poate \u0219i din dorin\u021ba de a face un \u201estatement\u201d. \u0218tiam foarte bine c\u0103 exist\u0103 mul\u021bi al\u021bi tineri c\u0103rora le este fric\u0103 s\u0103 \u00ee\u0219i recunoasc\u0103 etnia, de aceea am vrut s\u0103 ar\u0103t c\u0103 \u201eUite, \u0219i un t\u00e2n\u0103r de etnie rom\u0103 poate face o facultate!\u201d.<\/p>\n\n\n\n<figure class=\"wp-block-image size-large\"><img loading=\"lazy\" decoding=\"async\" width=\"1024\" height=\"768\" src=\"https:\/\/www.agentiaimpreuna.ro\/invatamant-universitar-incluziv\/wp-content\/uploads\/2023\/05\/Raport-masuri-afirmative-1024x768.jpeg\" alt=\"\" class=\"wp-image-1075\" srcset=\"https:\/\/www.agentiaimpreuna.ro\/invatamant-universitar-incluziv\/wp-content\/uploads\/2023\/05\/Raport-masuri-afirmative-1024x768.jpeg 1024w, https:\/\/www.agentiaimpreuna.ro\/invatamant-universitar-incluziv\/wp-content\/uploads\/2023\/05\/Raport-masuri-afirmative-300x225.jpeg 300w, https:\/\/www.agentiaimpreuna.ro\/invatamant-universitar-incluziv\/wp-content\/uploads\/2023\/05\/Raport-masuri-afirmative-768x576.jpeg 768w, https:\/\/www.agentiaimpreuna.ro\/invatamant-universitar-incluziv\/wp-content\/uploads\/2023\/05\/Raport-masuri-afirmative-1536x1152.jpeg 1536w, https:\/\/www.agentiaimpreuna.ro\/invatamant-universitar-incluziv\/wp-content\/uploads\/2023\/05\/Raport-masuri-afirmative.jpeg 2000w\" sizes=\"auto, (max-width: 1024px) 100vw, 1024px\" \/><\/figure>\n\n\n\n<p>Facultatea chiar a fost o perioad\u0103 foarte frumoas\u0103 \u0219i formativ\u0103, m-am lovit probabil, ca fiecare student la \u00eenceput de drum, de unele dificult\u0103\u021bi \u0219i provoc\u0103ri ale unui nou ora\u0219, dar mi-am \u0219i f\u0103cut foarte mul\u021bi prieteni. Uit\u00e2ndu-m\u0103 \u00een urm\u0103 asupra acelor ani, multe schimb\u0103ri au avut loc prin prisma faptului c\u0103 am beneficiat de un loc distinct, pe l\u00e2ng\u0103 faptul c\u0103 am fost scutit\u0103 de plata taxei de \u0219colarizare, mereu fiind la \u201ebuget\u201d, am avut \u0219i diferite burse de studiu, care au fost un adev\u0103rat suport din punct de vedere financiar. Aveam s\u0103 m\u0103 dezvolt foarte mult din punct de vedere personal. Una dintre valorile pe care le-am interiorizat \u00een acei ani a fost cea a m\u00e2ndriei: m\u00e2ndrie fa\u021b\u0103 de etnia mea, de a nu-mi nega niciodat\u0103 identitatea. \u00cencerc mereu s\u0103 r\u0103sp\u00e2ndesc aceast\u0103 valoare \u0219i \u00een r\u00e2ndul apropia\u021bilor mei \u0219i comunit\u0103\u021bii din care fac parte.<\/p>\n\n\n\n<p>Una dintre schimb\u0103rile pe care \u00eenc\u0103 le resimt \u00een urma acestei oportunit\u0103\u021bi s-au petrecut la nivel personal, c\u00e2t \u0219i profesional prin modul \u00een care v\u0103d lucrurile, complet diferit \u00een compara\u021bie cu c\u00e2\u021biva ani \u00een urm\u0103. Sunt ferm convins\u0103 c\u0103 toate s-au \u00eent\u00e2mplat \u00een via\u021ba mea cu un anumit motiv, de ceea mi-am numit astfel povestea.<\/p>\n\n\n\n<p>***<\/p>\n\n\n\n<p><em>\u00cen cadrul raportului \u201eM\u0103suri afirmative pentru romi \u00een universit\u0103\u021bi. Experien\u021be, schimb\u0103ri \u0219i lec\u021bii \u00eenv\u0103\u021bate\u201d<\/em>,<em>&nbsp;lansat recent de Funda\u021bia noastr\u0103, au fost culese o serie de 10 pove\u0219ti de tip \u201eCea mai semnificativ\u0103 schimbare\u201d (Most Significant Change) ce \u0219i-au propus s\u0103 surprind\u0103 schimb\u0103rile care au ap\u0103rut \u00een via\u021ba responden\u021bilor ca urmare a faptului c\u0103 au beneficiat de m\u0103suri afirmative \u00een timpul studiilor universitare. Cei mai mul\u021bi dintre studen\u021bii \u0219i absolven\u021bii romi povestesc despre cum candidarea la facultate pe un loc pentru romi, iar mai apoi anii de studiu, i-au ajutat \u00een dezvoltarea personal\u0103 \u0219i asumarea etniei lor. Dac\u0103 o parte dintre responden\u021bi evitau s\u0103 \u00ee\u0219i afirme etnia de teama reac\u021biilor rasiste din jur, cu care unii s-au confruntat deja \u00een liceu, ei ne spun c\u0103 locurile pentru romi \u00een universit\u0103\u021bi au fost oportunitatea prin care au reu\u0219it s\u0103 se simt\u0103 confortabili cu identitatea lor \u0219i au devenit un exemplu at\u00e2t pentru al\u021bi tineri romi din comunitate, c\u00e2t \u0219i pentru ceilal\u021bi neromi care nu cred c\u0103 romii ar putea reu\u0219i \u00een mediul academic. Al\u021bi beneficiari ai m\u0103surii afirmative subliniaz\u0103 c\u0103 nu ar fi putut absolvi facultatea \u00een lipsa locurilor pentru romi deoarece costurile de \u0219colarizare \u0219i traiul \u00eentr-un ora\u0219 nou ar fi fost prea mari pentru ei, iar oportunit\u0103\u021bile de angajare \u0219i de dezvoltare pe plan personal ar fi fost \u0219i ele pierdute odat\u0103 cu \u00eencetarea timpurie a studiilor.<\/em><\/p>\n\n\n\n<p><strong><em>Poveste culeas\u0103 de C\u0103t\u0103lin Ilie\u0219<\/em><\/strong><\/p>\n","protected":false},"excerpt":{"rendered":"<p>Mihaela Nan, absolvent\u0103 de master a Facult\u0103\u021bii de Economie din cadrul Academiei de Studii Economice Bucure\u0219ti M\u0103 numesc Mihaela Nan, sunt absolvent\u0103 a Academiei de Studii Economice \u0219i lucrez \u00een industria bancar\u0103, un mediu \u00een care \u00eemi place tare mult. Nu mi-a fost niciodat\u0103 ru\u0219ine de etnia mea. \u00cemi amintesc c\u0103 \u00een general\u0103 am avut un colectiv foarte \u00een\u021beleg\u0103tor, lucru care m-a ajutat s\u0103 \u00eemi asum mai mult identitatea mea \u0219i s\u0103 mi-o exprim public. C\u00e2nd a venit timpul facult\u0103\u021bii m-am decis din prima s\u0103 dau la Academia de Studii Economice pe un profil economic, chiar dac\u0103 terminasem filologie \u00een\u2026<\/p>\n","protected":false},"author":1,"featured_media":1075,"comment_status":"open","ping_status":"open","sticky":false,"template":"","format":"standard","meta":{"footnotes":""},"categories":[1],"tags":[],"class_list":["post-1074","post","type-post","status-publish","format-standard","has-post-thumbnail","hentry","category-necategorizat"],"blocksy_meta":{"styles_descriptor":{"styles":{"desktop":"","tablet":"","mobile":""},"google_fonts":[],"version":5}},"_links":{"self":[{"href":"https:\/\/www.agentiaimpreuna.ro\/invatamant-universitar-incluziv\/wp-json\/wp\/v2\/posts\/1074","targetHints":{"allow":["GET"]}}],"collection":[{"href":"https:\/\/www.agentiaimpreuna.ro\/invatamant-universitar-incluziv\/wp-json\/wp\/v2\/posts"}],"about":[{"href":"https:\/\/www.agentiaimpreuna.ro\/invatamant-universitar-incluziv\/wp-json\/wp\/v2\/types\/post"}],"author":[{"embeddable":true,"href":"https:\/\/www.agentiaimpreuna.ro\/invatamant-universitar-incluziv\/wp-json\/wp\/v2\/users\/1"}],"replies":[{"embeddable":true,"href":"https:\/\/www.agentiaimpreuna.ro\/invatamant-universitar-incluziv\/wp-json\/wp\/v2\/comments?post=1074"}],"version-history":[{"count":1,"href":"https:\/\/www.agentiaimpreuna.ro\/invatamant-universitar-incluziv\/wp-json\/wp\/v2\/posts\/1074\/revisions"}],"predecessor-version":[{"id":1076,"href":"https:\/\/www.agentiaimpreuna.ro\/invatamant-universitar-incluziv\/wp-json\/wp\/v2\/posts\/1074\/revisions\/1076"}],"wp:featuredmedia":[{"embeddable":true,"href":"https:\/\/www.agentiaimpreuna.ro\/invatamant-universitar-incluziv\/wp-json\/wp\/v2\/media\/1075"}],"wp:attachment":[{"href":"https:\/\/www.agentiaimpreuna.ro\/invatamant-universitar-incluziv\/wp-json\/wp\/v2\/media?parent=1074"}],"wp:term":[{"taxonomy":"category","embeddable":true,"href":"https:\/\/www.agentiaimpreuna.ro\/invatamant-universitar-incluziv\/wp-json\/wp\/v2\/categories?post=1074"},{"taxonomy":"post_tag","embeddable":true,"href":"https:\/\/www.agentiaimpreuna.ro\/invatamant-universitar-incluziv\/wp-json\/wp\/v2\/tags?post=1074"}],"curies":[{"name":"wp","href":"https:\/\/api.w.org\/{rel}","templated":true}]}}