{"id":1071,"date":"2023-05-10T06:45:51","date_gmt":"2023-05-10T06:45:51","guid":{"rendered":"https:\/\/www.agentiaimpreuna.ro\/invatamant-universitar-incluziv\/?p=1071"},"modified":"2023-05-10T06:45:55","modified_gmt":"2023-05-10T06:45:55","slug":"povesti-despre-schimbare-mihai-mitica-un-lucru-normal-din-viata-oricarui-tanar-rom","status":"publish","type":"post","link":"https:\/\/www.agentiaimpreuna.ro\/invatamant-universitar-incluziv\/povesti-despre-schimbare-mihai-mitica-un-lucru-normal-din-viata-oricarui-tanar-rom\/","title":{"rendered":"Pove\u0219ti despre schimbare: Mihai Mitic\u0103 &#8211; Un lucru normal din via\u021ba oric\u0103rui t\u00e2n\u0103r rom"},"content":{"rendered":"\n<p><strong>Mihai Mitic\u0103<\/strong>, absolvent de licen\u021b\u0103 al Facult\u0103\u021bii de Drept din cadrul Universit\u0103\u021bii din Craiova<\/p>\n\n\n\n<p>M\u0103 numesc Mihai Mitic\u0103, sunt un b\u0103rbat de etnie rom\u0103 \u0219i lucrez ca poli\u021bist \u00een Municipiul Craiova. Povestea mea \u00eencepe, probabil, ca a oric\u0103rui t\u00e2n\u0103r care \u00eencearc\u0103 s\u0103-\u0219i fac\u0103 un rost \u00een via\u021b\u0103. Ca licean m-am \u00een\u021beles foarte bine cu colegii mei, m-am sim\u021bit integrat \u0219i apreciat pentru cine sunt eu. Totu\u0219i, a fost un eveniment care mi-a l\u0103sat un gust amar. Era vorba de o profesoar\u0103 care m-a \u00eentrebat \u00een timp ce eram la tabl\u0103 dac\u0103 sunt rom, moment \u00een care m-am sim\u021bit st\u00e2njenit. C\u00e2nd a venit vremea s\u0103 fiu student, am \u00eencercat pentru un an o facultate din Bucure\u0219ti doar c\u0103 nu mi s-a potrivit \u0219i nici posibilit\u0103\u021bile mele financiare de la acea vreme nu mi-au permis s\u0103 continui.<\/p>\n\n\n<div class=\"wp-block-image\"><div>\n<figure class=\"alignleft size-full is-resized\"><img loading=\"lazy\" decoding=\"async\" src=\"https:\/\/www.agentiaimpreuna.ro\/invatamant-universitar-incluziv\/wp-content\/uploads\/2023\/05\/Mihai-mitica.jpeg\" alt=\"\" class=\"wp-image-1072\" width=\"338\" height=\"684\" srcset=\"https:\/\/www.agentiaimpreuna.ro\/invatamant-universitar-incluziv\/wp-content\/uploads\/2023\/05\/Mihai-mitica.jpeg 367w, https:\/\/www.agentiaimpreuna.ro\/invatamant-universitar-incluziv\/wp-content\/uploads\/2023\/05\/Mihai-mitica-148x300.jpeg 148w\" sizes=\"auto, (max-width: 338px) 100vw, 338px\" \/><\/figure>\n<\/div><\/div>\n\n\n<p>Dup\u0103 acel an la Bucure\u0219ti m-am sim\u021bit derutat, dar la sfatul bun al unui vecin am aplicat la Facultatea de Drept din cadrul Universit\u0103\u021bii din Craiova, pe locurile destinate romilor ce s-a dovedit a fi avantajos pentru mine din punct de vedere financiar. La vremea aceea foarte pu\u021bini aplicau pentru aceste locuri. \u021ain minte c\u0103 eram printre pu\u021binii solicitan\u021bi ai Partidei Romilor pentru adeverin\u021ba respectiv\u0103. Perioada facult\u0103\u021bii a coincis \u0219i cu implicarea mea civic\u0103, sim\u021beam c\u0103 trebuie s\u0103 contribui cu ceva comunit\u0103\u021bii rome. A\u0219a c\u0103 am fost printre membrii fondatori ai unei asocia\u021bii ai studen\u021bilor romi din cadrul universit\u0103\u021bii, iar mai apoi, dup\u0103 ceva timp, am lucrat la Agen\u021bia Na\u021bional\u0103 a Romilor p\u00e2n\u0103 s\u0103 devin poli\u021bist. Acel pas pe care l-am f\u0103cut, s\u0103 aplic pentru locurile distincte, a fost foarte important pentru mine. Am mai cunoscut \u0219i al\u021bi studen\u021bi romi \u00een facultate, doar c\u0103 erau reticen\u021bi \u00een a-\u0219i recunoa\u0219te etnia. Eu, \u00een schimb, am vrut s\u0103 sparg aceast\u0103 paradigm\u0103 \u0219i s\u0103 dovedesc c\u0103 \u0219i un rom poate urma o facultate \u0219i s\u0103 se specializeze ca oricare alt om, lucru pentru care am sim\u021bit c\u0103 am fost apreciat de profesorii \u0219i colegii mei.<\/p>\n\n\n\n<p>Uit\u00e2ndu-m\u0103 \u00een retrospectiv\u0103 asupra acelei perioade simt c\u0103 multe schimb\u0103ri au ap\u0103rut \u00een via\u021ba pe parcursul acestor ani, ca urmare a faptului c\u0103 am beneficiat de un loc distinct \u00een facultate. Una dintre ele fiind posibilitatea de a deveni independent din punct de vedere financiar, \u00een special \u00een primii ani de studen\u021bie, dar \u0219i de a avea parte de o educa\u021bie de calitate. Dintre toate acestea, cred c\u0103 cea mai semnificativ\u0103 a fost c\u0103 am devenit persoana care sunt acum. Toate aceste lucruri nu cred c\u0103 s-ar fi petrecut f\u0103r\u0103 \u00eendrumarea pe care am primit-o din partea vecinului meu \u00een acel moment. A creat un \u201elan\u021b\u201d prin vorbele bune pe care \u0219i eu doresc s\u0103 \u00eel continui cu viitoarea genera\u021bie.<\/p>\n\n\n\n<p><\/p>\n\n\n\n<p>***<\/p>\n\n\n\n<p><em>\u00cen cadrul raportului \u201eM\u0103suri afirmative pentru romi \u00een universit\u0103\u021bi. Experien\u021be, schimb\u0103ri \u0219i lec\u021bii \u00eenv\u0103\u021bate\u201d<\/em>,<em>&nbsp;lansat recent de Funda\u021bia noastr\u0103, au fost culese o serie de 10 pove\u0219ti de tip \u201eCea mai semnificativ\u0103 schimbare\u201d (Most Significant Change) ce \u0219i-au propus s\u0103 surprind\u0103 schimb\u0103rile care au ap\u0103rut \u00een via\u021ba responden\u021bilor ca urmare a faptului c\u0103 au beneficiat de m\u0103suri afirmative \u00een timpul studiilor universitare. Cei mai mul\u021bi dintre studen\u021bii \u0219i absolven\u021bii romi povestesc despre cum candidarea la facultate pe un loc pentru romi, iar mai apoi anii de studiu, i-au ajutat \u00een dezvoltarea personal\u0103 \u0219i asumarea etniei lor. Dac\u0103 o parte dintre responden\u021bi evitau s\u0103 \u00ee\u0219i afirme etnia de teama reac\u021biilor rasiste din jur, cu care unii s-au confruntat deja \u00een liceu, ei ne spun c\u0103 locurile pentru romi \u00een universit\u0103\u021bi au fost oportunitatea prin care au reu\u0219it s\u0103 se simt\u0103 confortabili cu identitatea lor \u0219i au devenit un exemplu at\u00e2t pentru al\u021bi tineri romi din comunitate, c\u00e2t \u0219i pentru ceilal\u021bi neromi care nu cred c\u0103 romii ar putea reu\u0219i \u00een mediul academic. Al\u021bi beneficiari ai m\u0103surii afirmative subliniaz\u0103 c\u0103 nu ar fi putut absolvi facultatea \u00een lipsa locurilor pentru romi deoarece costurile de \u0219colarizare \u0219i traiul \u00eentr-un ora\u0219 nou ar fi fost prea mari pentru ei, iar oportunit\u0103\u021bile de angajare \u0219i de dezvoltare pe plan personal ar fi fost \u0219i ele pierdute odat\u0103 cu \u00eencetarea timpurie a studiilor.<\/em><\/p>\n\n\n\n<p><strong><em>Poveste culeas\u0103 de C\u0103t\u0103lin Ilie\u0219<\/em><\/strong><\/p>\n","protected":false},"excerpt":{"rendered":"<p>Mihai Mitic\u0103, absolvent de licen\u021b\u0103 al Facult\u0103\u021bii de Drept din cadrul Universit\u0103\u021bii din Craiova M\u0103 numesc Mihai Mitic\u0103, sunt un b\u0103rbat de etnie rom\u0103 \u0219i lucrez ca poli\u021bist \u00een Municipiul Craiova. Povestea mea \u00eencepe, probabil, ca a oric\u0103rui t\u00e2n\u0103r care \u00eencearc\u0103 s\u0103-\u0219i fac\u0103 un rost \u00een via\u021b\u0103. Ca licean m-am \u00een\u021beles foarte bine cu colegii mei, m-am sim\u021bit integrat \u0219i apreciat pentru cine sunt eu. Totu\u0219i, a fost un eveniment care mi-a l\u0103sat un gust amar. Era vorba de o profesoar\u0103 care m-a \u00eentrebat \u00een timp ce eram la tabl\u0103 dac\u0103 sunt rom, moment \u00een care m-am sim\u021bit st\u00e2njenit. C\u00e2nd\u2026<\/p>\n","protected":false},"author":1,"featured_media":1072,"comment_status":"open","ping_status":"open","sticky":false,"template":"","format":"standard","meta":{"footnotes":""},"categories":[1],"tags":[],"class_list":["post-1071","post","type-post","status-publish","format-standard","has-post-thumbnail","hentry","category-necategorizat"],"blocksy_meta":{"styles_descriptor":{"styles":{"desktop":"","tablet":"","mobile":""},"google_fonts":[],"version":5}},"_links":{"self":[{"href":"https:\/\/www.agentiaimpreuna.ro\/invatamant-universitar-incluziv\/wp-json\/wp\/v2\/posts\/1071","targetHints":{"allow":["GET"]}}],"collection":[{"href":"https:\/\/www.agentiaimpreuna.ro\/invatamant-universitar-incluziv\/wp-json\/wp\/v2\/posts"}],"about":[{"href":"https:\/\/www.agentiaimpreuna.ro\/invatamant-universitar-incluziv\/wp-json\/wp\/v2\/types\/post"}],"author":[{"embeddable":true,"href":"https:\/\/www.agentiaimpreuna.ro\/invatamant-universitar-incluziv\/wp-json\/wp\/v2\/users\/1"}],"replies":[{"embeddable":true,"href":"https:\/\/www.agentiaimpreuna.ro\/invatamant-universitar-incluziv\/wp-json\/wp\/v2\/comments?post=1071"}],"version-history":[{"count":1,"href":"https:\/\/www.agentiaimpreuna.ro\/invatamant-universitar-incluziv\/wp-json\/wp\/v2\/posts\/1071\/revisions"}],"predecessor-version":[{"id":1073,"href":"https:\/\/www.agentiaimpreuna.ro\/invatamant-universitar-incluziv\/wp-json\/wp\/v2\/posts\/1071\/revisions\/1073"}],"wp:featuredmedia":[{"embeddable":true,"href":"https:\/\/www.agentiaimpreuna.ro\/invatamant-universitar-incluziv\/wp-json\/wp\/v2\/media\/1072"}],"wp:attachment":[{"href":"https:\/\/www.agentiaimpreuna.ro\/invatamant-universitar-incluziv\/wp-json\/wp\/v2\/media?parent=1071"}],"wp:term":[{"taxonomy":"category","embeddable":true,"href":"https:\/\/www.agentiaimpreuna.ro\/invatamant-universitar-incluziv\/wp-json\/wp\/v2\/categories?post=1071"},{"taxonomy":"post_tag","embeddable":true,"href":"https:\/\/www.agentiaimpreuna.ro\/invatamant-universitar-incluziv\/wp-json\/wp\/v2\/tags?post=1071"}],"curies":[{"name":"wp","href":"https:\/\/api.w.org\/{rel}","templated":true}]}}