{"id":1743,"date":"2023-10-26T18:00:00","date_gmt":"2023-10-26T18:00:00","guid":{"rendered":"https:\/\/www.agentiaimpreuna.ro\/cunoasterea-romului-de-langa-noi\/?p=1743"},"modified":"2023-11-01T10:12:31","modified_gmt":"2023-11-01T10:12:31","slug":"cunoasterea-romului-de-langa-noi-eveniment-final","status":"publish","type":"post","link":"https:\/\/www.agentiaimpreuna.ro\/cunoasterea-romului-de-langa-noi\/negategorizat\/cunoasterea-romului-de-langa-noi-eveniment-final\/","title":{"rendered":"Cunoa\u0219terea (r)omului de l\u00e2ng\u0103 noi: eveniment final"},"content":{"rendered":"\n<p>Luni, 30 octombrie, v\u0103 invit\u0103m la evenimentul final al proiectului \u201eCunoa\u0219terea (r)omului de l\u00e2ng\u0103 noi\u201d&#8230; proiect prin intermediul c\u0103ruia am scos \u00een lume campaniile \u201eDespre Masca Asta\u201d, \u201eS-a terminat cu rasismul\u201d, \u201eIubirea care d\u0103r\u00e2m\u0103 ziduri\u201d, melodia manifest \u201eAripile\u201d, \u0219i prin care am fost \u00een \u0219coli pentru a deschide un dialog cu tinerii \u0219i a promova diversitatea \u0219i incluziunea \u00een r\u00e2ndul lor cu ajutorul \u201eGhidului de supravie\u021buire printre stereotipuri \u0219i prejudec\u0103\u021bi\u201d, <a><\/a>\u201eEchipa cadrelor didactice cool\u201d ori \u201eAmbasadorii Incluziunii\u201d.<\/p>\n\n\n\n<p>Vom vorbi despre toate (\u0219i nu numai) la Elite Art Gallery (str. Pia\u021ba Na\u021biunilor Unite, nr. 3-5, Bl. 2, parter, sector 4, Bucure\u0219ti) \u0219i vom \u00eencepe s\u0103 ne str\u00e2ngem de la 17:00.<\/p>\n\n\n\n<p>Dac\u0103 pute\u021bi ajunge, v\u0103 rug\u0103m s\u0103 ne confirma\u021bi prezen\u021ba p\u00e2n\u0103 la data de 29 octombrie 2023, prin intermediul urm\u0103torului formular: <a href=\"https:\/\/l.facebook.com\/l.php?u=https%3A%2F%2Fforms.gle%2F9NKgN8tApQL1XzdJ8%3Ffbclid%3DIwAR17p_Kh3ypxG1vNh85n7hG_mcalK3CzHjbGgOF4kzwF7ZOxMS3hwSviyPU&amp;h=AT2F6pcDJYpSBHHKt5yS73LbulWag3f58G5yRNrJusHoJMqNNo12-SsO6b2ai8lwwlGHU08hZO7YSsriOiL6E487k6KVXJn7S3LBKfwsKE3yK0l554nfxqy1SPrKKp64AyJvY5IPvo9A1yYhLu7PXr2wuw&amp;__tn__=-UK-R&amp;c[0]=AT1nIPwqIVaekwohrlFxKz9QVWI1VrqtwramWsOU8odX2g_YWOYNGC-1f6fNxqkV3UK9fkDM2MJfBJMINzCiH7r1Teoz1BhZvXepl4gVKiCuZ_l_u18NTwFk2eiw6QQ2d2Dgcepz8-toCZCPcu2AXmjfjmn-0RsksxW2DyivmHM3eYafJTi-9BEHlROaLo0AHUN83XEL_o7TizGrY2ME3hPVF3P78kVrqKJ7\" rel=\"noreferrer noopener\" target=\"_blank\">https:\/\/forms.gle\/9NKgN8tApQL1XzdJ8<\/a><\/p>\n\n\n\n<p>IMPORTANT: Expozi\u021bia \u201eIubirea care d\u0103r\u00e2m\u0103 ziduri va putea fi vizitat\u0103 oric\u00e2nd \u00een intervalul 12.00 &#8211; 20.00. Cunoa\u0219terea (r)omului de l\u00e2ng\u0103 noi: eveniment final va \u00eencepe, \u00eens\u0103, de la 17.00, iar mai multe detallii despre asta, precum \u0219i agenda evenimentului, reg\u0103si\u021bi aici: <a href=\"https:\/\/l.facebook.com\/l.php?u=https%3A%2F%2Ffb.me%2Fe%2F1BpFcHqos&amp;h=AT3IcL6neo1rEuPTWLGOEhLYSIhkzFiGj2bUrlmAjsXBr45ESxnURCEdGiNiVIIcRD3tMFIh8cl5aeRegwy9rH8JeTlNB3y_WBoSd2O1V-xNFL7W_tAmQzMhQQw4nPMTKZV040gsHkq0GPW2_K2qX8gzWg&amp;__tn__=-UK-R&amp;c[0]=AT1nIPwqIVaekwohrlFxKz9QVWI1VrqtwramWsOU8odX2g_YWOYNGC-1f6fNxqkV3UK9fkDM2MJfBJMINzCiH7r1Teoz1BhZvXepl4gVKiCuZ_l_u18NTwFk2eiw6QQ2d2Dgcepz8-toCZCPcu2AXmjfjmn-0RsksxW2DyivmHM3eYafJTi-9BEHlROaLo0AHUN83XEL_o7TizGrY2ME3hPVF3P78kVrqKJ7\" rel=\"noreferrer noopener\" target=\"_blank\">https:\/\/fb.me\/e\/1BpFcHqos<\/a><\/p>\n\n\n\n<p>Pe luni! <img loading=\"lazy\" decoding=\"async\" height=\"16\" width=\"16\" src=\"https:\/\/static.xx.fbcdn.net\/images\/emoji.php\/v9\/ted\/2\/16\/2764.png\" alt=\"\u2764\ufe0f\"><\/p>\n\n\n\n<figure class=\"wp-block-image aligncenter size-large\"><img loading=\"lazy\" decoding=\"async\" width=\"1024\" height=\"1024\" src=\"https:\/\/www.agentiaimpreuna.ro\/cunoasterea-romului-de-langa-noi\/wp-content\/uploads\/2023\/11\/Agentia-Impreuna-x-Elite-Art-Gallery_INSTA-afis-eveniment-final-1024x1024.png\" alt=\"\" class=\"wp-image-1744\" srcset=\"https:\/\/www.agentiaimpreuna.ro\/cunoasterea-romului-de-langa-noi\/wp-content\/uploads\/2023\/11\/Agentia-Impreuna-x-Elite-Art-Gallery_INSTA-afis-eveniment-final-1024x1024.png 1024w, https:\/\/www.agentiaimpreuna.ro\/cunoasterea-romului-de-langa-noi\/wp-content\/uploads\/2023\/11\/Agentia-Impreuna-x-Elite-Art-Gallery_INSTA-afis-eveniment-final-300x300.png 300w, https:\/\/www.agentiaimpreuna.ro\/cunoasterea-romului-de-langa-noi\/wp-content\/uploads\/2023\/11\/Agentia-Impreuna-x-Elite-Art-Gallery_INSTA-afis-eveniment-final-150x150.png 150w, https:\/\/www.agentiaimpreuna.ro\/cunoasterea-romului-de-langa-noi\/wp-content\/uploads\/2023\/11\/Agentia-Impreuna-x-Elite-Art-Gallery_INSTA-afis-eveniment-final-768x768.png 768w, https:\/\/www.agentiaimpreuna.ro\/cunoasterea-romului-de-langa-noi\/wp-content\/uploads\/2023\/11\/Agentia-Impreuna-x-Elite-Art-Gallery_INSTA-afis-eveniment-final.png 1080w\" sizes=\"auto, (max-width: 1024px) 100vw, 1024px\" \/><\/figure>\n","protected":false},"excerpt":{"rendered":"<p>Luni, 30 octombrie, v\u0103 invit\u0103m la evenimentul final al proiectului \u201eCunoa\u0219terea (r)omului de l\u00e2ng\u0103 noi\u201d&#8230; proiect prin intermediul c\u0103ruia am scos \u00een lume campaniile \u201eDespre Masca Asta\u201d, \u201eS-a terminat cu rasismul\u201d, \u201eIubirea care d\u0103r\u00e2m\u0103 ziduri\u201d, melodia manifest \u201eAripile\u201d, \u0219i prin care am fost \u00een \u0219coli pentru a deschide un dialog cu tinerii \u0219i a promova [&hellip;]<\/p>\n","protected":false},"author":2,"featured_media":1744,"comment_status":"open","ping_status":"open","sticky":false,"template":"","format":"standard","meta":{"footnotes":""},"categories":[1],"tags":[],"class_list":["post-1743","post","type-post","status-publish","format-standard","has-post-thumbnail","hentry","category-negategorizat"],"blocksy_meta":{"styles_descriptor":{"styles":{"desktop":"","tablet":"","mobile":""},"google_fonts":[],"version":6}},"featured_image_urls":{"full":["https:\/\/www.agentiaimpreuna.ro\/cunoasterea-romului-de-langa-noi\/wp-content\/uploads\/2023\/11\/Agentia-Impreuna-x-Elite-Art-Gallery_INSTA-afis-eveniment-final.png",1080,1080,false],"thumbnail":["https:\/\/www.agentiaimpreuna.ro\/cunoasterea-romului-de-langa-noi\/wp-content\/uploads\/2023\/11\/Agentia-Impreuna-x-Elite-Art-Gallery_INSTA-afis-eveniment-final-150x150.png",150,150,true],"medium":["https:\/\/www.agentiaimpreuna.ro\/cunoasterea-romului-de-langa-noi\/wp-content\/uploads\/2023\/11\/Agentia-Impreuna-x-Elite-Art-Gallery_INSTA-afis-eveniment-final-300x300.png",300,300,true],"medium_large":["https:\/\/www.agentiaimpreuna.ro\/cunoasterea-romului-de-langa-noi\/wp-content\/uploads\/2023\/11\/Agentia-Impreuna-x-Elite-Art-Gallery_INSTA-afis-eveniment-final-768x768.png",768,768,true],"large":["https:\/\/www.agentiaimpreuna.ro\/cunoasterea-romului-de-langa-noi\/wp-content\/uploads\/2023\/11\/Agentia-Impreuna-x-Elite-Art-Gallery_INSTA-afis-eveniment-final-1024x1024.png",1024,1024,true],"1536x1536":["https:\/\/www.agentiaimpreuna.ro\/cunoasterea-romului-de-langa-noi\/wp-content\/uploads\/2023\/11\/Agentia-Impreuna-x-Elite-Art-Gallery_INSTA-afis-eveniment-final.png",1080,1080,false],"2048x2048":["https:\/\/www.agentiaimpreuna.ro\/cunoasterea-romului-de-langa-noi\/wp-content\/uploads\/2023\/11\/Agentia-Impreuna-x-Elite-Art-Gallery_INSTA-afis-eveniment-final.png",1080,1080,false]},"post_excerpt_stackable":"<p>Luni, 30 octombrie, v\u0103 invit\u0103m la evenimentul final al proiectului \u201eCunoa\u0219terea (r)omului de l\u00e2ng\u0103 noi\u201d&#8230; proiect prin intermediul c\u0103ruia am scos \u00een lume campaniile \u201eDespre Masca Asta\u201d, \u201eS-a terminat cu rasismul\u201d, \u201eIubirea care d\u0103r\u00e2m\u0103 ziduri\u201d, melodia manifest \u201eAripile\u201d, \u0219i prin care am fost \u00een \u0219coli pentru a deschide un dialog cu tinerii \u0219i a promova diversitatea \u0219i incluziunea \u00een r\u00e2ndul lor cu ajutorul \u201eGhidului de supravie\u021buire printre stereotipuri \u0219i prejudec\u0103\u021bi\u201d, \u201eEchipa cadrelor didactice cool\u201d ori \u201eAmbasadorii Incluziunii\u201d. Vom vorbi despre toate (\u0219i nu numai) la Elite Art Gallery (str. Pia\u021ba Na\u021biunilor Unite, nr. 3-5, Bl. 2, parter, sector 4, Bucure\u0219ti)&hellip;<\/p>\n","category_list":"<a href=\"https:\/\/www.agentiaimpreuna.ro\/cunoasterea-romului-de-langa-noi\/category\/negategorizat\/\" rel=\"category tag\">Necategorizat<\/a>","author_info":{"name":"Georgiana Ionita","url":"https:\/\/www.agentiaimpreuna.ro\/cunoasterea-romului-de-langa-noi\/author\/georgiana\/"},"comments_num":"0 comments","_links":{"self":[{"href":"https:\/\/www.agentiaimpreuna.ro\/cunoasterea-romului-de-langa-noi\/wp-json\/wp\/v2\/posts\/1743","targetHints":{"allow":["GET"]}}],"collection":[{"href":"https:\/\/www.agentiaimpreuna.ro\/cunoasterea-romului-de-langa-noi\/wp-json\/wp\/v2\/posts"}],"about":[{"href":"https:\/\/www.agentiaimpreuna.ro\/cunoasterea-romului-de-langa-noi\/wp-json\/wp\/v2\/types\/post"}],"author":[{"embeddable":true,"href":"https:\/\/www.agentiaimpreuna.ro\/cunoasterea-romului-de-langa-noi\/wp-json\/wp\/v2\/users\/2"}],"replies":[{"embeddable":true,"href":"https:\/\/www.agentiaimpreuna.ro\/cunoasterea-romului-de-langa-noi\/wp-json\/wp\/v2\/comments?post=1743"}],"version-history":[{"count":1,"href":"https:\/\/www.agentiaimpreuna.ro\/cunoasterea-romului-de-langa-noi\/wp-json\/wp\/v2\/posts\/1743\/revisions"}],"predecessor-version":[{"id":1745,"href":"https:\/\/www.agentiaimpreuna.ro\/cunoasterea-romului-de-langa-noi\/wp-json\/wp\/v2\/posts\/1743\/revisions\/1745"}],"wp:featuredmedia":[{"embeddable":true,"href":"https:\/\/www.agentiaimpreuna.ro\/cunoasterea-romului-de-langa-noi\/wp-json\/wp\/v2\/media\/1744"}],"wp:attachment":[{"href":"https:\/\/www.agentiaimpreuna.ro\/cunoasterea-romului-de-langa-noi\/wp-json\/wp\/v2\/media?parent=1743"}],"wp:term":[{"taxonomy":"category","embeddable":true,"href":"https:\/\/www.agentiaimpreuna.ro\/cunoasterea-romului-de-langa-noi\/wp-json\/wp\/v2\/categories?post=1743"},{"taxonomy":"post_tag","embeddable":true,"href":"https:\/\/www.agentiaimpreuna.ro\/cunoasterea-romului-de-langa-noi\/wp-json\/wp\/v2\/tags?post=1743"}],"curies":[{"name":"wp","href":"https:\/\/api.w.org\/{rel}","templated":true}]}}