{"id":1689,"date":"2023-09-15T18:30:00","date_gmt":"2023-09-15T18:30:00","guid":{"rendered":"https:\/\/www.agentiaimpreuna.ro\/cunoasterea-romului-de-langa-noi\/?p=1689"},"modified":"2023-09-28T09:19:49","modified_gmt":"2023-09-28T09:19:49","slug":"iubirea-care-darama-ziduri-expozitie-la-heavy-yard-4","status":"publish","type":"post","link":"https:\/\/www.agentiaimpreuna.ro\/cunoasterea-romului-de-langa-noi\/negategorizat\/iubirea-care-darama-ziduri-expozitie-la-heavy-yard-4\/","title":{"rendered":"Iubirea care d\u0103r\u00e2m\u0103 ziduri: expozi\u021bie la @Heavy Yard"},"content":{"rendered":"\n<p>Pe 11 septembrie am lansat \u201eIubirea care d\u0103r\u00e2m\u0103 ziduri&#8221;, o campanie care s\u0103 ne aminteasc\u0103, la \u00eenceput de an \u0219colar, c\u00e2t de mult \u0219i frumos po\u021bi cre\u0219te dac\u0103 ai \u00een spate oameni care cred \u00een tine.<\/p>\n\n\n\n<p>A venit vremea s\u0103 o scoatem \u0219i \u00een lume. Iar prima noastr\u0103 oprire, de o s\u0103pt\u0103m\u00e2n\u0103, este la Heavy Yard (Str. Vasile Lasc\u0103r 38) <img loading=\"lazy\" decoding=\"async\" height=\"16\" width=\"16\" alt=\"\ud83e\udd0d\" src=\"https:\/\/static.xx.fbcdn.net\/images\/emoji.php\/v9\/t64\/2\/16\/1f90d.png\"><img loading=\"lazy\" decoding=\"async\" height=\"16\" width=\"16\" alt=\"\ud83c\udf31\" src=\"https:\/\/static.xx.fbcdn.net\/images\/emoji.php\/v9\/t8\/2\/16\/1f331.png\">.<\/p>\n\n\n\n<p>Campania va rula o \u00eentreag\u0103 s\u0103pt\u0103m\u00e2n\u0103, \u00eentre 18 \u0219i 24 septembrie, timp \u00een care ve\u021bi putea descoperi pove\u0219tile unor oameni care nu s-au ab\u0103tut de la drumul <a><\/a>lor tocmai pentru c\u0103 au avut \u00een spate al\u021bi oameni care au crezut \u00een ei.<\/p>\n\n\n\n<p>V\u0103 a\u0219tept\u0103m cu drag! S\u0103 ne cunoa\u0219tem, s\u0103 st\u0103m la o cafea \u0219i s\u0103 ne povestim despre oamenii care \u201ene-au f\u0103cut mari\u201d de-a lungul timpului.<\/p>\n\n\n\n<p>***<\/p>\n\n\n\n<p>Campania \u201eIubirea care d\u0103r\u00e2m\u0103 ziduri&#8221; este parte a proiectului \u201eCunoa\u0219terea (r)omului de l\u00e2ng\u0103 noi&#8221;, proiect derulat de Agen\u021bia de Dezvoltare Comunitar\u0103 \u201e\u00cempreun\u0103&#8221;, prin programul Active Citizens Fund Romania, finan\u021bat de Islanda, Liechtenstein \u0219i Norvegia prin Granturile SEE 2014-2021. Proiectul \u201eCunoa\u0219terea (r)omului de l\u00e2ng\u0103 noi&#8221; are ca scop cre\u0219terea nivelului de con\u0219tientizare asupra drepturilor omului \u0219i tratamentului egal, cu focus pe minoritatea rom\u0103.<\/p>\n\n\n\n<p><a href=\"https:\/\/www.facebook.com\/acfromania?__cft__[0]=AZVECOBe6u0uomiTc_n4S5eKoB8lWoXdbUg4n0OyjDr-T8GbcyHryEy0-0Ig-Z7fGZLI5hldAXCtiQRK4fX4mN3fXuLLXFHbpW4Jn3K_nBgBUaWIZp6_NuV6DHFi7IhndfKzIEiJXwfaSKJYtqhmAQIkGZeeLuP6UP8HvXUdWRz6zUzUk8V2qUK0dQN6IQ52ufk&amp;__tn__=-]K-R\">Active Citizens Fund &#8211; Romania<\/a><\/p>\n\n\n\n<p><a href=\"https:\/\/www.facebook.com\/hashtag\/haide?__eep__=6&amp;__cft__[0]=AZVECOBe6u0uomiTc_n4S5eKoB8lWoXdbUg4n0OyjDr-T8GbcyHryEy0-0Ig-Z7fGZLI5hldAXCtiQRK4fX4mN3fXuLLXFHbpW4Jn3K_nBgBUaWIZp6_NuV6DHFi7IhndfKzIEiJXwfaSKJYtqhmAQIkGZeeLuP6UP8HvXUdWRz6zUzUk8V2qUK0dQN6IQ52ufk&amp;__tn__=*NK-R\">#haide<\/a><a href=\"https:\/\/www.facebook.com\/hashtag\/activecitizensfund?__eep__=6&amp;__cft__[0]=AZVECOBe6u0uomiTc_n4S5eKoB8lWoXdbUg4n0OyjDr-T8GbcyHryEy0-0Ig-Z7fGZLI5hldAXCtiQRK4fX4mN3fXuLLXFHbpW4Jn3K_nBgBUaWIZp6_NuV6DHFi7IhndfKzIEiJXwfaSKJYtqhmAQIkGZeeLuP6UP8HvXUdWRz6zUzUk8V2qUK0dQN6IQ52ufk&amp;__tn__=*NK-R\">#ActiveCitizensFund<\/a><a href=\"https:\/\/www.facebook.com\/hashtag\/romania?__eep__=6&amp;__cft__[0]=AZVECOBe6u0uomiTc_n4S5eKoB8lWoXdbUg4n0OyjDr-T8GbcyHryEy0-0Ig-Z7fGZLI5hldAXCtiQRK4fX4mN3fXuLLXFHbpW4Jn3K_nBgBUaWIZp6_NuV6DHFi7IhndfKzIEiJXwfaSKJYtqhmAQIkGZeeLuP6UP8HvXUdWRz6zUzUk8V2qUK0dQN6IQ52ufk&amp;__tn__=*NK-R\">#Romania<\/a><a href=\"https:\/\/www.facebook.com\/hashtag\/activecitizens?__eep__=6&amp;__cft__[0]=AZVECOBe6u0uomiTc_n4S5eKoB8lWoXdbUg4n0OyjDr-T8GbcyHryEy0-0Ig-Z7fGZLI5hldAXCtiQRK4fX4mN3fXuLLXFHbpW4Jn3K_nBgBUaWIZp6_NuV6DHFi7IhndfKzIEiJXwfaSKJYtqhmAQIkGZeeLuP6UP8HvXUdWRz6zUzUk8V2qUK0dQN6IQ52ufk&amp;__tn__=*NK-R\">#activecitizens<\/a><a href=\"https:\/\/www.facebook.com\/hashtag\/eeanorwaygrants?__eep__=6&amp;__cft__[0]=AZVECOBe6u0uomiTc_n4S5eKoB8lWoXdbUg4n0OyjDr-T8GbcyHryEy0-0Ig-Z7fGZLI5hldAXCtiQRK4fX4mN3fXuLLXFHbpW4Jn3K_nBgBUaWIZp6_NuV6DHFi7IhndfKzIEiJXwfaSKJYtqhmAQIkGZeeLuP6UP8HvXUdWRz6zUzUk8V2qUK0dQN6IQ52ufk&amp;__tn__=*NK-R\">#EEANorwayGrants<\/a>.<\/p>\n\n\n\n<figure class=\"wp-block-image size-large\"><img loading=\"lazy\" decoding=\"async\" width=\"1024\" height=\"1024\" src=\"https:\/\/www.agentiaimpreuna.ro\/cunoasterea-romului-de-langa-noi\/wp-content\/uploads\/2023\/09\/image-23-1024x1024.png\" alt=\"\" class=\"wp-image-1690\" srcset=\"https:\/\/www.agentiaimpreuna.ro\/cunoasterea-romului-de-langa-noi\/wp-content\/uploads\/2023\/09\/image-23-1024x1024.png 1024w, https:\/\/www.agentiaimpreuna.ro\/cunoasterea-romului-de-langa-noi\/wp-content\/uploads\/2023\/09\/image-23-300x300.png 300w, https:\/\/www.agentiaimpreuna.ro\/cunoasterea-romului-de-langa-noi\/wp-content\/uploads\/2023\/09\/image-23-150x150.png 150w, https:\/\/www.agentiaimpreuna.ro\/cunoasterea-romului-de-langa-noi\/wp-content\/uploads\/2023\/09\/image-23-768x768.png 768w, https:\/\/www.agentiaimpreuna.ro\/cunoasterea-romului-de-langa-noi\/wp-content\/uploads\/2023\/09\/image-23.png 1080w\" sizes=\"auto, (max-width: 1024px) 100vw, 1024px\" \/><\/figure>\n","protected":false},"excerpt":{"rendered":"<p>Pe 11 septembrie am lansat \u201eIubirea care d\u0103r\u00e2m\u0103 ziduri&#8221;, o campanie care s\u0103 ne aminteasc\u0103, la \u00eenceput de an \u0219colar, c\u00e2t de mult \u0219i frumos po\u021bi cre\u0219te dac\u0103 ai \u00een spate oameni care cred \u00een tine. A venit vremea s\u0103 o scoatem \u0219i \u00een lume. Iar prima noastr\u0103 oprire, de o s\u0103pt\u0103m\u00e2n\u0103, este la Heavy [&hellip;]<\/p>\n","protected":false},"author":2,"featured_media":1690,"comment_status":"open","ping_status":"open","sticky":false,"template":"","format":"standard","meta":{"footnotes":""},"categories":[1],"tags":[],"class_list":["post-1689","post","type-post","status-publish","format-standard","has-post-thumbnail","hentry","category-negategorizat"],"blocksy_meta":{"styles_descriptor":{"styles":{"desktop":"","tablet":"","mobile":""},"google_fonts":[],"version":6}},"featured_image_urls":{"full":["https:\/\/www.agentiaimpreuna.ro\/cunoasterea-romului-de-langa-noi\/wp-content\/uploads\/2023\/09\/image-23.png",1080,1080,false],"thumbnail":["https:\/\/www.agentiaimpreuna.ro\/cunoasterea-romului-de-langa-noi\/wp-content\/uploads\/2023\/09\/image-23-150x150.png",150,150,true],"medium":["https:\/\/www.agentiaimpreuna.ro\/cunoasterea-romului-de-langa-noi\/wp-content\/uploads\/2023\/09\/image-23-300x300.png",300,300,true],"medium_large":["https:\/\/www.agentiaimpreuna.ro\/cunoasterea-romului-de-langa-noi\/wp-content\/uploads\/2023\/09\/image-23-768x768.png",768,768,true],"large":["https:\/\/www.agentiaimpreuna.ro\/cunoasterea-romului-de-langa-noi\/wp-content\/uploads\/2023\/09\/image-23-1024x1024.png",1024,1024,true],"1536x1536":["https:\/\/www.agentiaimpreuna.ro\/cunoasterea-romului-de-langa-noi\/wp-content\/uploads\/2023\/09\/image-23.png",1080,1080,false],"2048x2048":["https:\/\/www.agentiaimpreuna.ro\/cunoasterea-romului-de-langa-noi\/wp-content\/uploads\/2023\/09\/image-23.png",1080,1080,false]},"post_excerpt_stackable":"<p>Pe 11 septembrie am lansat \u201eIubirea care d\u0103r\u00e2m\u0103 ziduri&#8221;, o campanie care s\u0103 ne aminteasc\u0103, la \u00eenceput de an \u0219colar, c\u00e2t de mult \u0219i frumos po\u021bi cre\u0219te dac\u0103 ai \u00een spate oameni care cred \u00een tine. A venit vremea s\u0103 o scoatem \u0219i \u00een lume. Iar prima noastr\u0103 oprire, de o s\u0103pt\u0103m\u00e2n\u0103, este la Heavy Yard (Str. Vasile Lasc\u0103r 38) . Campania va rula o \u00eentreag\u0103 s\u0103pt\u0103m\u00e2n\u0103, \u00eentre 18 \u0219i 24 septembrie, timp \u00een care ve\u021bi putea descoperi pove\u0219tile unor oameni care nu s-au ab\u0103tut de la drumul lor tocmai pentru c\u0103 au avut \u00een spate al\u021bi oameni care au&hellip;<\/p>\n","category_list":"<a href=\"https:\/\/www.agentiaimpreuna.ro\/cunoasterea-romului-de-langa-noi\/category\/negategorizat\/\" rel=\"category tag\">Necategorizat<\/a>","author_info":{"name":"Georgiana Ionita","url":"https:\/\/www.agentiaimpreuna.ro\/cunoasterea-romului-de-langa-noi\/author\/georgiana\/"},"comments_num":"0 comments","_links":{"self":[{"href":"https:\/\/www.agentiaimpreuna.ro\/cunoasterea-romului-de-langa-noi\/wp-json\/wp\/v2\/posts\/1689","targetHints":{"allow":["GET"]}}],"collection":[{"href":"https:\/\/www.agentiaimpreuna.ro\/cunoasterea-romului-de-langa-noi\/wp-json\/wp\/v2\/posts"}],"about":[{"href":"https:\/\/www.agentiaimpreuna.ro\/cunoasterea-romului-de-langa-noi\/wp-json\/wp\/v2\/types\/post"}],"author":[{"embeddable":true,"href":"https:\/\/www.agentiaimpreuna.ro\/cunoasterea-romului-de-langa-noi\/wp-json\/wp\/v2\/users\/2"}],"replies":[{"embeddable":true,"href":"https:\/\/www.agentiaimpreuna.ro\/cunoasterea-romului-de-langa-noi\/wp-json\/wp\/v2\/comments?post=1689"}],"version-history":[{"count":1,"href":"https:\/\/www.agentiaimpreuna.ro\/cunoasterea-romului-de-langa-noi\/wp-json\/wp\/v2\/posts\/1689\/revisions"}],"predecessor-version":[{"id":1691,"href":"https:\/\/www.agentiaimpreuna.ro\/cunoasterea-romului-de-langa-noi\/wp-json\/wp\/v2\/posts\/1689\/revisions\/1691"}],"wp:featuredmedia":[{"embeddable":true,"href":"https:\/\/www.agentiaimpreuna.ro\/cunoasterea-romului-de-langa-noi\/wp-json\/wp\/v2\/media\/1690"}],"wp:attachment":[{"href":"https:\/\/www.agentiaimpreuna.ro\/cunoasterea-romului-de-langa-noi\/wp-json\/wp\/v2\/media?parent=1689"}],"wp:term":[{"taxonomy":"category","embeddable":true,"href":"https:\/\/www.agentiaimpreuna.ro\/cunoasterea-romului-de-langa-noi\/wp-json\/wp\/v2\/categories?post=1689"},{"taxonomy":"post_tag","embeddable":true,"href":"https:\/\/www.agentiaimpreuna.ro\/cunoasterea-romului-de-langa-noi\/wp-json\/wp\/v2\/tags?post=1689"}],"curies":[{"name":"wp","href":"https:\/\/api.w.org\/{rel}","templated":true}]}}