{"id":1640,"date":"2023-09-17T08:00:00","date_gmt":"2023-09-17T08:00:00","guid":{"rendered":"https:\/\/www.agentiaimpreuna.ro\/cunoasterea-romului-de-langa-noi\/?p=1640"},"modified":"2023-09-20T07:29:18","modified_gmt":"2023-09-20T07:29:18","slug":"%f0%9d%90%8c%f0%9d%90%9a%f0%9d%90%a2-%f0%9d%90%a6%f0%9d%90%ae%f0%9d%90%a5%f0%9d%90%ad-%f0%9d%90%9d%f0%9d%90%9e%f0%9d%90%9c%f0%9d%90%9a%cc%82%f0%9d%90%ad-%f0%9d%90%a8-%f0%9d%90%ac%f0%9d%90%a2","status":"publish","type":"post","link":"https:\/\/www.agentiaimpreuna.ro\/cunoasterea-romului-de-langa-noi\/negategorizat\/%f0%9d%90%8c%f0%9d%90%9a%f0%9d%90%a2-%f0%9d%90%a6%f0%9d%90%ae%f0%9d%90%a5%f0%9d%90%ad-%f0%9d%90%9d%f0%9d%90%9e%f0%9d%90%9c%f0%9d%90%9a%cc%82%f0%9d%90%ad-%f0%9d%90%a8-%f0%9d%90%ac%f0%9d%90%a2\/","title":{"rendered":"\ud835\udc0c\ud835\udc1a\ud835\udc22 \ud835\udc26\ud835\udc2e\ud835\udc25\ud835\udc2d \ud835\udc1d\ud835\udc1e\ud835\udc1c\ud835\udc1a\u0302\ud835\udc2d \ud835\udc28 \ud835\udc2c\ud835\udc22\ud835\udc26\ud835\udc29\ud835\udc25\ud835\udc1a\u0306 \ud835\udc22\u0302\ud835\udc27\ud835\udc2d\ud835\udc1a\u0302\ud835\udc25\ud835\udc27\ud835\udc22\ud835\udc2b\ud835\udc1e"},"content":{"rendered":"\n<p>Emil Nepot, creator con\u021binut online, al\u0103turi de Micutzu (Cosmin Nedelcu)<\/p>\n\n\n\n<p>\u201eAm \u00eenceput s\u0103 \u00eei urm\u0103resc activitatea lui Cosmin (Micutzu) \u00eenc\u0103 din 2012, pe Facebook. Nu m\u0103 sfiam niciodat\u0103 s\u0103 \u00eei scriu \u0219i s\u0103 \u00eei spun c\u00e2t de mult \u00eel apreciez. \u00cemi r\u0103spundea \u00eentotdeauna la mesaje cu un simplu \u201emul\u021bumesc\u201d. Anul trecut, Cosmin m-a invitat la podcastul lui, care la vremea aceea era cel mai cunoscut din Rom\u00e2nia. Imagina\u021bi-v\u0103 s\u0103 <a><\/a>idolatriza\u021bi pe cineva toat\u0103 copil\u0103ria \u0219i c\u00e2nd ajunge\u021bi la maturitate acea persoana s\u0103 v\u0103 ofere o ramp\u0103 de lansare \u00een carier\u0103. Privind prin lentila camerei, am v\u0103zut \u00een idolul meu nu doar artistul pe care \u00eel admiram, ci \u0219i omul. Aceast\u0103 sesiune foto a fost mai mult dec\u00e2t o simpl\u0103 \u00eent\u00e2lnire cu un idol. A fost o experien\u021b\u0103 care mi-a permis s\u0103 v\u0103d dincolo de str\u0103lucirea reflectoarelor \u0219i s\u0103 \u00een\u021beleg c\u0103 idolii no\u0219tri, de\u0219i excep\u021bionali \u00een munca lor, sunt totu\u0219i oameni.\u201d<\/p>\n\n\n\n<p>Fotografie de @<a href=\"https:\/\/www.facebook.com\/alexgalmeanuphotography?__cft__[0]=AZV-e-oiC58SIZ1cidfEZLyGTms8KK_f2qMMdk2FKXZqQ1CP8G-Lk_UQwD1gdBXJqtQAfkEw1LAIbQw1AnY87agZ4872Ni78UQjZcroBFHjNGJE2a73jTwbQ8h9lpNLlKVYPa3SO7-OQDuOwZwyWh0ACbhl70VrXIySXPmHXokgZ4JJ4yrksjMqNqwnoBfGQd71pBoLlKgprtyWBCILLgi1_&amp;__tn__=-]K-R\">Alex Galmeanu Photography<\/a><\/p>\n\n\n\n<p>Poveste de Emil Nepot<\/p>\n\n\n\n<p><a href=\"https:\/\/www.facebook.com\/hashtag\/iubireacaredaramaziduri?__eep__=6&amp;__cft__[0]=AZV-e-oiC58SIZ1cidfEZLyGTms8KK_f2qMMdk2FKXZqQ1CP8G-Lk_UQwD1gdBXJqtQAfkEw1LAIbQw1AnY87agZ4872Ni78UQjZcroBFHjNGJE2a73jTwbQ8h9lpNLlKVYPa3SO7-OQDuOwZwyWh0ACbhl70VrXIySXPmHXokgZ4JJ4yrksjMqNqwnoBfGQd71pBoLlKgprtyWBCILLgi1_&amp;__tn__=*NK-R\">#iubireacaredaramaziduri<\/a><\/p>\n\n\n\n<p>***<\/p>\n\n\n\n<p><a href=\"https:\/\/www.facebook.com\/acfromania?__cft__[0]=AZV-e-oiC58SIZ1cidfEZLyGTms8KK_f2qMMdk2FKXZqQ1CP8G-Lk_UQwD1gdBXJqtQAfkEw1LAIbQw1AnY87agZ4872Ni78UQjZcroBFHjNGJE2a73jTwbQ8h9lpNLlKVYPa3SO7-OQDuOwZwyWh0ACbhl70VrXIySXPmHXokgZ4JJ4yrksjMqNqwnoBfGQd71pBoLlKgprtyWBCILLgi1_&amp;__tn__=-]K-R\">Active Citizens Fund &#8211; Romania<\/a><\/p>\n\n\n\n<p><a href=\"https:\/\/www.facebook.com\/hashtag\/haide?__eep__=6&amp;__cft__[0]=AZV-e-oiC58SIZ1cidfEZLyGTms8KK_f2qMMdk2FKXZqQ1CP8G-Lk_UQwD1gdBXJqtQAfkEw1LAIbQw1AnY87agZ4872Ni78UQjZcroBFHjNGJE2a73jTwbQ8h9lpNLlKVYPa3SO7-OQDuOwZwyWh0ACbhl70VrXIySXPmHXokgZ4JJ4yrksjMqNqwnoBfGQd71pBoLlKgprtyWBCILLgi1_&amp;__tn__=*NK-R\">#haide<\/a><a href=\"https:\/\/www.facebook.com\/hashtag\/activecitizensfund?__eep__=6&amp;__cft__[0]=AZV-e-oiC58SIZ1cidfEZLyGTms8KK_f2qMMdk2FKXZqQ1CP8G-Lk_UQwD1gdBXJqtQAfkEw1LAIbQw1AnY87agZ4872Ni78UQjZcroBFHjNGJE2a73jTwbQ8h9lpNLlKVYPa3SO7-OQDuOwZwyWh0ACbhl70VrXIySXPmHXokgZ4JJ4yrksjMqNqwnoBfGQd71pBoLlKgprtyWBCILLgi1_&amp;__tn__=*NK-R\">#ActiveCitizensFund<\/a><a href=\"https:\/\/www.facebook.com\/hashtag\/romania?__eep__=6&amp;__cft__[0]=AZV-e-oiC58SIZ1cidfEZLyGTms8KK_f2qMMdk2FKXZqQ1CP8G-Lk_UQwD1gdBXJqtQAfkEw1LAIbQw1AnY87agZ4872Ni78UQjZcroBFHjNGJE2a73jTwbQ8h9lpNLlKVYPa3SO7-OQDuOwZwyWh0ACbhl70VrXIySXPmHXokgZ4JJ4yrksjMqNqwnoBfGQd71pBoLlKgprtyWBCILLgi1_&amp;__tn__=*NK-R\">#Romania<\/a><a href=\"https:\/\/www.facebook.com\/hashtag\/activecitizens?__eep__=6&amp;__cft__[0]=AZV-e-oiC58SIZ1cidfEZLyGTms8KK_f2qMMdk2FKXZqQ1CP8G-Lk_UQwD1gdBXJqtQAfkEw1LAIbQw1AnY87agZ4872Ni78UQjZcroBFHjNGJE2a73jTwbQ8h9lpNLlKVYPa3SO7-OQDuOwZwyWh0ACbhl70VrXIySXPmHXokgZ4JJ4yrksjMqNqwnoBfGQd71pBoLlKgprtyWBCILLgi1_&amp;__tn__=*NK-R\">#activecitizens<\/a><a href=\"https:\/\/www.facebook.com\/hashtag\/eeanorwaygrants?__eep__=6&amp;__cft__[0]=AZV-e-oiC58SIZ1cidfEZLyGTms8KK_f2qMMdk2FKXZqQ1CP8G-Lk_UQwD1gdBXJqtQAfkEw1LAIbQw1AnY87agZ4872Ni78UQjZcroBFHjNGJE2a73jTwbQ8h9lpNLlKVYPa3SO7-OQDuOwZwyWh0ACbhl70VrXIySXPmHXokgZ4JJ4yrksjMqNqwnoBfGQd71pBoLlKgprtyWBCILLgi1_&amp;__tn__=*NK-R\">#EEANorwayGrants<\/a>.<\/p>\n\n\n\n<figure class=\"wp-block-image size-large\"><img loading=\"lazy\" decoding=\"async\" width=\"1024\" height=\"683\" src=\"https:\/\/www.agentiaimpreuna.ro\/cunoasterea-romului-de-langa-noi\/wp-content\/uploads\/2023\/09\/FundatiaImpreuna_OmulDeLangaTine_20230529_3240-1024x683.jpg\" alt=\"\" class=\"wp-image-1641\" srcset=\"https:\/\/www.agentiaimpreuna.ro\/cunoasterea-romului-de-langa-noi\/wp-content\/uploads\/2023\/09\/FundatiaImpreuna_OmulDeLangaTine_20230529_3240-1024x683.jpg 1024w, https:\/\/www.agentiaimpreuna.ro\/cunoasterea-romului-de-langa-noi\/wp-content\/uploads\/2023\/09\/FundatiaImpreuna_OmulDeLangaTine_20230529_3240-300x200.jpg 300w, https:\/\/www.agentiaimpreuna.ro\/cunoasterea-romului-de-langa-noi\/wp-content\/uploads\/2023\/09\/FundatiaImpreuna_OmulDeLangaTine_20230529_3240-768x512.jpg 768w, https:\/\/www.agentiaimpreuna.ro\/cunoasterea-romului-de-langa-noi\/wp-content\/uploads\/2023\/09\/FundatiaImpreuna_OmulDeLangaTine_20230529_3240-1536x1024.jpg 1536w, https:\/\/www.agentiaimpreuna.ro\/cunoasterea-romului-de-langa-noi\/wp-content\/uploads\/2023\/09\/FundatiaImpreuna_OmulDeLangaTine_20230529_3240-2048x1366.jpg 2048w\" sizes=\"auto, (max-width: 1024px) 100vw, 1024px\" \/><\/figure>\n","protected":false},"excerpt":{"rendered":"<p>Emil Nepot, creator con\u021binut online, al\u0103turi de Micutzu (Cosmin Nedelcu) \u201eAm \u00eenceput s\u0103 \u00eei urm\u0103resc activitatea lui Cosmin (Micutzu) \u00eenc\u0103 din 2012, pe Facebook. Nu m\u0103 sfiam niciodat\u0103 s\u0103 \u00eei scriu \u0219i s\u0103 \u00eei spun c\u00e2t de mult \u00eel apreciez. \u00cemi r\u0103spundea \u00eentotdeauna la mesaje cu un simplu \u201emul\u021bumesc\u201d. Anul trecut, Cosmin m-a invitat la [&hellip;]<\/p>\n","protected":false},"author":2,"featured_media":1641,"comment_status":"open","ping_status":"open","sticky":false,"template":"","format":"standard","meta":{"footnotes":""},"categories":[1],"tags":[],"class_list":["post-1640","post","type-post","status-publish","format-standard","has-post-thumbnail","hentry","category-negategorizat"],"blocksy_meta":{"styles_descriptor":{"styles":{"desktop":"","tablet":"","mobile":""},"google_fonts":[],"version":6}},"featured_image_urls":{"full":["https:\/\/www.agentiaimpreuna.ro\/cunoasterea-romului-de-langa-noi\/wp-content\/uploads\/2023\/09\/FundatiaImpreuna_OmulDeLangaTine_20230529_3240-scaled.jpg",2560,1707,false],"thumbnail":["https:\/\/www.agentiaimpreuna.ro\/cunoasterea-romului-de-langa-noi\/wp-content\/uploads\/2023\/09\/FundatiaImpreuna_OmulDeLangaTine_20230529_3240-150x150.jpg",150,150,true],"medium":["https:\/\/www.agentiaimpreuna.ro\/cunoasterea-romului-de-langa-noi\/wp-content\/uploads\/2023\/09\/FundatiaImpreuna_OmulDeLangaTine_20230529_3240-300x200.jpg",300,200,true],"medium_large":["https:\/\/www.agentiaimpreuna.ro\/cunoasterea-romului-de-langa-noi\/wp-content\/uploads\/2023\/09\/FundatiaImpreuna_OmulDeLangaTine_20230529_3240-768x512.jpg",768,512,true],"large":["https:\/\/www.agentiaimpreuna.ro\/cunoasterea-romului-de-langa-noi\/wp-content\/uploads\/2023\/09\/FundatiaImpreuna_OmulDeLangaTine_20230529_3240-1024x683.jpg",1024,683,true],"1536x1536":["https:\/\/www.agentiaimpreuna.ro\/cunoasterea-romului-de-langa-noi\/wp-content\/uploads\/2023\/09\/FundatiaImpreuna_OmulDeLangaTine_20230529_3240-1536x1024.jpg",1536,1024,true],"2048x2048":["https:\/\/www.agentiaimpreuna.ro\/cunoasterea-romului-de-langa-noi\/wp-content\/uploads\/2023\/09\/FundatiaImpreuna_OmulDeLangaTine_20230529_3240-2048x1366.jpg",2048,1366,true]},"post_excerpt_stackable":"<p>Emil Nepot, creator con\u021binut online, al\u0103turi de Micutzu (Cosmin Nedelcu) \u201eAm \u00eenceput s\u0103 \u00eei urm\u0103resc activitatea lui Cosmin (Micutzu) \u00eenc\u0103 din 2012, pe Facebook. Nu m\u0103 sfiam niciodat\u0103 s\u0103 \u00eei scriu \u0219i s\u0103 \u00eei spun c\u00e2t de mult \u00eel apreciez. \u00cemi r\u0103spundea \u00eentotdeauna la mesaje cu un simplu \u201emul\u021bumesc\u201d. Anul trecut, Cosmin m-a invitat la podcastul lui, care la vremea aceea era cel mai cunoscut din Rom\u00e2nia. Imagina\u021bi-v\u0103 s\u0103 idolatriza\u021bi pe cineva toat\u0103 copil\u0103ria \u0219i c\u00e2nd ajunge\u021bi la maturitate acea persoana s\u0103 v\u0103 ofere o ramp\u0103 de lansare \u00een carier\u0103. Privind prin lentila camerei, am v\u0103zut \u00een idolul meu nu&hellip;<\/p>\n","category_list":"<a href=\"https:\/\/www.agentiaimpreuna.ro\/cunoasterea-romului-de-langa-noi\/category\/negategorizat\/\" rel=\"category tag\">Necategorizat<\/a>","author_info":{"name":"Georgiana Ionita","url":"https:\/\/www.agentiaimpreuna.ro\/cunoasterea-romului-de-langa-noi\/author\/georgiana\/"},"comments_num":"0 comments","_links":{"self":[{"href":"https:\/\/www.agentiaimpreuna.ro\/cunoasterea-romului-de-langa-noi\/wp-json\/wp\/v2\/posts\/1640","targetHints":{"allow":["GET"]}}],"collection":[{"href":"https:\/\/www.agentiaimpreuna.ro\/cunoasterea-romului-de-langa-noi\/wp-json\/wp\/v2\/posts"}],"about":[{"href":"https:\/\/www.agentiaimpreuna.ro\/cunoasterea-romului-de-langa-noi\/wp-json\/wp\/v2\/types\/post"}],"author":[{"embeddable":true,"href":"https:\/\/www.agentiaimpreuna.ro\/cunoasterea-romului-de-langa-noi\/wp-json\/wp\/v2\/users\/2"}],"replies":[{"embeddable":true,"href":"https:\/\/www.agentiaimpreuna.ro\/cunoasterea-romului-de-langa-noi\/wp-json\/wp\/v2\/comments?post=1640"}],"version-history":[{"count":1,"href":"https:\/\/www.agentiaimpreuna.ro\/cunoasterea-romului-de-langa-noi\/wp-json\/wp\/v2\/posts\/1640\/revisions"}],"predecessor-version":[{"id":1642,"href":"https:\/\/www.agentiaimpreuna.ro\/cunoasterea-romului-de-langa-noi\/wp-json\/wp\/v2\/posts\/1640\/revisions\/1642"}],"wp:featuredmedia":[{"embeddable":true,"href":"https:\/\/www.agentiaimpreuna.ro\/cunoasterea-romului-de-langa-noi\/wp-json\/wp\/v2\/media\/1641"}],"wp:attachment":[{"href":"https:\/\/www.agentiaimpreuna.ro\/cunoasterea-romului-de-langa-noi\/wp-json\/wp\/v2\/media?parent=1640"}],"wp:term":[{"taxonomy":"category","embeddable":true,"href":"https:\/\/www.agentiaimpreuna.ro\/cunoasterea-romului-de-langa-noi\/wp-json\/wp\/v2\/categories?post=1640"},{"taxonomy":"post_tag","embeddable":true,"href":"https:\/\/www.agentiaimpreuna.ro\/cunoasterea-romului-de-langa-noi\/wp-json\/wp\/v2\/tags?post=1640"}],"curies":[{"name":"wp","href":"https:\/\/api.w.org\/{rel}","templated":true}]}}