{"id":1638,"date":"2023-09-16T08:30:00","date_gmt":"2023-09-16T08:30:00","guid":{"rendered":"https:\/\/www.agentiaimpreuna.ro\/cunoasterea-romului-de-langa-noi\/?p=1638"},"modified":"2023-09-20T07:28:06","modified_gmt":"2023-09-20T07:28:06","slug":"%f0%9d%90%83%f0%9d%90%ab%f0%9d%90%9a%f0%9d%90%a0%f0%9d%90%a8%f0%9d%90%ac%f0%9d%90%ad%f0%9d%90%9e%f0%9d%90%9a-%f0%9d%90%a7%f0%9d%90%9e%f0%9d%90%9c%f0%9d%90%a8%f0%9d%90%a7%f0%9d%90%9d%f0%9d%90%a2","status":"publish","type":"post","link":"https:\/\/www.agentiaimpreuna.ro\/cunoasterea-romului-de-langa-noi\/negategorizat\/%f0%9d%90%83%f0%9d%90%ab%f0%9d%90%9a%f0%9d%90%a0%f0%9d%90%a8%f0%9d%90%ac%f0%9d%90%ad%f0%9d%90%9e%f0%9d%90%9a-%f0%9d%90%a7%f0%9d%90%9e%f0%9d%90%9c%f0%9d%90%a8%f0%9d%90%a7%f0%9d%90%9d%f0%9d%90%a2\/","title":{"rendered":"\ud835\udc03\ud835\udc2b\ud835\udc1a\ud835\udc20\ud835\udc28\ud835\udc2c\ud835\udc2d\ud835\udc1e\ud835\udc1a \ud835\udc27\ud835\udc1e\ud835\udc1c\ud835\udc28\ud835\udc27\ud835\udc1d\ud835\udc22\ud835\udc2d\u0326\ud835\udc22\ud835\udc28\ud835\udc27\ud835\udc1a\ud835\udc2d\ud835\udc1a\u0306 \ud835\udc29\ud835\udc1e\ud835\udc27\ud835\udc2d\ud835\udc2b\ud835\udc2e \ud835\udc26\ud835\udc2e\ud835\udc33\ud835\udc22\ud835\udc1c\ud835\udc1a\u0306"},"content":{"rendered":"\n<p>C\u0103t\u0103lin R\u0103ducanu, pianist concertist, al\u0103turi de fosta profesoar\u0103 de pian, Alma Peter<\/p>\n\n\n\n<p>\u201eAlma Peter este un artist des\u0103v\u00e2r\u0219it. Mai mult dec\u00e2t at\u00e2t este un om empatic \u0219i altruist. Nu vreau s\u0103 folosesc cuvinte mari \u00eentr-un mod gratuit, dar, consider c\u0103 apari\u021bia dumneaei \u00een via\u021ba mea reprezint\u0103 voia lui Dumnezeu. M-a \u00eenv\u0103\u021bat s\u0103 cunosc arta \u0219i s\u0103 o respect \u0219i s\u0103 separ \u201egr\u00e2ul de neghin\u0103\u201d adic\u0103 s\u0103 fiu <a><\/a>posesorul acelui discern\u0103m\u00e2nt estetic indispensabil pentru un artist valabil. Dumneaei mi-a \u00eenf\u0103\u021bi\u0219at lumea interioar\u0103 a muzicii culte dincolo de materialitatea fenomenului acustic propriu zis. M-a \u00eendemnat s\u0103-mi pun probleme reale de via\u021b\u0103 \u0219i de filosofie pentru a-mi g\u0103si libertatea spiritual\u0103 \u0219i independen\u021ba sufleteasc\u0103. M-a \u00eenv\u0103\u021bat bun\u0103tatea, generozitatea \u0219i, nu \u00een ultimul r\u00e2nd, dragostea necondi\u021bionat\u0103 pentru muzic\u0103.\u201d<\/p>\n\n\n\n<p>Fotografie de <a href=\"https:\/\/www.facebook.com\/alexgalmeanuphotography?__cft__[0]=AZVRYH72EZSRAQPpRzBzLnbHrGH8WWBARgk5dQpnohmXhND2PD7-u_g_HBDBOel0i_igRdFShe-ThRGx_CAeYIup1a0aXo-RB_QH6cs9Ej9y3D3TWecPVNQDULjKhIvvwW8rhB6bvtlBei39ZMMOzFQ9v7k2hPzj5ZMC4yg2jTi75lUe1BxL_N5tVYehgurZCM8NhRLw8nE3xMUGMIxgXU11&amp;__tn__=-]K-R\">Alex Galmeanu Photography<\/a><\/p>\n\n\n\n<p>Poveste de <a href=\"https:\/\/www.facebook.com\/catalin.raducanu.9?__cft__[0]=AZVRYH72EZSRAQPpRzBzLnbHrGH8WWBARgk5dQpnohmXhND2PD7-u_g_HBDBOel0i_igRdFShe-ThRGx_CAeYIup1a0aXo-RB_QH6cs9Ej9y3D3TWecPVNQDULjKhIvvwW8rhB6bvtlBei39ZMMOzFQ9v7k2hPzj5ZMC4yg2jTi75lUe1BxL_N5tVYehgurZCM8NhRLw8nE3xMUGMIxgXU11&amp;__tn__=-]K-R\">Catalin Raducanu<\/a><\/p>\n\n\n\n<p><a href=\"https:\/\/www.facebook.com\/hashtag\/iubireacaredaramaziduri?__eep__=6&amp;__cft__[0]=AZVRYH72EZSRAQPpRzBzLnbHrGH8WWBARgk5dQpnohmXhND2PD7-u_g_HBDBOel0i_igRdFShe-ThRGx_CAeYIup1a0aXo-RB_QH6cs9Ej9y3D3TWecPVNQDULjKhIvvwW8rhB6bvtlBei39ZMMOzFQ9v7k2hPzj5ZMC4yg2jTi75lUe1BxL_N5tVYehgurZCM8NhRLw8nE3xMUGMIxgXU11&amp;__tn__=*NK-R\">#iubireacaredaramaziduri<\/a><\/p>\n\n\n\n<p>***<\/p>\n\n\n\n<p><a href=\"https:\/\/www.facebook.com\/acfromania?__cft__[0]=AZVRYH72EZSRAQPpRzBzLnbHrGH8WWBARgk5dQpnohmXhND2PD7-u_g_HBDBOel0i_igRdFShe-ThRGx_CAeYIup1a0aXo-RB_QH6cs9Ej9y3D3TWecPVNQDULjKhIvvwW8rhB6bvtlBei39ZMMOzFQ9v7k2hPzj5ZMC4yg2jTi75lUe1BxL_N5tVYehgurZCM8NhRLw8nE3xMUGMIxgXU11&amp;__tn__=-]K-R\">Active Citizens Fund &#8211; Romania<\/a><\/p>\n\n\n\n<p><a href=\"https:\/\/www.facebook.com\/hashtag\/haide?__eep__=6&amp;__cft__[0]=AZVRYH72EZSRAQPpRzBzLnbHrGH8WWBARgk5dQpnohmXhND2PD7-u_g_HBDBOel0i_igRdFShe-ThRGx_CAeYIup1a0aXo-RB_QH6cs9Ej9y3D3TWecPVNQDULjKhIvvwW8rhB6bvtlBei39ZMMOzFQ9v7k2hPzj5ZMC4yg2jTi75lUe1BxL_N5tVYehgurZCM8NhRLw8nE3xMUGMIxgXU11&amp;__tn__=*NK-R\">#haide<\/a><a href=\"https:\/\/www.facebook.com\/hashtag\/activecitizensfund?__eep__=6&amp;__cft__[0]=AZVRYH72EZSRAQPpRzBzLnbHrGH8WWBARgk5dQpnohmXhND2PD7-u_g_HBDBOel0i_igRdFShe-ThRGx_CAeYIup1a0aXo-RB_QH6cs9Ej9y3D3TWecPVNQDULjKhIvvwW8rhB6bvtlBei39ZMMOzFQ9v7k2hPzj5ZMC4yg2jTi75lUe1BxL_N5tVYehgurZCM8NhRLw8nE3xMUGMIxgXU11&amp;__tn__=*NK-R\">#ActiveCitizensFund<\/a><a href=\"https:\/\/www.facebook.com\/hashtag\/romania?__eep__=6&amp;__cft__[0]=AZVRYH72EZSRAQPpRzBzLnbHrGH8WWBARgk5dQpnohmXhND2PD7-u_g_HBDBOel0i_igRdFShe-ThRGx_CAeYIup1a0aXo-RB_QH6cs9Ej9y3D3TWecPVNQDULjKhIvvwW8rhB6bvtlBei39ZMMOzFQ9v7k2hPzj5ZMC4yg2jTi75lUe1BxL_N5tVYehgurZCM8NhRLw8nE3xMUGMIxgXU11&amp;__tn__=*NK-R\">#Romania<\/a><a href=\"https:\/\/www.facebook.com\/hashtag\/activecitizens?__eep__=6&amp;__cft__[0]=AZVRYH72EZSRAQPpRzBzLnbHrGH8WWBARgk5dQpnohmXhND2PD7-u_g_HBDBOel0i_igRdFShe-ThRGx_CAeYIup1a0aXo-RB_QH6cs9Ej9y3D3TWecPVNQDULjKhIvvwW8rhB6bvtlBei39ZMMOzFQ9v7k2hPzj5ZMC4yg2jTi75lUe1BxL_N5tVYehgurZCM8NhRLw8nE3xMUGMIxgXU11&amp;__tn__=*NK-R\">#activecitizens<\/a><a href=\"https:\/\/www.facebook.com\/hashtag\/eeanorwaygrants?__eep__=6&amp;__cft__[0]=AZVRYH72EZSRAQPpRzBzLnbHrGH8WWBARgk5dQpnohmXhND2PD7-u_g_HBDBOel0i_igRdFShe-ThRGx_CAeYIup1a0aXo-RB_QH6cs9Ej9y3D3TWecPVNQDULjKhIvvwW8rhB6bvtlBei39ZMMOzFQ9v7k2hPzj5ZMC4yg2jTi75lUe1BxL_N5tVYehgurZCM8NhRLw8nE3xMUGMIxgXU11&amp;__tn__=*NK-R\">#EEANorwayGrants<\/a>.<\/p>\n\n\n\n<figure class=\"wp-block-image size-large\"><img loading=\"lazy\" decoding=\"async\" width=\"1024\" height=\"683\" src=\"https:\/\/www.agentiaimpreuna.ro\/cunoasterea-romului-de-langa-noi\/wp-content\/uploads\/2023\/09\/FundatiaImpreuna_OmulDeLangaTine_20230530_8349-1024x683.jpg\" alt=\"\" class=\"wp-image-1635\" srcset=\"https:\/\/www.agentiaimpreuna.ro\/cunoasterea-romului-de-langa-noi\/wp-content\/uploads\/2023\/09\/FundatiaImpreuna_OmulDeLangaTine_20230530_8349-1024x683.jpg 1024w, https:\/\/www.agentiaimpreuna.ro\/cunoasterea-romului-de-langa-noi\/wp-content\/uploads\/2023\/09\/FundatiaImpreuna_OmulDeLangaTine_20230530_8349-300x200.jpg 300w, https:\/\/www.agentiaimpreuna.ro\/cunoasterea-romului-de-langa-noi\/wp-content\/uploads\/2023\/09\/FundatiaImpreuna_OmulDeLangaTine_20230530_8349-768x512.jpg 768w, https:\/\/www.agentiaimpreuna.ro\/cunoasterea-romului-de-langa-noi\/wp-content\/uploads\/2023\/09\/FundatiaImpreuna_OmulDeLangaTine_20230530_8349-1536x1024.jpg 1536w, https:\/\/www.agentiaimpreuna.ro\/cunoasterea-romului-de-langa-noi\/wp-content\/uploads\/2023\/09\/FundatiaImpreuna_OmulDeLangaTine_20230530_8349-2048x1366.jpg 2048w\" sizes=\"auto, (max-width: 1024px) 100vw, 1024px\" \/><\/figure>\n","protected":false},"excerpt":{"rendered":"<p>C\u0103t\u0103lin R\u0103ducanu, pianist concertist, al\u0103turi de fosta profesoar\u0103 de pian, Alma Peter \u201eAlma Peter este un artist des\u0103v\u00e2r\u0219it. Mai mult dec\u00e2t at\u00e2t este un om empatic \u0219i altruist. Nu vreau s\u0103 folosesc cuvinte mari \u00eentr-un mod gratuit, dar, consider c\u0103 apari\u021bia dumneaei \u00een via\u021ba mea reprezint\u0103 voia lui Dumnezeu. M-a \u00eenv\u0103\u021bat s\u0103 cunosc arta \u0219i [&hellip;]<\/p>\n","protected":false},"author":2,"featured_media":1635,"comment_status":"open","ping_status":"open","sticky":false,"template":"","format":"standard","meta":{"footnotes":""},"categories":[1],"tags":[],"class_list":["post-1638","post","type-post","status-publish","format-standard","has-post-thumbnail","hentry","category-negategorizat"],"blocksy_meta":{"styles_descriptor":{"styles":{"desktop":"","tablet":"","mobile":""},"google_fonts":[],"version":6}},"featured_image_urls":{"full":["https:\/\/www.agentiaimpreuna.ro\/cunoasterea-romului-de-langa-noi\/wp-content\/uploads\/2023\/09\/FundatiaImpreuna_OmulDeLangaTine_20230530_8349-scaled.jpg",2560,1707,false],"thumbnail":["https:\/\/www.agentiaimpreuna.ro\/cunoasterea-romului-de-langa-noi\/wp-content\/uploads\/2023\/09\/FundatiaImpreuna_OmulDeLangaTine_20230530_8349-150x150.jpg",150,150,true],"medium":["https:\/\/www.agentiaimpreuna.ro\/cunoasterea-romului-de-langa-noi\/wp-content\/uploads\/2023\/09\/FundatiaImpreuna_OmulDeLangaTine_20230530_8349-300x200.jpg",300,200,true],"medium_large":["https:\/\/www.agentiaimpreuna.ro\/cunoasterea-romului-de-langa-noi\/wp-content\/uploads\/2023\/09\/FundatiaImpreuna_OmulDeLangaTine_20230530_8349-768x512.jpg",768,512,true],"large":["https:\/\/www.agentiaimpreuna.ro\/cunoasterea-romului-de-langa-noi\/wp-content\/uploads\/2023\/09\/FundatiaImpreuna_OmulDeLangaTine_20230530_8349-1024x683.jpg",1024,683,true],"1536x1536":["https:\/\/www.agentiaimpreuna.ro\/cunoasterea-romului-de-langa-noi\/wp-content\/uploads\/2023\/09\/FundatiaImpreuna_OmulDeLangaTine_20230530_8349-1536x1024.jpg",1536,1024,true],"2048x2048":["https:\/\/www.agentiaimpreuna.ro\/cunoasterea-romului-de-langa-noi\/wp-content\/uploads\/2023\/09\/FundatiaImpreuna_OmulDeLangaTine_20230530_8349-2048x1366.jpg",2048,1366,true]},"post_excerpt_stackable":"<p>C\u0103t\u0103lin R\u0103ducanu, pianist concertist, al\u0103turi de fosta profesoar\u0103 de pian, Alma Peter \u201eAlma Peter este un artist des\u0103v\u00e2r\u0219it. Mai mult dec\u00e2t at\u00e2t este un om empatic \u0219i altruist. Nu vreau s\u0103 folosesc cuvinte mari \u00eentr-un mod gratuit, dar, consider c\u0103 apari\u021bia dumneaei \u00een via\u021ba mea reprezint\u0103 voia lui Dumnezeu. M-a \u00eenv\u0103\u021bat s\u0103 cunosc arta \u0219i s\u0103 o respect \u0219i s\u0103 separ \u201egr\u00e2ul de neghin\u0103\u201d adic\u0103 s\u0103 fiu posesorul acelui discern\u0103m\u00e2nt estetic indispensabil pentru un artist valabil. Dumneaei mi-a \u00eenf\u0103\u021bi\u0219at lumea interioar\u0103 a muzicii culte dincolo de materialitatea fenomenului acustic propriu zis. M-a \u00eendemnat s\u0103-mi pun probleme reale de via\u021b\u0103 \u0219i&hellip;<\/p>\n","category_list":"<a href=\"https:\/\/www.agentiaimpreuna.ro\/cunoasterea-romului-de-langa-noi\/category\/negategorizat\/\" rel=\"category tag\">Necategorizat<\/a>","author_info":{"name":"Georgiana Ionita","url":"https:\/\/www.agentiaimpreuna.ro\/cunoasterea-romului-de-langa-noi\/author\/georgiana\/"},"comments_num":"0 comments","_links":{"self":[{"href":"https:\/\/www.agentiaimpreuna.ro\/cunoasterea-romului-de-langa-noi\/wp-json\/wp\/v2\/posts\/1638","targetHints":{"allow":["GET"]}}],"collection":[{"href":"https:\/\/www.agentiaimpreuna.ro\/cunoasterea-romului-de-langa-noi\/wp-json\/wp\/v2\/posts"}],"about":[{"href":"https:\/\/www.agentiaimpreuna.ro\/cunoasterea-romului-de-langa-noi\/wp-json\/wp\/v2\/types\/post"}],"author":[{"embeddable":true,"href":"https:\/\/www.agentiaimpreuna.ro\/cunoasterea-romului-de-langa-noi\/wp-json\/wp\/v2\/users\/2"}],"replies":[{"embeddable":true,"href":"https:\/\/www.agentiaimpreuna.ro\/cunoasterea-romului-de-langa-noi\/wp-json\/wp\/v2\/comments?post=1638"}],"version-history":[{"count":1,"href":"https:\/\/www.agentiaimpreuna.ro\/cunoasterea-romului-de-langa-noi\/wp-json\/wp\/v2\/posts\/1638\/revisions"}],"predecessor-version":[{"id":1639,"href":"https:\/\/www.agentiaimpreuna.ro\/cunoasterea-romului-de-langa-noi\/wp-json\/wp\/v2\/posts\/1638\/revisions\/1639"}],"wp:featuredmedia":[{"embeddable":true,"href":"https:\/\/www.agentiaimpreuna.ro\/cunoasterea-romului-de-langa-noi\/wp-json\/wp\/v2\/media\/1635"}],"wp:attachment":[{"href":"https:\/\/www.agentiaimpreuna.ro\/cunoasterea-romului-de-langa-noi\/wp-json\/wp\/v2\/media?parent=1638"}],"wp:term":[{"taxonomy":"category","embeddable":true,"href":"https:\/\/www.agentiaimpreuna.ro\/cunoasterea-romului-de-langa-noi\/wp-json\/wp\/v2\/categories?post=1638"},{"taxonomy":"post_tag","embeddable":true,"href":"https:\/\/www.agentiaimpreuna.ro\/cunoasterea-romului-de-langa-noi\/wp-json\/wp\/v2\/tags?post=1638"}],"curies":[{"name":"wp","href":"https:\/\/api.w.org\/{rel}","templated":true}]}}