{"id":1631,"date":"2023-09-16T08:00:00","date_gmt":"2023-09-16T08:00:00","guid":{"rendered":"https:\/\/www.agentiaimpreuna.ro\/cunoasterea-romului-de-langa-noi\/?p=1631"},"modified":"2023-09-20T07:24:59","modified_gmt":"2023-09-20T07:24:59","slug":"%f0%9d%90%82%f0%9d%90%9e%f0%9d%90%a5-%f0%9d%90%a6%f0%9d%90%9a%f0%9d%90%a2-%f0%9d%90%9d%f0%9d%90%ae%f0%9d%90%a5%f0%9d%90%9c%f0%9d%90%9e-%f0%9d%90%b3%f0%9d%90%9a%cc%82%f0%9d%90%a6%f0%9d%90%9b","status":"publish","type":"post","link":"https:\/\/www.agentiaimpreuna.ro\/cunoasterea-romului-de-langa-noi\/negategorizat\/%f0%9d%90%82%f0%9d%90%9e%f0%9d%90%a5-%f0%9d%90%a6%f0%9d%90%9a%f0%9d%90%a2-%f0%9d%90%9d%f0%9d%90%ae%f0%9d%90%a5%f0%9d%90%9c%f0%9d%90%9e-%f0%9d%90%b3%f0%9d%90%9a%cc%82%f0%9d%90%a6%f0%9d%90%9b\/","title":{"rendered":"\ud835\udc02\ud835\udc1e\ud835\udc25 \ud835\udc26\ud835\udc1a\ud835\udc22 \ud835\udc1d\ud835\udc2e\ud835\udc25\ud835\udc1c\ud835\udc1e \ud835\udc33\ud835\udc1a\u0302\ud835\udc26\ud835\udc1b\ud835\udc1e\ud835\udc2d, \ud835\udc1c\ud835\udc1e\ud835\udc25 \ud835\udc26\ud835\udc1a\ud835\udc22 \ud835\udc2c\ud835\udc22\ud835\udc27\ud835\udc1c\ud835\udc1e\ud835\udc2b \ud835\udc2c\ud835\udc2e\ud835\udc1f\ud835\udc25\ud835\udc1e\ud835\udc2d"},"content":{"rendered":"\n<p>Raisa Mihai, profesoar\u0103 de chitar\u0103 clasic\u0103 la Colegiul Na\u021bional de Muzic\u0103 \u201eGeorge Enescu\u201d, al\u0103turi de mama ei, Daniela<\/p>\n\n\n\n<p>\u201ePentru mine cele frumoase momente cu mama sunt cele din copil\u0103rie. Nu exista o zi din copil\u0103rie \u00een care eu s\u0103 lipsesc de la Palatul Copiilor, locul care \u0219i-a pus amprenta asupra vie\u021bii mele \u0219i care m-a f\u0103cut sa fiu omul care sunt ast\u0103zi. Mama era cea care mergea cu mine de fiecare <a><\/a>dat\u0103. \u00cemi amintesc c\u0103 era o iarn\u0103 grea \u0219i treceam printr-o perioad\u0103 dificil\u0103, dar asta nu ne-a oprit s\u0103 mergem prin ger \u0219i n\u0103me\u021bi ca s\u0103 ajungem la Palat. Tot drumul p\u00e2n\u0103 la Palat, ca s\u0103 uit de frig, ne-am jucat cu z\u0103pad\u0103, am r\u00e2s, ne-am \u00eembr\u0103\u021bi\u0219at, iar asta a transformat totul \u00eentr-un moment de neuitat. Mama \u00eenseamn\u0103 totul pentru mine, familia \u00eenseamn\u0103 totul pentru mine. Mama este iubire, via\u021b\u0103, emo\u021bie, iertare, bun\u0103tate, cel mai dulce z\u00e2mbet, cel mai sincer suflet. Asta \u00eenseamn\u0103 mama pentru mine: \u201eDac\u0103 via\u021ba ta ar depinde de dragostea pe care \u021bi-o port, ai fi nemuritoare!\u201d<\/p>\n\n\n\n<p>Fotografie de <a href=\"https:\/\/www.facebook.com\/alexgalmeanuphotography?__cft__[0]=AZWavJ03NWXhj_JohpAWcMtSnBA9BI3AVK4-99ILWXMPqSuqFLq8w3H9VkOQJ2lfboo30jNXqjlk6jt8nXWYBg6Q5yVZftVlhSOHVxD0d_31UyGfr1_Ew1GioUXLLXPgW-Y2_nE5Qj8FXpdEbdnDyi1cgAWp-pqzwnbY1rJvqSiQBaal5j1XelV7P5y1wD5zo5ytX5hwxQ86vMBV4SfwWTwA&amp;__tn__=-]K-R\">Alex Galmeanu Photography<\/a><\/p>\n\n\n\n<p>Poveste de Raisa Mihai<\/p>\n\n\n\n<p><a href=\"https:\/\/www.facebook.com\/hashtag\/iubireacaredaramaziduri?__eep__=6&amp;__cft__[0]=AZWavJ03NWXhj_JohpAWcMtSnBA9BI3AVK4-99ILWXMPqSuqFLq8w3H9VkOQJ2lfboo30jNXqjlk6jt8nXWYBg6Q5yVZftVlhSOHVxD0d_31UyGfr1_Ew1GioUXLLXPgW-Y2_nE5Qj8FXpdEbdnDyi1cgAWp-pqzwnbY1rJvqSiQBaal5j1XelV7P5y1wD5zo5ytX5hwxQ86vMBV4SfwWTwA&amp;__tn__=*NK-R\">#iubireacaredaramaziduri<\/a><\/p>\n\n\n\n<p>***<\/p>\n\n\n\n<p><a href=\"https:\/\/www.facebook.com\/acfromania?__cft__[0]=AZWavJ03NWXhj_JohpAWcMtSnBA9BI3AVK4-99ILWXMPqSuqFLq8w3H9VkOQJ2lfboo30jNXqjlk6jt8nXWYBg6Q5yVZftVlhSOHVxD0d_31UyGfr1_Ew1GioUXLLXPgW-Y2_nE5Qj8FXpdEbdnDyi1cgAWp-pqzwnbY1rJvqSiQBaal5j1XelV7P5y1wD5zo5ytX5hwxQ86vMBV4SfwWTwA&amp;__tn__=-]K-R\">Active Citizens Fund &#8211; Romania<\/a><\/p>\n\n\n\n<p><a href=\"https:\/\/www.facebook.com\/hashtag\/haide?__eep__=6&amp;__cft__[0]=AZWavJ03NWXhj_JohpAWcMtSnBA9BI3AVK4-99ILWXMPqSuqFLq8w3H9VkOQJ2lfboo30jNXqjlk6jt8nXWYBg6Q5yVZftVlhSOHVxD0d_31UyGfr1_Ew1GioUXLLXPgW-Y2_nE5Qj8FXpdEbdnDyi1cgAWp-pqzwnbY1rJvqSiQBaal5j1XelV7P5y1wD5zo5ytX5hwxQ86vMBV4SfwWTwA&amp;__tn__=*NK-R\">#haide<\/a><a href=\"https:\/\/www.facebook.com\/hashtag\/activecitizensfund?__eep__=6&amp;__cft__[0]=AZWavJ03NWXhj_JohpAWcMtSnBA9BI3AVK4-99ILWXMPqSuqFLq8w3H9VkOQJ2lfboo30jNXqjlk6jt8nXWYBg6Q5yVZftVlhSOHVxD0d_31UyGfr1_Ew1GioUXLLXPgW-Y2_nE5Qj8FXpdEbdnDyi1cgAWp-pqzwnbY1rJvqSiQBaal5j1XelV7P5y1wD5zo5ytX5hwxQ86vMBV4SfwWTwA&amp;__tn__=*NK-R\">#ActiveCitizensFund<\/a><a href=\"https:\/\/www.facebook.com\/hashtag\/romania?__eep__=6&amp;__cft__[0]=AZWavJ03NWXhj_JohpAWcMtSnBA9BI3AVK4-99ILWXMPqSuqFLq8w3H9VkOQJ2lfboo30jNXqjlk6jt8nXWYBg6Q5yVZftVlhSOHVxD0d_31UyGfr1_Ew1GioUXLLXPgW-Y2_nE5Qj8FXpdEbdnDyi1cgAWp-pqzwnbY1rJvqSiQBaal5j1XelV7P5y1wD5zo5ytX5hwxQ86vMBV4SfwWTwA&amp;__tn__=*NK-R\">#Romania<\/a><a href=\"https:\/\/www.facebook.com\/hashtag\/activecitizens?__eep__=6&amp;__cft__[0]=AZWavJ03NWXhj_JohpAWcMtSnBA9BI3AVK4-99ILWXMPqSuqFLq8w3H9VkOQJ2lfboo30jNXqjlk6jt8nXWYBg6Q5yVZftVlhSOHVxD0d_31UyGfr1_Ew1GioUXLLXPgW-Y2_nE5Qj8FXpdEbdnDyi1cgAWp-pqzwnbY1rJvqSiQBaal5j1XelV7P5y1wD5zo5ytX5hwxQ86vMBV4SfwWTwA&amp;__tn__=*NK-R\">#activecitizens<\/a><a href=\"https:\/\/www.facebook.com\/hashtag\/eeanorwaygrants?__eep__=6&amp;__cft__[0]=AZWavJ03NWXhj_JohpAWcMtSnBA9BI3AVK4-99ILWXMPqSuqFLq8w3H9VkOQJ2lfboo30jNXqjlk6jt8nXWYBg6Q5yVZftVlhSOHVxD0d_31UyGfr1_Ew1GioUXLLXPgW-Y2_nE5Qj8FXpdEbdnDyi1cgAWp-pqzwnbY1rJvqSiQBaal5j1XelV7P5y1wD5zo5ytX5hwxQ86vMBV4SfwWTwA&amp;__tn__=*NK-R\">#EEANorwayGrants<\/a>.<\/p>\n\n\n\n<figure class=\"wp-block-image size-large\"><img loading=\"lazy\" decoding=\"async\" width=\"1024\" height=\"683\" src=\"https:\/\/www.agentiaimpreuna.ro\/cunoasterea-romului-de-langa-noi\/wp-content\/uploads\/2023\/09\/FundatiaImpreuna_OmulDeLangaTine_20230529_2680-1024x683.jpg\" alt=\"\" class=\"wp-image-1632\" srcset=\"https:\/\/www.agentiaimpreuna.ro\/cunoasterea-romului-de-langa-noi\/wp-content\/uploads\/2023\/09\/FundatiaImpreuna_OmulDeLangaTine_20230529_2680-1024x683.jpg 1024w, https:\/\/www.agentiaimpreuna.ro\/cunoasterea-romului-de-langa-noi\/wp-content\/uploads\/2023\/09\/FundatiaImpreuna_OmulDeLangaTine_20230529_2680-300x200.jpg 300w, https:\/\/www.agentiaimpreuna.ro\/cunoasterea-romului-de-langa-noi\/wp-content\/uploads\/2023\/09\/FundatiaImpreuna_OmulDeLangaTine_20230529_2680-768x512.jpg 768w, https:\/\/www.agentiaimpreuna.ro\/cunoasterea-romului-de-langa-noi\/wp-content\/uploads\/2023\/09\/FundatiaImpreuna_OmulDeLangaTine_20230529_2680-1536x1024.jpg 1536w, https:\/\/www.agentiaimpreuna.ro\/cunoasterea-romului-de-langa-noi\/wp-content\/uploads\/2023\/09\/FundatiaImpreuna_OmulDeLangaTine_20230529_2680-2048x1366.jpg 2048w\" sizes=\"auto, (max-width: 1024px) 100vw, 1024px\" \/><\/figure>\n","protected":false},"excerpt":{"rendered":"<p>Raisa Mihai, profesoar\u0103 de chitar\u0103 clasic\u0103 la Colegiul Na\u021bional de Muzic\u0103 \u201eGeorge Enescu\u201d, al\u0103turi de mama ei, Daniela \u201ePentru mine cele frumoase momente cu mama sunt cele din copil\u0103rie. Nu exista o zi din copil\u0103rie \u00een care eu s\u0103 lipsesc de la Palatul Copiilor, locul care \u0219i-a pus amprenta asupra vie\u021bii mele \u0219i care m-a [&hellip;]<\/p>\n","protected":false},"author":2,"featured_media":1632,"comment_status":"open","ping_status":"open","sticky":false,"template":"","format":"standard","meta":{"footnotes":""},"categories":[1],"tags":[],"class_list":["post-1631","post","type-post","status-publish","format-standard","has-post-thumbnail","hentry","category-negategorizat"],"blocksy_meta":{"styles_descriptor":{"styles":{"desktop":"","tablet":"","mobile":""},"google_fonts":[],"version":6}},"featured_image_urls":{"full":["https:\/\/www.agentiaimpreuna.ro\/cunoasterea-romului-de-langa-noi\/wp-content\/uploads\/2023\/09\/FundatiaImpreuna_OmulDeLangaTine_20230529_2680-scaled.jpg",2560,1707,false],"thumbnail":["https:\/\/www.agentiaimpreuna.ro\/cunoasterea-romului-de-langa-noi\/wp-content\/uploads\/2023\/09\/FundatiaImpreuna_OmulDeLangaTine_20230529_2680-150x150.jpg",150,150,true],"medium":["https:\/\/www.agentiaimpreuna.ro\/cunoasterea-romului-de-langa-noi\/wp-content\/uploads\/2023\/09\/FundatiaImpreuna_OmulDeLangaTine_20230529_2680-300x200.jpg",300,200,true],"medium_large":["https:\/\/www.agentiaimpreuna.ro\/cunoasterea-romului-de-langa-noi\/wp-content\/uploads\/2023\/09\/FundatiaImpreuna_OmulDeLangaTine_20230529_2680-768x512.jpg",768,512,true],"large":["https:\/\/www.agentiaimpreuna.ro\/cunoasterea-romului-de-langa-noi\/wp-content\/uploads\/2023\/09\/FundatiaImpreuna_OmulDeLangaTine_20230529_2680-1024x683.jpg",1024,683,true],"1536x1536":["https:\/\/www.agentiaimpreuna.ro\/cunoasterea-romului-de-langa-noi\/wp-content\/uploads\/2023\/09\/FundatiaImpreuna_OmulDeLangaTine_20230529_2680-1536x1024.jpg",1536,1024,true],"2048x2048":["https:\/\/www.agentiaimpreuna.ro\/cunoasterea-romului-de-langa-noi\/wp-content\/uploads\/2023\/09\/FundatiaImpreuna_OmulDeLangaTine_20230529_2680-2048x1366.jpg",2048,1366,true]},"post_excerpt_stackable":"<p>Raisa Mihai, profesoar\u0103 de chitar\u0103 clasic\u0103 la Colegiul Na\u021bional de Muzic\u0103 \u201eGeorge Enescu\u201d, al\u0103turi de mama ei, Daniela \u201ePentru mine cele frumoase momente cu mama sunt cele din copil\u0103rie. Nu exista o zi din copil\u0103rie \u00een care eu s\u0103 lipsesc de la Palatul Copiilor, locul care \u0219i-a pus amprenta asupra vie\u021bii mele \u0219i care m-a f\u0103cut sa fiu omul care sunt ast\u0103zi. Mama era cea care mergea cu mine de fiecare dat\u0103. \u00cemi amintesc c\u0103 era o iarn\u0103 grea \u0219i treceam printr-o perioad\u0103 dificil\u0103, dar asta nu ne-a oprit s\u0103 mergem prin ger \u0219i n\u0103me\u021bi ca s\u0103 ajungem la Palat.&hellip;<\/p>\n","category_list":"<a href=\"https:\/\/www.agentiaimpreuna.ro\/cunoasterea-romului-de-langa-noi\/category\/negategorizat\/\" rel=\"category tag\">Necategorizat<\/a>","author_info":{"name":"Georgiana Ionita","url":"https:\/\/www.agentiaimpreuna.ro\/cunoasterea-romului-de-langa-noi\/author\/georgiana\/"},"comments_num":"0 comments","_links":{"self":[{"href":"https:\/\/www.agentiaimpreuna.ro\/cunoasterea-romului-de-langa-noi\/wp-json\/wp\/v2\/posts\/1631","targetHints":{"allow":["GET"]}}],"collection":[{"href":"https:\/\/www.agentiaimpreuna.ro\/cunoasterea-romului-de-langa-noi\/wp-json\/wp\/v2\/posts"}],"about":[{"href":"https:\/\/www.agentiaimpreuna.ro\/cunoasterea-romului-de-langa-noi\/wp-json\/wp\/v2\/types\/post"}],"author":[{"embeddable":true,"href":"https:\/\/www.agentiaimpreuna.ro\/cunoasterea-romului-de-langa-noi\/wp-json\/wp\/v2\/users\/2"}],"replies":[{"embeddable":true,"href":"https:\/\/www.agentiaimpreuna.ro\/cunoasterea-romului-de-langa-noi\/wp-json\/wp\/v2\/comments?post=1631"}],"version-history":[{"count":1,"href":"https:\/\/www.agentiaimpreuna.ro\/cunoasterea-romului-de-langa-noi\/wp-json\/wp\/v2\/posts\/1631\/revisions"}],"predecessor-version":[{"id":1633,"href":"https:\/\/www.agentiaimpreuna.ro\/cunoasterea-romului-de-langa-noi\/wp-json\/wp\/v2\/posts\/1631\/revisions\/1633"}],"wp:featuredmedia":[{"embeddable":true,"href":"https:\/\/www.agentiaimpreuna.ro\/cunoasterea-romului-de-langa-noi\/wp-json\/wp\/v2\/media\/1632"}],"wp:attachment":[{"href":"https:\/\/www.agentiaimpreuna.ro\/cunoasterea-romului-de-langa-noi\/wp-json\/wp\/v2\/media?parent=1631"}],"wp:term":[{"taxonomy":"category","embeddable":true,"href":"https:\/\/www.agentiaimpreuna.ro\/cunoasterea-romului-de-langa-noi\/wp-json\/wp\/v2\/categories?post=1631"},{"taxonomy":"post_tag","embeddable":true,"href":"https:\/\/www.agentiaimpreuna.ro\/cunoasterea-romului-de-langa-noi\/wp-json\/wp\/v2\/tags?post=1631"}],"curies":[{"name":"wp","href":"https:\/\/api.w.org\/{rel}","templated":true}]}}