{"id":1628,"date":"2023-09-15T20:00:00","date_gmt":"2023-09-15T20:00:00","guid":{"rendered":"https:\/\/www.agentiaimpreuna.ro\/cunoasterea-romului-de-langa-noi\/?p=1628"},"modified":"2023-09-20T07:23:52","modified_gmt":"2023-09-20T07:23:52","slug":"%f0%9d%90%8f%f0%9d%90%ae%f0%9d%90%ad%f0%9d%90%9e%f0%9d%90%a6-%f0%9d%90%9d%f0%9d%90%9e%f0%9d%90%a9%f0%9d%90%9a%cc%86%f0%9d%90%ac%cc%a6%f0%9d%90%a2-%f0%9d%90%a8%f0%9d%90%ab%f0%9d%90%a2%f0%9d%90%9c","status":"publish","type":"post","link":"https:\/\/www.agentiaimpreuna.ro\/cunoasterea-romului-de-langa-noi\/negategorizat\/%f0%9d%90%8f%f0%9d%90%ae%f0%9d%90%ad%f0%9d%90%9e%f0%9d%90%a6-%f0%9d%90%9d%f0%9d%90%9e%f0%9d%90%a9%f0%9d%90%9a%cc%86%f0%9d%90%ac%cc%a6%f0%9d%90%a2-%f0%9d%90%a8%f0%9d%90%ab%f0%9d%90%a2%f0%9d%90%9c\/","title":{"rendered":"\ud835\udc0f\ud835\udc2e\ud835\udc2d\ud835\udc1e\ud835\udc26 \ud835\udc1d\ud835\udc1e\ud835\udc29\ud835\udc1a\u0306\ud835\udc2c\u0326\ud835\udc22 \ud835\udc28\ud835\udc2b\ud835\udc22\ud835\udc1c\ud835\udc1e \ud835\udc28\ud835\udc1b\ud835\udc2c\ud835\udc2d\ud835\udc1a\ud835\udc1c\ud835\udc28\ud835\udc25 \ud835\udc22\u0302\ud835\udc26\ud835\udc29\ud835\udc2b\ud835\udc1e\ud835\udc2e\ud835\udc27\ud835\udc1a\u0306"},"content":{"rendered":"\n<p>Petric\u0103 Badea, \u0219ef serviciu \u2013 Guvernul Rom\u00e2niei, Departamentul pentru Rom\u00e2nii de Pretutindeni, al\u0103turi de fiica lui, Indra<\/p>\n\n\n\n<p>\u201eIndra, copilul meu, aduce \u00een via\u021ba mea un nou sens \u0219i o perspectiv\u0103 nou\u0103 asupra lumii. Prin ochii ei, v\u0103d minunile cotidiene \u0219i redescop\u0103r magia \u0219i inocen\u021ba copil\u0103riei. \u00cemi aminte\u0219te s\u0103 fiu prezent \u0219i s\u0103 m\u0103 bucur de lucrurile simple, s\u0103 privesc lumea cu admira\u021bie \u0219i s\u0103 nu iau nimic <a><\/a>drept garantat. Ea m\u0103 inspir\u0103 s\u0103 fiu o persoan\u0103 mai bun\u0103 \u00een fiecare zi. Vreau s\u0103 fiu un model pentru ea, s\u0103-i ar\u0103t ce \u00eenseamn\u0103 compasiunea, generozitatea \u0219i respectul fa\u021b\u0103 de ceilal\u021bi. Indra m\u0103 provoac\u0103 s\u0103 cresc \u0219i s\u0103 devin o persoan\u0103 mai \u00een\u021beleapt\u0103 \u0219i mai responsabil\u0103. \u00cemi doresc s\u0103 o \u00eenv\u0103\u021b \u0219i s\u0103 o ghidez pe drumul vie\u021bii, s\u0103-i ofer sprijinul meu necondi\u021bionat \u00een fiecare etap\u0103 a cre\u0219terii sale. Cu fiecare zi care trece, realizez c\u00e2t de norocos sunt s\u0103 fiu tat\u0103l Indrei. Ea \u00eemi aminte\u0219te c\u0103 via\u021ba este despre acele momente simple \u0219i pline de iubire pe care le \u00eemp\u0103rt\u0103\u0219im \u00eempreun\u0103. Ca familie, eu, Bianca \u0219i Indra, suntem lega\u021bi prin iubire \u0219i devotament. Vom c\u0103l\u0103tori prin aventurile vie\u021bii cu inimile deschise \u0219i cu \u00eencrederea c\u0103 putem dep\u0103\u0219i orice obstacol \u00eempreun\u0103.\u201d<\/p>\n\n\n\n<p>Fotografie de <a href=\"https:\/\/www.facebook.com\/alexgalmeanuphotography?__cft__[0]=AZW-BlGeGktE3IrcVUsy-xaLM4Sm8BXRdzV2Dh9Q87Ht82dTGBa5EOrjtt1gXFi0SvUTUIdByacm0qYcKAd3SO5koiKrDEg3EWMJA60qMnN6RXYlWkX36Oct7y0D6un7omsimCUYtTqYbyXXrwoxsnOYD8aYj_dAO113TU9rKZI96D6YXxm4SmYNm6QqlnLULTspXQC7NscinRhzieQfIUiY&amp;__tn__=-]K-R\">Alex Galmeanu Photography<\/a><\/p>\n\n\n\n<p>Poveste de Badea C Petrica<\/p>\n\n\n\n<p><a href=\"https:\/\/www.facebook.com\/hashtag\/iubireacaredaramaziduri?__eep__=6&amp;__cft__[0]=AZW-BlGeGktE3IrcVUsy-xaLM4Sm8BXRdzV2Dh9Q87Ht82dTGBa5EOrjtt1gXFi0SvUTUIdByacm0qYcKAd3SO5koiKrDEg3EWMJA60qMnN6RXYlWkX36Oct7y0D6un7omsimCUYtTqYbyXXrwoxsnOYD8aYj_dAO113TU9rKZI96D6YXxm4SmYNm6QqlnLULTspXQC7NscinRhzieQfIUiY&amp;__tn__=*NK-R\">#iubireacaredaramaziduri<\/a><\/p>\n\n\n\n<p>***<\/p>\n\n\n\n<p><a href=\"https:\/\/www.facebook.com\/acfromania?__cft__[0]=AZW-BlGeGktE3IrcVUsy-xaLM4Sm8BXRdzV2Dh9Q87Ht82dTGBa5EOrjtt1gXFi0SvUTUIdByacm0qYcKAd3SO5koiKrDEg3EWMJA60qMnN6RXYlWkX36Oct7y0D6un7omsimCUYtTqYbyXXrwoxsnOYD8aYj_dAO113TU9rKZI96D6YXxm4SmYNm6QqlnLULTspXQC7NscinRhzieQfIUiY&amp;__tn__=-]K-R\">Active Citizens Fund &#8211; Romania<\/a><\/p>\n\n\n\n<p><a href=\"https:\/\/www.facebook.com\/hashtag\/haide?__eep__=6&amp;__cft__[0]=AZW-BlGeGktE3IrcVUsy-xaLM4Sm8BXRdzV2Dh9Q87Ht82dTGBa5EOrjtt1gXFi0SvUTUIdByacm0qYcKAd3SO5koiKrDEg3EWMJA60qMnN6RXYlWkX36Oct7y0D6un7omsimCUYtTqYbyXXrwoxsnOYD8aYj_dAO113TU9rKZI96D6YXxm4SmYNm6QqlnLULTspXQC7NscinRhzieQfIUiY&amp;__tn__=*NK-R\">#haide<\/a><a href=\"https:\/\/www.facebook.com\/hashtag\/activecitizensfund?__eep__=6&amp;__cft__[0]=AZW-BlGeGktE3IrcVUsy-xaLM4Sm8BXRdzV2Dh9Q87Ht82dTGBa5EOrjtt1gXFi0SvUTUIdByacm0qYcKAd3SO5koiKrDEg3EWMJA60qMnN6RXYlWkX36Oct7y0D6un7omsimCUYtTqYbyXXrwoxsnOYD8aYj_dAO113TU9rKZI96D6YXxm4SmYNm6QqlnLULTspXQC7NscinRhzieQfIUiY&amp;__tn__=*NK-R\">#ActiveCitizensFund<\/a><a href=\"https:\/\/www.facebook.com\/hashtag\/romania?__eep__=6&amp;__cft__[0]=AZW-BlGeGktE3IrcVUsy-xaLM4Sm8BXRdzV2Dh9Q87Ht82dTGBa5EOrjtt1gXFi0SvUTUIdByacm0qYcKAd3SO5koiKrDEg3EWMJA60qMnN6RXYlWkX36Oct7y0D6un7omsimCUYtTqYbyXXrwoxsnOYD8aYj_dAO113TU9rKZI96D6YXxm4SmYNm6QqlnLULTspXQC7NscinRhzieQfIUiY&amp;__tn__=*NK-R\">#Romania<\/a><a href=\"https:\/\/www.facebook.com\/hashtag\/activecitizens?__eep__=6&amp;__cft__[0]=AZW-BlGeGktE3IrcVUsy-xaLM4Sm8BXRdzV2Dh9Q87Ht82dTGBa5EOrjtt1gXFi0SvUTUIdByacm0qYcKAd3SO5koiKrDEg3EWMJA60qMnN6RXYlWkX36Oct7y0D6un7omsimCUYtTqYbyXXrwoxsnOYD8aYj_dAO113TU9rKZI96D6YXxm4SmYNm6QqlnLULTspXQC7NscinRhzieQfIUiY&amp;__tn__=*NK-R\">#activecitizens<\/a><a href=\"https:\/\/www.facebook.com\/hashtag\/eeanorwaygrants?__eep__=6&amp;__cft__[0]=AZW-BlGeGktE3IrcVUsy-xaLM4Sm8BXRdzV2Dh9Q87Ht82dTGBa5EOrjtt1gXFi0SvUTUIdByacm0qYcKAd3SO5koiKrDEg3EWMJA60qMnN6RXYlWkX36Oct7y0D6un7omsimCUYtTqYbyXXrwoxsnOYD8aYj_dAO113TU9rKZI96D6YXxm4SmYNm6QqlnLULTspXQC7NscinRhzieQfIUiY&amp;__tn__=*NK-R\">#EEANorwayGrants<\/a>.<\/p>\n\n\n\n<figure class=\"wp-block-image size-large\"><img loading=\"lazy\" decoding=\"async\" width=\"1024\" height=\"683\" src=\"https:\/\/www.agentiaimpreuna.ro\/cunoasterea-romului-de-langa-noi\/wp-content\/uploads\/2023\/09\/FundatiaImpreuna_OmulDeLangaTine_20230530_6674-1024x683.jpg\" alt=\"\" class=\"wp-image-1629\" srcset=\"https:\/\/www.agentiaimpreuna.ro\/cunoasterea-romului-de-langa-noi\/wp-content\/uploads\/2023\/09\/FundatiaImpreuna_OmulDeLangaTine_20230530_6674-1024x683.jpg 1024w, https:\/\/www.agentiaimpreuna.ro\/cunoasterea-romului-de-langa-noi\/wp-content\/uploads\/2023\/09\/FundatiaImpreuna_OmulDeLangaTine_20230530_6674-300x200.jpg 300w, https:\/\/www.agentiaimpreuna.ro\/cunoasterea-romului-de-langa-noi\/wp-content\/uploads\/2023\/09\/FundatiaImpreuna_OmulDeLangaTine_20230530_6674-768x512.jpg 768w, https:\/\/www.agentiaimpreuna.ro\/cunoasterea-romului-de-langa-noi\/wp-content\/uploads\/2023\/09\/FundatiaImpreuna_OmulDeLangaTine_20230530_6674-1536x1024.jpg 1536w, https:\/\/www.agentiaimpreuna.ro\/cunoasterea-romului-de-langa-noi\/wp-content\/uploads\/2023\/09\/FundatiaImpreuna_OmulDeLangaTine_20230530_6674-2048x1366.jpg 2048w\" sizes=\"auto, (max-width: 1024px) 100vw, 1024px\" \/><\/figure>\n","protected":false},"excerpt":{"rendered":"<p>Petric\u0103 Badea, \u0219ef serviciu \u2013 Guvernul Rom\u00e2niei, Departamentul pentru Rom\u00e2nii de Pretutindeni, al\u0103turi de fiica lui, Indra \u201eIndra, copilul meu, aduce \u00een via\u021ba mea un nou sens \u0219i o perspectiv\u0103 nou\u0103 asupra lumii. Prin ochii ei, v\u0103d minunile cotidiene \u0219i redescop\u0103r magia \u0219i inocen\u021ba copil\u0103riei. \u00cemi aminte\u0219te s\u0103 fiu prezent \u0219i s\u0103 m\u0103 bucur de [&hellip;]<\/p>\n","protected":false},"author":2,"featured_media":1629,"comment_status":"open","ping_status":"open","sticky":false,"template":"","format":"standard","meta":{"footnotes":""},"categories":[1],"tags":[],"class_list":["post-1628","post","type-post","status-publish","format-standard","has-post-thumbnail","hentry","category-negategorizat"],"blocksy_meta":{"styles_descriptor":{"styles":{"desktop":"","tablet":"","mobile":""},"google_fonts":[],"version":6}},"featured_image_urls":{"full":["https:\/\/www.agentiaimpreuna.ro\/cunoasterea-romului-de-langa-noi\/wp-content\/uploads\/2023\/09\/FundatiaImpreuna_OmulDeLangaTine_20230530_6674-scaled.jpg",2560,1707,false],"thumbnail":["https:\/\/www.agentiaimpreuna.ro\/cunoasterea-romului-de-langa-noi\/wp-content\/uploads\/2023\/09\/FundatiaImpreuna_OmulDeLangaTine_20230530_6674-150x150.jpg",150,150,true],"medium":["https:\/\/www.agentiaimpreuna.ro\/cunoasterea-romului-de-langa-noi\/wp-content\/uploads\/2023\/09\/FundatiaImpreuna_OmulDeLangaTine_20230530_6674-300x200.jpg",300,200,true],"medium_large":["https:\/\/www.agentiaimpreuna.ro\/cunoasterea-romului-de-langa-noi\/wp-content\/uploads\/2023\/09\/FundatiaImpreuna_OmulDeLangaTine_20230530_6674-768x512.jpg",768,512,true],"large":["https:\/\/www.agentiaimpreuna.ro\/cunoasterea-romului-de-langa-noi\/wp-content\/uploads\/2023\/09\/FundatiaImpreuna_OmulDeLangaTine_20230530_6674-1024x683.jpg",1024,683,true],"1536x1536":["https:\/\/www.agentiaimpreuna.ro\/cunoasterea-romului-de-langa-noi\/wp-content\/uploads\/2023\/09\/FundatiaImpreuna_OmulDeLangaTine_20230530_6674-1536x1024.jpg",1536,1024,true],"2048x2048":["https:\/\/www.agentiaimpreuna.ro\/cunoasterea-romului-de-langa-noi\/wp-content\/uploads\/2023\/09\/FundatiaImpreuna_OmulDeLangaTine_20230530_6674-2048x1366.jpg",2048,1366,true]},"post_excerpt_stackable":"<p>Petric\u0103 Badea, \u0219ef serviciu \u2013 Guvernul Rom\u00e2niei, Departamentul pentru Rom\u00e2nii de Pretutindeni, al\u0103turi de fiica lui, Indra \u201eIndra, copilul meu, aduce \u00een via\u021ba mea un nou sens \u0219i o perspectiv\u0103 nou\u0103 asupra lumii. Prin ochii ei, v\u0103d minunile cotidiene \u0219i redescop\u0103r magia \u0219i inocen\u021ba copil\u0103riei. \u00cemi aminte\u0219te s\u0103 fiu prezent \u0219i s\u0103 m\u0103 bucur de lucrurile simple, s\u0103 privesc lumea cu admira\u021bie \u0219i s\u0103 nu iau nimic drept garantat. Ea m\u0103 inspir\u0103 s\u0103 fiu o persoan\u0103 mai bun\u0103 \u00een fiecare zi. Vreau s\u0103 fiu un model pentru ea, s\u0103-i ar\u0103t ce \u00eenseamn\u0103 compasiunea, generozitatea \u0219i respectul fa\u021b\u0103 de ceilal\u021bi. Indra&hellip;<\/p>\n","category_list":"<a href=\"https:\/\/www.agentiaimpreuna.ro\/cunoasterea-romului-de-langa-noi\/category\/negategorizat\/\" rel=\"category tag\">Necategorizat<\/a>","author_info":{"name":"Georgiana Ionita","url":"https:\/\/www.agentiaimpreuna.ro\/cunoasterea-romului-de-langa-noi\/author\/georgiana\/"},"comments_num":"0 comments","_links":{"self":[{"href":"https:\/\/www.agentiaimpreuna.ro\/cunoasterea-romului-de-langa-noi\/wp-json\/wp\/v2\/posts\/1628","targetHints":{"allow":["GET"]}}],"collection":[{"href":"https:\/\/www.agentiaimpreuna.ro\/cunoasterea-romului-de-langa-noi\/wp-json\/wp\/v2\/posts"}],"about":[{"href":"https:\/\/www.agentiaimpreuna.ro\/cunoasterea-romului-de-langa-noi\/wp-json\/wp\/v2\/types\/post"}],"author":[{"embeddable":true,"href":"https:\/\/www.agentiaimpreuna.ro\/cunoasterea-romului-de-langa-noi\/wp-json\/wp\/v2\/users\/2"}],"replies":[{"embeddable":true,"href":"https:\/\/www.agentiaimpreuna.ro\/cunoasterea-romului-de-langa-noi\/wp-json\/wp\/v2\/comments?post=1628"}],"version-history":[{"count":1,"href":"https:\/\/www.agentiaimpreuna.ro\/cunoasterea-romului-de-langa-noi\/wp-json\/wp\/v2\/posts\/1628\/revisions"}],"predecessor-version":[{"id":1630,"href":"https:\/\/www.agentiaimpreuna.ro\/cunoasterea-romului-de-langa-noi\/wp-json\/wp\/v2\/posts\/1628\/revisions\/1630"}],"wp:featuredmedia":[{"embeddable":true,"href":"https:\/\/www.agentiaimpreuna.ro\/cunoasterea-romului-de-langa-noi\/wp-json\/wp\/v2\/media\/1629"}],"wp:attachment":[{"href":"https:\/\/www.agentiaimpreuna.ro\/cunoasterea-romului-de-langa-noi\/wp-json\/wp\/v2\/media?parent=1628"}],"wp:term":[{"taxonomy":"category","embeddable":true,"href":"https:\/\/www.agentiaimpreuna.ro\/cunoasterea-romului-de-langa-noi\/wp-json\/wp\/v2\/categories?post=1628"},{"taxonomy":"post_tag","embeddable":true,"href":"https:\/\/www.agentiaimpreuna.ro\/cunoasterea-romului-de-langa-noi\/wp-json\/wp\/v2\/tags?post=1628"}],"curies":[{"name":"wp","href":"https:\/\/api.w.org\/{rel}","templated":true}]}}