{"id":1624,"date":"2023-09-15T09:00:00","date_gmt":"2023-09-15T09:00:00","guid":{"rendered":"https:\/\/www.agentiaimpreuna.ro\/cunoasterea-romului-de-langa-noi\/?p=1624"},"modified":"2023-09-20T07:22:41","modified_gmt":"2023-09-20T07:22:41","slug":"%f0%9d%90%81%f0%9d%90%ae%f0%9d%90%9c%f0%9d%90%9a%f0%9d%90%ad%f0%9d%90%9a-%f0%9d%90%9d%f0%9d%90%9e-%f0%9d%90%a9%f0%9d%90%9a%cc%82%f0%9d%90%a2%f0%9d%90%a7%f0%9d%90%9e-%f0%9d%90%9d%f0%9d%90%a2","status":"publish","type":"post","link":"https:\/\/www.agentiaimpreuna.ro\/cunoasterea-romului-de-langa-noi\/negategorizat\/%f0%9d%90%81%f0%9d%90%ae%f0%9d%90%9c%f0%9d%90%9a%f0%9d%90%ad%f0%9d%90%9a-%f0%9d%90%9d%f0%9d%90%9e-%f0%9d%90%a9%f0%9d%90%9a%cc%82%f0%9d%90%a2%f0%9d%90%a7%f0%9d%90%9e-%f0%9d%90%9d%f0%9d%90%a2\/","title":{"rendered":"\ud835\udc01\ud835\udc2e\ud835\udc1c\ud835\udc1a\ud835\udc2d\ud835\udc1a \ud835\udc1d\ud835\udc1e \ud835\udc29\ud835\udc1a\u0302\ud835\udc22\ud835\udc27\ud835\udc1e \ud835\udc1d\ud835\udc22\ud835\udc27 \ud835\udc1c\ud835\udc1a\ud835\udc2b\ud835\udc1e \ud835\udc29\ud835\udc28\ud835\udc2d \ud835\udc2c\ud835\udc1a\u0306 \ud835\udc2b\ud835\udc2e\ud835\udc29 \ud835\udc28\ud835\udc2b\ud835\udc22\ud835\udc1c\ud835\udc1a\u0302\ud835\udc27\ud835\udc1d"},"content":{"rendered":"\n<p>Corina G. P\u0103un, scriitoare rom\u0103 \u0219i Director Editura POD PESTE SUFLETE, al\u0103turi de tat\u0103l ei, P\u0103un Gheorghe Ialomi\u021beanu<\/p>\n\n\n\n<p>\u201eTata a devenit pentru mine o prism\u0103 optic\u0103 sufleteasc\u0103 a tuturor iubirilor pe care le cunosc \u00een aceast\u0103 via\u021b\u0103. Tata este o amintire vie de care nu pot s\u0103 m\u0103 despart vreodat\u0103, pentru c\u0103 noi, copiii, suntem pentru p\u0103rin\u021bi ,,lumina ochilor\u201d. Dup\u0103 moartea mamei sale, despre care <a><\/a>spunea c\u0103 nu a folosit niciodat\u0103 parfum, pentru c\u0103 mirosea a munc\u0103, tata a c\u0103utat de unul singur ,,Mirabila S\u0103m\u00e2n\u021b\u0103\u201d \u0219i a g\u0103sit-o \u00een lanul cu p\u00e2ine din litere. N-am s\u0103 uit niciodat\u0103 asta. \u00censeamn\u0103 foarte mult c\u0103 mi-a l\u0103sat aceast\u0103 bucat\u0103 de p\u00e2ine din care pot s\u0103 rup oric\u00e2nd \u0219i s\u0103 m\u0103 satur \u00eempreun\u0103 cu cei din jurul meu. Ast\u0103zi, eu coc din p\u00e2inea pe care mi-a l\u0103sat-o tata, cu speran\u021ba c\u0103 vor m\u00e2nca \u0219i urma\u0219ii no\u0219tri din ea \u0219i cu g\u00e2ndul c\u0103: ,,Cele mai reu\u0219ite fotografii se fac cu lumina ochilor no\u0219tri \u0219i se p\u0103streaz\u0103 \u00een inim\u0103 \u0219i minte.\u201d<\/p>\n\n\n\n<p>Fotografie de <a href=\"https:\/\/www.facebook.com\/alexgalmeanuphotography?__cft__[0]=AZXFjRmrzZwxKtDpBbipqtOXjTDuIHQd1aigRcBVGgF4dJK_etjdk0f1p1PEdFCh6XlDZyeL3wBFifcRjE8JcltH3wPazWD2xv0DQzc2kI8f2Pqj60ZltsQy5pb-FfqhhpFITcHI6vxRCrHdVW4iEQkyV-T97zdkGA-9XKuuA5IX41iS1EHAkiEVxdzalTULn0Xv6L2iNsa_souCL17_ZrBR&amp;__tn__=-]K-R\">Alex Galmeanu Photography<\/a><\/p>\n\n\n\n<p>Poveste de <a href=\"https:\/\/www.facebook.com\/corina.g.paun?__cft__[0]=AZXFjRmrzZwxKtDpBbipqtOXjTDuIHQd1aigRcBVGgF4dJK_etjdk0f1p1PEdFCh6XlDZyeL3wBFifcRjE8JcltH3wPazWD2xv0DQzc2kI8f2Pqj60ZltsQy5pb-FfqhhpFITcHI6vxRCrHdVW4iEQkyV-T97zdkGA-9XKuuA5IX41iS1EHAkiEVxdzalTULn0Xv6L2iNsa_souCL17_ZrBR&amp;__tn__=-]K-R\">Corina G. P\u0103un<\/a><\/p>\n\n\n\n<p><a href=\"https:\/\/www.facebook.com\/hashtag\/iubireacaredaramaziduri?__eep__=6&amp;__cft__[0]=AZXFjRmrzZwxKtDpBbipqtOXjTDuIHQd1aigRcBVGgF4dJK_etjdk0f1p1PEdFCh6XlDZyeL3wBFifcRjE8JcltH3wPazWD2xv0DQzc2kI8f2Pqj60ZltsQy5pb-FfqhhpFITcHI6vxRCrHdVW4iEQkyV-T97zdkGA-9XKuuA5IX41iS1EHAkiEVxdzalTULn0Xv6L2iNsa_souCL17_ZrBR&amp;__tn__=*NK-R\">#iubireacaredaramaziduri<\/a><\/p>\n\n\n\n<p>***<\/p>\n\n\n\n<p><a href=\"https:\/\/www.facebook.com\/acfromania?__cft__[0]=AZXFjRmrzZwxKtDpBbipqtOXjTDuIHQd1aigRcBVGgF4dJK_etjdk0f1p1PEdFCh6XlDZyeL3wBFifcRjE8JcltH3wPazWD2xv0DQzc2kI8f2Pqj60ZltsQy5pb-FfqhhpFITcHI6vxRCrHdVW4iEQkyV-T97zdkGA-9XKuuA5IX41iS1EHAkiEVxdzalTULn0Xv6L2iNsa_souCL17_ZrBR&amp;__tn__=-]K-R\">Active Citizens Fund &#8211; Romania<\/a><\/p>\n\n\n\n<p><a href=\"https:\/\/www.facebook.com\/hashtag\/haide?__eep__=6&amp;__cft__[0]=AZXFjRmrzZwxKtDpBbipqtOXjTDuIHQd1aigRcBVGgF4dJK_etjdk0f1p1PEdFCh6XlDZyeL3wBFifcRjE8JcltH3wPazWD2xv0DQzc2kI8f2Pqj60ZltsQy5pb-FfqhhpFITcHI6vxRCrHdVW4iEQkyV-T97zdkGA-9XKuuA5IX41iS1EHAkiEVxdzalTULn0Xv6L2iNsa_souCL17_ZrBR&amp;__tn__=*NK-R\">#haide<\/a><a href=\"https:\/\/www.facebook.com\/hashtag\/activecitizensfund?__eep__=6&amp;__cft__[0]=AZXFjRmrzZwxKtDpBbipqtOXjTDuIHQd1aigRcBVGgF4dJK_etjdk0f1p1PEdFCh6XlDZyeL3wBFifcRjE8JcltH3wPazWD2xv0DQzc2kI8f2Pqj60ZltsQy5pb-FfqhhpFITcHI6vxRCrHdVW4iEQkyV-T97zdkGA-9XKuuA5IX41iS1EHAkiEVxdzalTULn0Xv6L2iNsa_souCL17_ZrBR&amp;__tn__=*NK-R\">#ActiveCitizensFund<\/a><a href=\"https:\/\/www.facebook.com\/hashtag\/romania?__eep__=6&amp;__cft__[0]=AZXFjRmrzZwxKtDpBbipqtOXjTDuIHQd1aigRcBVGgF4dJK_etjdk0f1p1PEdFCh6XlDZyeL3wBFifcRjE8JcltH3wPazWD2xv0DQzc2kI8f2Pqj60ZltsQy5pb-FfqhhpFITcHI6vxRCrHdVW4iEQkyV-T97zdkGA-9XKuuA5IX41iS1EHAkiEVxdzalTULn0Xv6L2iNsa_souCL17_ZrBR&amp;__tn__=*NK-R\">#Romania<\/a><a href=\"https:\/\/www.facebook.com\/hashtag\/activecitizens?__eep__=6&amp;__cft__[0]=AZXFjRmrzZwxKtDpBbipqtOXjTDuIHQd1aigRcBVGgF4dJK_etjdk0f1p1PEdFCh6XlDZyeL3wBFifcRjE8JcltH3wPazWD2xv0DQzc2kI8f2Pqj60ZltsQy5pb-FfqhhpFITcHI6vxRCrHdVW4iEQkyV-T97zdkGA-9XKuuA5IX41iS1EHAkiEVxdzalTULn0Xv6L2iNsa_souCL17_ZrBR&amp;__tn__=*NK-R\">#activecitizens<\/a><a href=\"https:\/\/www.facebook.com\/hashtag\/eeanorwaygrants?__eep__=6&amp;__cft__[0]=AZXFjRmrzZwxKtDpBbipqtOXjTDuIHQd1aigRcBVGgF4dJK_etjdk0f1p1PEdFCh6XlDZyeL3wBFifcRjE8JcltH3wPazWD2xv0DQzc2kI8f2Pqj60ZltsQy5pb-FfqhhpFITcHI6vxRCrHdVW4iEQkyV-T97zdkGA-9XKuuA5IX41iS1EHAkiEVxdzalTULn0Xv6L2iNsa_souCL17_ZrBR&amp;__tn__=*NK-R\">#EEANorwayGrants<\/a>.<\/p>\n\n\n\n<figure class=\"wp-block-image size-large\"><img loading=\"lazy\" decoding=\"async\" width=\"1024\" height=\"683\" src=\"https:\/\/www.agentiaimpreuna.ro\/cunoasterea-romului-de-langa-noi\/wp-content\/uploads\/2023\/09\/FundatiaImpreuna_OmulDeLangaTine_20230529_1757-1-1024x683.jpg\" alt=\"\" class=\"wp-image-1626\" srcset=\"https:\/\/www.agentiaimpreuna.ro\/cunoasterea-romului-de-langa-noi\/wp-content\/uploads\/2023\/09\/FundatiaImpreuna_OmulDeLangaTine_20230529_1757-1-1024x683.jpg 1024w, https:\/\/www.agentiaimpreuna.ro\/cunoasterea-romului-de-langa-noi\/wp-content\/uploads\/2023\/09\/FundatiaImpreuna_OmulDeLangaTine_20230529_1757-1-300x200.jpg 300w, https:\/\/www.agentiaimpreuna.ro\/cunoasterea-romului-de-langa-noi\/wp-content\/uploads\/2023\/09\/FundatiaImpreuna_OmulDeLangaTine_20230529_1757-1-768x512.jpg 768w, https:\/\/www.agentiaimpreuna.ro\/cunoasterea-romului-de-langa-noi\/wp-content\/uploads\/2023\/09\/FundatiaImpreuna_OmulDeLangaTine_20230529_1757-1-1536x1024.jpg 1536w, https:\/\/www.agentiaimpreuna.ro\/cunoasterea-romului-de-langa-noi\/wp-content\/uploads\/2023\/09\/FundatiaImpreuna_OmulDeLangaTine_20230529_1757-1-2048x1366.jpg 2048w\" sizes=\"auto, (max-width: 1024px) 100vw, 1024px\" \/><\/figure>\n","protected":false},"excerpt":{"rendered":"<p>Corina G. P\u0103un, scriitoare rom\u0103 \u0219i Director Editura POD PESTE SUFLETE, al\u0103turi de tat\u0103l ei, P\u0103un Gheorghe Ialomi\u021beanu \u201eTata a devenit pentru mine o prism\u0103 optic\u0103 sufleteasc\u0103 a tuturor iubirilor pe care le cunosc \u00een aceast\u0103 via\u021b\u0103. Tata este o amintire vie de care nu pot s\u0103 m\u0103 despart vreodat\u0103, pentru c\u0103 noi, copiii, suntem [&hellip;]<\/p>\n","protected":false},"author":2,"featured_media":1625,"comment_status":"open","ping_status":"open","sticky":false,"template":"","format":"standard","meta":{"footnotes":""},"categories":[1],"tags":[],"class_list":["post-1624","post","type-post","status-publish","format-standard","has-post-thumbnail","hentry","category-negategorizat"],"blocksy_meta":{"styles_descriptor":{"styles":{"desktop":"","tablet":"","mobile":""},"google_fonts":[],"version":6}},"featured_image_urls":{"full":["https:\/\/www.agentiaimpreuna.ro\/cunoasterea-romului-de-langa-noi\/wp-content\/uploads\/2023\/09\/FundatiaImpreuna_OmulDeLangaTine_20230529_1757-scaled.jpg",2560,1707,false],"thumbnail":["https:\/\/www.agentiaimpreuna.ro\/cunoasterea-romului-de-langa-noi\/wp-content\/uploads\/2023\/09\/FundatiaImpreuna_OmulDeLangaTine_20230529_1757-150x150.jpg",150,150,true],"medium":["https:\/\/www.agentiaimpreuna.ro\/cunoasterea-romului-de-langa-noi\/wp-content\/uploads\/2023\/09\/FundatiaImpreuna_OmulDeLangaTine_20230529_1757-300x200.jpg",300,200,true],"medium_large":["https:\/\/www.agentiaimpreuna.ro\/cunoasterea-romului-de-langa-noi\/wp-content\/uploads\/2023\/09\/FundatiaImpreuna_OmulDeLangaTine_20230529_1757-768x512.jpg",768,512,true],"large":["https:\/\/www.agentiaimpreuna.ro\/cunoasterea-romului-de-langa-noi\/wp-content\/uploads\/2023\/09\/FundatiaImpreuna_OmulDeLangaTine_20230529_1757-1024x683.jpg",1024,683,true],"1536x1536":["https:\/\/www.agentiaimpreuna.ro\/cunoasterea-romului-de-langa-noi\/wp-content\/uploads\/2023\/09\/FundatiaImpreuna_OmulDeLangaTine_20230529_1757-1536x1024.jpg",1536,1024,true],"2048x2048":["https:\/\/www.agentiaimpreuna.ro\/cunoasterea-romului-de-langa-noi\/wp-content\/uploads\/2023\/09\/FundatiaImpreuna_OmulDeLangaTine_20230529_1757-2048x1366.jpg",2048,1366,true]},"post_excerpt_stackable":"<p>Corina G. P\u0103un, scriitoare rom\u0103 \u0219i Director Editura POD PESTE SUFLETE, al\u0103turi de tat\u0103l ei, P\u0103un Gheorghe Ialomi\u021beanu \u201eTata a devenit pentru mine o prism\u0103 optic\u0103 sufleteasc\u0103 a tuturor iubirilor pe care le cunosc \u00een aceast\u0103 via\u021b\u0103. Tata este o amintire vie de care nu pot s\u0103 m\u0103 despart vreodat\u0103, pentru c\u0103 noi, copiii, suntem pentru p\u0103rin\u021bi ,,lumina ochilor\u201d. Dup\u0103 moartea mamei sale, despre care spunea c\u0103 nu a folosit niciodat\u0103 parfum, pentru c\u0103 mirosea a munc\u0103, tata a c\u0103utat de unul singur ,,Mirabila S\u0103m\u00e2n\u021b\u0103\u201d \u0219i a g\u0103sit-o \u00een lanul cu p\u00e2ine din litere. N-am s\u0103 uit niciodat\u0103 asta. \u00censeamn\u0103&hellip;<\/p>\n","category_list":"<a href=\"https:\/\/www.agentiaimpreuna.ro\/cunoasterea-romului-de-langa-noi\/category\/negategorizat\/\" rel=\"category tag\">Necategorizat<\/a>","author_info":{"name":"Georgiana Ionita","url":"https:\/\/www.agentiaimpreuna.ro\/cunoasterea-romului-de-langa-noi\/author\/georgiana\/"},"comments_num":"0 comments","_links":{"self":[{"href":"https:\/\/www.agentiaimpreuna.ro\/cunoasterea-romului-de-langa-noi\/wp-json\/wp\/v2\/posts\/1624","targetHints":{"allow":["GET"]}}],"collection":[{"href":"https:\/\/www.agentiaimpreuna.ro\/cunoasterea-romului-de-langa-noi\/wp-json\/wp\/v2\/posts"}],"about":[{"href":"https:\/\/www.agentiaimpreuna.ro\/cunoasterea-romului-de-langa-noi\/wp-json\/wp\/v2\/types\/post"}],"author":[{"embeddable":true,"href":"https:\/\/www.agentiaimpreuna.ro\/cunoasterea-romului-de-langa-noi\/wp-json\/wp\/v2\/users\/2"}],"replies":[{"embeddable":true,"href":"https:\/\/www.agentiaimpreuna.ro\/cunoasterea-romului-de-langa-noi\/wp-json\/wp\/v2\/comments?post=1624"}],"version-history":[{"count":1,"href":"https:\/\/www.agentiaimpreuna.ro\/cunoasterea-romului-de-langa-noi\/wp-json\/wp\/v2\/posts\/1624\/revisions"}],"predecessor-version":[{"id":1627,"href":"https:\/\/www.agentiaimpreuna.ro\/cunoasterea-romului-de-langa-noi\/wp-json\/wp\/v2\/posts\/1624\/revisions\/1627"}],"wp:featuredmedia":[{"embeddable":true,"href":"https:\/\/www.agentiaimpreuna.ro\/cunoasterea-romului-de-langa-noi\/wp-json\/wp\/v2\/media\/1625"}],"wp:attachment":[{"href":"https:\/\/www.agentiaimpreuna.ro\/cunoasterea-romului-de-langa-noi\/wp-json\/wp\/v2\/media?parent=1624"}],"wp:term":[{"taxonomy":"category","embeddable":true,"href":"https:\/\/www.agentiaimpreuna.ro\/cunoasterea-romului-de-langa-noi\/wp-json\/wp\/v2\/categories?post=1624"},{"taxonomy":"post_tag","embeddable":true,"href":"https:\/\/www.agentiaimpreuna.ro\/cunoasterea-romului-de-langa-noi\/wp-json\/wp\/v2\/tags?post=1624"}],"curies":[{"name":"wp","href":"https:\/\/api.w.org\/{rel}","templated":true}]}}