{"id":1620,"date":"2023-09-14T07:17:50","date_gmt":"2023-09-14T07:17:50","guid":{"rendered":"https:\/\/www.agentiaimpreuna.ro\/cunoasterea-romului-de-langa-noi\/?p=1620"},"modified":"2023-09-20T07:20:45","modified_gmt":"2023-09-20T07:20:45","slug":"%f0%9d%90%82%f0%9d%90%9e%f0%9d%90%a5-%f0%9d%90%82%f0%9d%90%9a%f0%9d%90%ab%f0%9d%90%9e-%f0%9d%90%8c-%f0%9d%90%9a-%f0%9d%90%85%f0%9d%90%9a%cc%86%f0%9d%90%9c%f0%9d%90%ae%f0%9d%90%ad-%f0%9d%90%8e","status":"publish","type":"post","link":"https:\/\/www.agentiaimpreuna.ro\/cunoasterea-romului-de-langa-noi\/negategorizat\/%f0%9d%90%82%f0%9d%90%9e%f0%9d%90%a5-%f0%9d%90%82%f0%9d%90%9a%f0%9d%90%ab%f0%9d%90%9e-%f0%9d%90%8c-%f0%9d%90%9a-%f0%9d%90%85%f0%9d%90%9a%cc%86%f0%9d%90%9c%f0%9d%90%ae%f0%9d%90%ad-%f0%9d%90%8e\/","title":{"rendered":"\ud835\udc02\ud835\udc1e\ud835\udc25 \ud835\udc02\ud835\udc1a\ud835\udc2b\ud835\udc1e \ud835\udc0c-\ud835\udc1a \ud835\udc05\ud835\udc1a\u0306\ud835\udc1c\ud835\udc2e\ud835\udc2d \ud835\udc0e\ud835\udc26"},"content":{"rendered":"\n<p>Crina Mure\u0219anu, asistent social principal la Direc\u021bia General\u0103 de Asisten\u021b\u0103 Social\u0103 a Municipiului Bucure\u0219ti, al\u0103turi de fiul ei, Albert<\/p>\n\n\n\n<p>\u201ePersoana cea mai important\u0103 \u0219i via\u021ba mea este Albert, Cel Care M-a F\u0103cut Om \u0219i m\u0103 bucur s\u0103 vorbesc oric\u00e2nd despre faptul c\u0103 este cople\u0219itor s\u0103 am recuno\u0219tin\u021b\u0103 pentru um\u0103r l\u00e2ng\u0103 um\u0103r. \u0218ti\u021bi, el e de mult mai \u00eenalt dec\u00e2t mine&#8230; \u0219i acum r\u00e2d despre faptul c\u0103 atunci c\u00e2nd \u00een cartier a fost implicat pe nedrept <a><\/a>\u00eentr-o disput\u0103 cu ni\u0219te b\u0103ie\u021bi necunoscu\u021bi, eu i-am spus: \u201cZi-mi mie unde sunt!?!\u201d. R\u00e2d \u0219i acum de privirea lui \u0219i r\u0103spunsul: \u201eSunt mai \u00eenal\u021bi ca tine!&#8230;\u201d. Sentimentul de protec\u021bie din partea familiei pentru el consider c\u0103 am reu\u0219it s\u0103 \u00eel fac sim\u021bit, cum \u0219i eu m-am sim\u021bit \u0219i m\u0103 simt bucuroas\u0103 c\u0103 \u00eemi acord\u0103 un dialog onest, deschis. Da&#8230; sunt o femeie rom\u0103 declarat\u0103 \u0219i public \u0219i v\u0103 recunosc faptul c\u0103 des&#8230; foarte des a fost o provocare s\u0103 \u00eel pot sus\u021bine pe cel mai iubit om din via\u021ba mea, \u00een alegerile lui \u0219i mele, \u00een tr\u0103irile pe care le avem fiecare sau \u00ceMPREUN\u0102. Uneori nou\u0103 ne ia mai mult timp (dec\u00e2t am dori sau dec\u00e2t altora) s\u0103 ne discut\u0103m \u0219i \u201enegociem\u201d identitatea rom\u0103, de gen, urban\u0103 \u0219i altele, \u00eens\u0103 ne suntem Noroco\u0219ii. Cei care avem um\u0103r l\u00e2ng\u0103 um\u0103r, \u00een familie de Oameni Mi\u0219to. Romi.\u201d<\/p>\n\n\n\n<p>Fotografie de <a href=\"https:\/\/www.facebook.com\/alexgalmeanuphotography?__cft__[0]=AZUnU3keP4F5yCWXfNhH-rIjReN_wplsEfjZ4GtlmB5ZcLyPTG_F13iwxGCt7bl2ZIKFUsXMi0ICkgboQdPrdbDMow7zOQz7bQz9MLfBr-uttFwsbMMLfVvc0IJ9fDzB2DIGhDmWQiFxQ_M_KjEODA0gzAHXz2jZAkViSDLoBA2fVor0-HbzUDtSRqQLl5AM-4f-rRP1WNEacXp6jTCJvhfS&amp;__tn__=-]K-R\">Alex Galmeanu Photography<\/a><\/p>\n\n\n\n<p>Poveste de <a href=\"https:\/\/www.facebook.com\/crinam?__cft__[0]=AZUnU3keP4F5yCWXfNhH-rIjReN_wplsEfjZ4GtlmB5ZcLyPTG_F13iwxGCt7bl2ZIKFUsXMi0ICkgboQdPrdbDMow7zOQz7bQz9MLfBr-uttFwsbMMLfVvc0IJ9fDzB2DIGhDmWQiFxQ_M_KjEODA0gzAHXz2jZAkViSDLoBA2fVor0-HbzUDtSRqQLl5AM-4f-rRP1WNEacXp6jTCJvhfS&amp;__tn__=-]K-R\">Crina Marina Mure\u0219anu<\/a><\/p>\n\n\n\n<p><a href=\"https:\/\/www.facebook.com\/hashtag\/iubireacaredaramaziduri?__eep__=6&amp;__cft__[0]=AZUnU3keP4F5yCWXfNhH-rIjReN_wplsEfjZ4GtlmB5ZcLyPTG_F13iwxGCt7bl2ZIKFUsXMi0ICkgboQdPrdbDMow7zOQz7bQz9MLfBr-uttFwsbMMLfVvc0IJ9fDzB2DIGhDmWQiFxQ_M_KjEODA0gzAHXz2jZAkViSDLoBA2fVor0-HbzUDtSRqQLl5AM-4f-rRP1WNEacXp6jTCJvhfS&amp;__tn__=*NK-R\">#iubireacaredaramaziduri<\/a><\/p>\n\n\n\n<p>***<\/p>\n\n\n\n<p><a href=\"https:\/\/www.facebook.com\/acfromania?__cft__[0]=AZUnU3keP4F5yCWXfNhH-rIjReN_wplsEfjZ4GtlmB5ZcLyPTG_F13iwxGCt7bl2ZIKFUsXMi0ICkgboQdPrdbDMow7zOQz7bQz9MLfBr-uttFwsbMMLfVvc0IJ9fDzB2DIGhDmWQiFxQ_M_KjEODA0gzAHXz2jZAkViSDLoBA2fVor0-HbzUDtSRqQLl5AM-4f-rRP1WNEacXp6jTCJvhfS&amp;__tn__=-]K-R\">Active Citizens Fund &#8211; Romania<\/a><\/p>\n\n\n\n<p><a href=\"https:\/\/www.facebook.com\/hashtag\/haide?__eep__=6&amp;__cft__[0]=AZUnU3keP4F5yCWXfNhH-rIjReN_wplsEfjZ4GtlmB5ZcLyPTG_F13iwxGCt7bl2ZIKFUsXMi0ICkgboQdPrdbDMow7zOQz7bQz9MLfBr-uttFwsbMMLfVvc0IJ9fDzB2DIGhDmWQiFxQ_M_KjEODA0gzAHXz2jZAkViSDLoBA2fVor0-HbzUDtSRqQLl5AM-4f-rRP1WNEacXp6jTCJvhfS&amp;__tn__=*NK-R\">#haide<\/a><a href=\"https:\/\/www.facebook.com\/hashtag\/activecitizensfund?__eep__=6&amp;__cft__[0]=AZUnU3keP4F5yCWXfNhH-rIjReN_wplsEfjZ4GtlmB5ZcLyPTG_F13iwxGCt7bl2ZIKFUsXMi0ICkgboQdPrdbDMow7zOQz7bQz9MLfBr-uttFwsbMMLfVvc0IJ9fDzB2DIGhDmWQiFxQ_M_KjEODA0gzAHXz2jZAkViSDLoBA2fVor0-HbzUDtSRqQLl5AM-4f-rRP1WNEacXp6jTCJvhfS&amp;__tn__=*NK-R\">#ActiveCitizensFund<\/a><a href=\"https:\/\/www.facebook.com\/hashtag\/romania?__eep__=6&amp;__cft__[0]=AZUnU3keP4F5yCWXfNhH-rIjReN_wplsEfjZ4GtlmB5ZcLyPTG_F13iwxGCt7bl2ZIKFUsXMi0ICkgboQdPrdbDMow7zOQz7bQz9MLfBr-uttFwsbMMLfVvc0IJ9fDzB2DIGhDmWQiFxQ_M_KjEODA0gzAHXz2jZAkViSDLoBA2fVor0-HbzUDtSRqQLl5AM-4f-rRP1WNEacXp6jTCJvhfS&amp;__tn__=*NK-R\">#Romania<\/a><a href=\"https:\/\/www.facebook.com\/hashtag\/activecitizens?__eep__=6&amp;__cft__[0]=AZUnU3keP4F5yCWXfNhH-rIjReN_wplsEfjZ4GtlmB5ZcLyPTG_F13iwxGCt7bl2ZIKFUsXMi0ICkgboQdPrdbDMow7zOQz7bQz9MLfBr-uttFwsbMMLfVvc0IJ9fDzB2DIGhDmWQiFxQ_M_KjEODA0gzAHXz2jZAkViSDLoBA2fVor0-HbzUDtSRqQLl5AM-4f-rRP1WNEacXp6jTCJvhfS&amp;__tn__=*NK-R\">#activecitizens<\/a><a href=\"https:\/\/www.facebook.com\/hashtag\/eeanorwaygrants?__eep__=6&amp;__cft__[0]=AZUnU3keP4F5yCWXfNhH-rIjReN_wplsEfjZ4GtlmB5ZcLyPTG_F13iwxGCt7bl2ZIKFUsXMi0ICkgboQdPrdbDMow7zOQz7bQz9MLfBr-uttFwsbMMLfVvc0IJ9fDzB2DIGhDmWQiFxQ_M_KjEODA0gzAHXz2jZAkViSDLoBA2fVor0-HbzUDtSRqQLl5AM-4f-rRP1WNEacXp6jTCJvhfS&amp;__tn__=*NK-R\">#EEANorwayGrants<\/a><\/p>\n\n\n\n<figure class=\"wp-block-image size-large\"><img loading=\"lazy\" decoding=\"async\" width=\"1024\" height=\"683\" src=\"https:\/\/www.agentiaimpreuna.ro\/cunoasterea-romului-de-langa-noi\/wp-content\/uploads\/2023\/09\/FundatiaImpreuna_OmulDeLangaTine_20230530_4242-1-1024x683.jpg\" alt=\"\" class=\"wp-image-1622\" srcset=\"https:\/\/www.agentiaimpreuna.ro\/cunoasterea-romului-de-langa-noi\/wp-content\/uploads\/2023\/09\/FundatiaImpreuna_OmulDeLangaTine_20230530_4242-1-1024x683.jpg 1024w, https:\/\/www.agentiaimpreuna.ro\/cunoasterea-romului-de-langa-noi\/wp-content\/uploads\/2023\/09\/FundatiaImpreuna_OmulDeLangaTine_20230530_4242-1-300x200.jpg 300w, https:\/\/www.agentiaimpreuna.ro\/cunoasterea-romului-de-langa-noi\/wp-content\/uploads\/2023\/09\/FundatiaImpreuna_OmulDeLangaTine_20230530_4242-1-768x512.jpg 768w, https:\/\/www.agentiaimpreuna.ro\/cunoasterea-romului-de-langa-noi\/wp-content\/uploads\/2023\/09\/FundatiaImpreuna_OmulDeLangaTine_20230530_4242-1-1536x1024.jpg 1536w, https:\/\/www.agentiaimpreuna.ro\/cunoasterea-romului-de-langa-noi\/wp-content\/uploads\/2023\/09\/FundatiaImpreuna_OmulDeLangaTine_20230530_4242-1-2048x1366.jpg 2048w\" sizes=\"auto, (max-width: 1024px) 100vw, 1024px\" \/><\/figure>\n","protected":false},"excerpt":{"rendered":"<p>Crina Mure\u0219anu, asistent social principal la Direc\u021bia General\u0103 de Asisten\u021b\u0103 Social\u0103 a Municipiului Bucure\u0219ti, al\u0103turi de fiul ei, Albert \u201ePersoana cea mai important\u0103 \u0219i via\u021ba mea este Albert, Cel Care M-a F\u0103cut Om \u0219i m\u0103 bucur s\u0103 vorbesc oric\u00e2nd despre faptul c\u0103 este cople\u0219itor s\u0103 am recuno\u0219tin\u021b\u0103 pentru um\u0103r l\u00e2ng\u0103 um\u0103r. \u0218ti\u021bi, el e de [&hellip;]<\/p>\n","protected":false},"author":2,"featured_media":1621,"comment_status":"open","ping_status":"open","sticky":false,"template":"","format":"standard","meta":{"footnotes":""},"categories":[1],"tags":[],"class_list":["post-1620","post","type-post","status-publish","format-standard","has-post-thumbnail","hentry","category-negategorizat"],"blocksy_meta":{"styles_descriptor":{"styles":{"desktop":"","tablet":"","mobile":""},"google_fonts":[],"version":6}},"featured_image_urls":{"full":["https:\/\/www.agentiaimpreuna.ro\/cunoasterea-romului-de-langa-noi\/wp-content\/uploads\/2023\/09\/FundatiaImpreuna_OmulDeLangaTine_20230530_4242-scaled.jpg",2560,1707,false],"thumbnail":["https:\/\/www.agentiaimpreuna.ro\/cunoasterea-romului-de-langa-noi\/wp-content\/uploads\/2023\/09\/FundatiaImpreuna_OmulDeLangaTine_20230530_4242-150x150.jpg",150,150,true],"medium":["https:\/\/www.agentiaimpreuna.ro\/cunoasterea-romului-de-langa-noi\/wp-content\/uploads\/2023\/09\/FundatiaImpreuna_OmulDeLangaTine_20230530_4242-300x200.jpg",300,200,true],"medium_large":["https:\/\/www.agentiaimpreuna.ro\/cunoasterea-romului-de-langa-noi\/wp-content\/uploads\/2023\/09\/FundatiaImpreuna_OmulDeLangaTine_20230530_4242-768x512.jpg",768,512,true],"large":["https:\/\/www.agentiaimpreuna.ro\/cunoasterea-romului-de-langa-noi\/wp-content\/uploads\/2023\/09\/FundatiaImpreuna_OmulDeLangaTine_20230530_4242-1024x683.jpg",1024,683,true],"1536x1536":["https:\/\/www.agentiaimpreuna.ro\/cunoasterea-romului-de-langa-noi\/wp-content\/uploads\/2023\/09\/FundatiaImpreuna_OmulDeLangaTine_20230530_4242-1536x1024.jpg",1536,1024,true],"2048x2048":["https:\/\/www.agentiaimpreuna.ro\/cunoasterea-romului-de-langa-noi\/wp-content\/uploads\/2023\/09\/FundatiaImpreuna_OmulDeLangaTine_20230530_4242-2048x1366.jpg",2048,1366,true]},"post_excerpt_stackable":"<p>Crina Mure\u0219anu, asistent social principal la Direc\u021bia General\u0103 de Asisten\u021b\u0103 Social\u0103 a Municipiului Bucure\u0219ti, al\u0103turi de fiul ei, Albert \u201ePersoana cea mai important\u0103 \u0219i via\u021ba mea este Albert, Cel Care M-a F\u0103cut Om \u0219i m\u0103 bucur s\u0103 vorbesc oric\u00e2nd despre faptul c\u0103 este cople\u0219itor s\u0103 am recuno\u0219tin\u021b\u0103 pentru um\u0103r l\u00e2ng\u0103 um\u0103r. \u0218ti\u021bi, el e de mult mai \u00eenalt dec\u00e2t mine&#8230; \u0219i acum r\u00e2d despre faptul c\u0103 atunci c\u00e2nd \u00een cartier a fost implicat pe nedrept \u00eentr-o disput\u0103 cu ni\u0219te b\u0103ie\u021bi necunoscu\u021bi, eu i-am spus: \u201cZi-mi mie unde sunt!?!\u201d. R\u00e2d \u0219i acum de privirea lui \u0219i r\u0103spunsul: \u201eSunt mai \u00eenal\u021bi ca&hellip;<\/p>\n","category_list":"<a href=\"https:\/\/www.agentiaimpreuna.ro\/cunoasterea-romului-de-langa-noi\/category\/negategorizat\/\" rel=\"category tag\">Necategorizat<\/a>","author_info":{"name":"Georgiana Ionita","url":"https:\/\/www.agentiaimpreuna.ro\/cunoasterea-romului-de-langa-noi\/author\/georgiana\/"},"comments_num":"0 comments","_links":{"self":[{"href":"https:\/\/www.agentiaimpreuna.ro\/cunoasterea-romului-de-langa-noi\/wp-json\/wp\/v2\/posts\/1620","targetHints":{"allow":["GET"]}}],"collection":[{"href":"https:\/\/www.agentiaimpreuna.ro\/cunoasterea-romului-de-langa-noi\/wp-json\/wp\/v2\/posts"}],"about":[{"href":"https:\/\/www.agentiaimpreuna.ro\/cunoasterea-romului-de-langa-noi\/wp-json\/wp\/v2\/types\/post"}],"author":[{"embeddable":true,"href":"https:\/\/www.agentiaimpreuna.ro\/cunoasterea-romului-de-langa-noi\/wp-json\/wp\/v2\/users\/2"}],"replies":[{"embeddable":true,"href":"https:\/\/www.agentiaimpreuna.ro\/cunoasterea-romului-de-langa-noi\/wp-json\/wp\/v2\/comments?post=1620"}],"version-history":[{"count":1,"href":"https:\/\/www.agentiaimpreuna.ro\/cunoasterea-romului-de-langa-noi\/wp-json\/wp\/v2\/posts\/1620\/revisions"}],"predecessor-version":[{"id":1623,"href":"https:\/\/www.agentiaimpreuna.ro\/cunoasterea-romului-de-langa-noi\/wp-json\/wp\/v2\/posts\/1620\/revisions\/1623"}],"wp:featuredmedia":[{"embeddable":true,"href":"https:\/\/www.agentiaimpreuna.ro\/cunoasterea-romului-de-langa-noi\/wp-json\/wp\/v2\/media\/1621"}],"wp:attachment":[{"href":"https:\/\/www.agentiaimpreuna.ro\/cunoasterea-romului-de-langa-noi\/wp-json\/wp\/v2\/media?parent=1620"}],"wp:term":[{"taxonomy":"category","embeddable":true,"href":"https:\/\/www.agentiaimpreuna.ro\/cunoasterea-romului-de-langa-noi\/wp-json\/wp\/v2\/categories?post=1620"},{"taxonomy":"post_tag","embeddable":true,"href":"https:\/\/www.agentiaimpreuna.ro\/cunoasterea-romului-de-langa-noi\/wp-json\/wp\/v2\/tags?post=1620"}],"curies":[{"name":"wp","href":"https:\/\/api.w.org\/{rel}","templated":true}]}}