{"id":1617,"date":"2023-09-14T07:00:00","date_gmt":"2023-09-14T07:00:00","guid":{"rendered":"https:\/\/www.agentiaimpreuna.ro\/cunoasterea-romului-de-langa-noi\/?p=1617"},"modified":"2023-09-14T07:27:00","modified_gmt":"2023-09-14T07:27:00","slug":"%f0%9d%90%8e-%f0%9d%90%a2%cc%82%f0%9d%90%a6%f0%9d%90%9b%f0%9d%90%ab%f0%9d%90%9a%cc%86%f0%9d%90%ad%cc%a6%f0%9d%90%a2%f0%9d%90%ac%cc%a6%f0%9d%90%9a%f0%9d%90%ab%f0%9d%90%9e-%f0%9d%90%9a%f0%9d%90%9d","status":"publish","type":"post","link":"https:\/\/www.agentiaimpreuna.ro\/cunoasterea-romului-de-langa-noi\/negategorizat\/%f0%9d%90%8e-%f0%9d%90%a2%cc%82%f0%9d%90%a6%f0%9d%90%9b%f0%9d%90%ab%f0%9d%90%9a%cc%86%f0%9d%90%ad%cc%a6%f0%9d%90%a2%f0%9d%90%ac%cc%a6%f0%9d%90%9a%f0%9d%90%ab%f0%9d%90%9e-%f0%9d%90%9a%f0%9d%90%9d\/","title":{"rendered":"\ud835\udc0e \ud835\udc22\u0302\ud835\udc26\ud835\udc1b\ud835\udc2b\ud835\udc1a\u0306\ud835\udc2d\u0326\ud835\udc22\ud835\udc2c\u0326\ud835\udc1a\ud835\udc2b\ud835\udc1e \ud835\udc1a\ud835\udc1d\ud835\udc1a\u0302\ud835\udc27\ud835\udc1c\ud835\udc1a\u0306"},"content":{"rendered":"\n<p>Adrian-Nicolae Furtun\u0103, sociolog, al\u0103turi fiica lui, Natasha<\/p>\n\n\n\n<p>\u201eE weekend, parc, soare, biciclete \u00eenchiriate. Ea nu a mai mers pe biciclet\u0103 de c\u00e2\u021biva ani, iar eu de c\u00e2nd m-au \u00eenv\u0103\u021bat s\u0103 merg pe biciclet\u0103 copiii din Ferentari, prin 2011&#8230; O las pe ea s\u0103 pedaleze \u00eenaintea mea, eu vreau s\u0103 r\u0103m\u00e2n \u00een spatele ei, ea \u00eemi cere s\u0103 mergem unul l\u00e2ng\u0103 cel\u0103lalt, \u00een paralel. Ceva din mine nu m\u0103 l\u0103sa s\u0103 mergem unul l\u00e2ng\u0103 cel\u0103lalt, voiam s\u0103 fiu \u00een <a><\/a>spatele ei s\u0103 o protejez. Dar ea insista. Am mers un timp \u00een spatele ei, apoi unul l\u00e2ng\u0103 cel\u0103lalt. A fost o \u00eent\u00e2lnire cu mine, cu to\u021bi anii scur\u0219i prea repede. Copiii sunt o oglind\u0103 \u00een care te vezi par\u021bial, cresc ei \u0219i cre\u0219ti \u0219i tu. Sunt o oglind\u0103 prin care tot po\u021bi s\u0103 te joci de-a \u00eentorsul \u00een timp, venitul \u00een prezent \u0219i fugitul \u00een viitor. Uneori, te \u00eentrebi ce le la\u0219i din tine, iar un tip ca mine \u2013 pasionat de munca lui, se \u00eentreab\u0103 ce-i va r\u0103m\u00e2ne ei din el.\u201d<\/p>\n\n\n\n<p>Fotografie de <a href=\"https:\/\/www.facebook.com\/alexgalmeanuphotography?__cft__[0]=AZW1o7ghfi4MWqEKYn2Z8JUgfgpK6mGWQjpjWOzsQFgrb0kZhha2E11SrwGlMnqcCX_doblxIuvxYGwTCxYesZx-gExD_ho9fjNvVENEimR6rJZDNc8ETP0rDg2fHTi8wok_Gi6F_DLmj1R1aVRfY9TUZzsCAFQYr_BnWxm9CJe1OotdCKVlL22GcPofPdEgoeM1ECeQr-gyp-a9qBPJiF8m&amp;__tn__=-]K-R\">Alex Galmeanu Photography<\/a><\/p>\n\n\n\n<p>Poveste de Furtuna Adrian<\/p>\n\n\n\n<p><a href=\"https:\/\/www.facebook.com\/hashtag\/iubireacaredaramaziduri?__eep__=6&amp;__cft__[0]=AZW1o7ghfi4MWqEKYn2Z8JUgfgpK6mGWQjpjWOzsQFgrb0kZhha2E11SrwGlMnqcCX_doblxIuvxYGwTCxYesZx-gExD_ho9fjNvVENEimR6rJZDNc8ETP0rDg2fHTi8wok_Gi6F_DLmj1R1aVRfY9TUZzsCAFQYr_BnWxm9CJe1OotdCKVlL22GcPofPdEgoeM1ECeQr-gyp-a9qBPJiF8m&amp;__tn__=*NK-R\">#iubireacaredaramaziduri<\/a><\/p>\n\n\n\n<p>***<\/p>\n\n\n\n<p><a href=\"https:\/\/www.facebook.com\/acfromania?__cft__[0]=AZW1o7ghfi4MWqEKYn2Z8JUgfgpK6mGWQjpjWOzsQFgrb0kZhha2E11SrwGlMnqcCX_doblxIuvxYGwTCxYesZx-gExD_ho9fjNvVENEimR6rJZDNc8ETP0rDg2fHTi8wok_Gi6F_DLmj1R1aVRfY9TUZzsCAFQYr_BnWxm9CJe1OotdCKVlL22GcPofPdEgoeM1ECeQr-gyp-a9qBPJiF8m&amp;__tn__=-]K-R\">Active Citizens Fund &#8211; Romania<\/a><\/p>\n\n\n\n<p><a href=\"https:\/\/www.facebook.com\/hashtag\/haide?__eep__=6&amp;__cft__[0]=AZW1o7ghfi4MWqEKYn2Z8JUgfgpK6mGWQjpjWOzsQFgrb0kZhha2E11SrwGlMnqcCX_doblxIuvxYGwTCxYesZx-gExD_ho9fjNvVENEimR6rJZDNc8ETP0rDg2fHTi8wok_Gi6F_DLmj1R1aVRfY9TUZzsCAFQYr_BnWxm9CJe1OotdCKVlL22GcPofPdEgoeM1ECeQr-gyp-a9qBPJiF8m&amp;__tn__=*NK-R\">#haide<\/a><a href=\"https:\/\/www.facebook.com\/hashtag\/activecitizensfund?__eep__=6&amp;__cft__[0]=AZW1o7ghfi4MWqEKYn2Z8JUgfgpK6mGWQjpjWOzsQFgrb0kZhha2E11SrwGlMnqcCX_doblxIuvxYGwTCxYesZx-gExD_ho9fjNvVENEimR6rJZDNc8ETP0rDg2fHTi8wok_Gi6F_DLmj1R1aVRfY9TUZzsCAFQYr_BnWxm9CJe1OotdCKVlL22GcPofPdEgoeM1ECeQr-gyp-a9qBPJiF8m&amp;__tn__=*NK-R\">#ActiveCitizensFund<\/a><a href=\"https:\/\/www.facebook.com\/hashtag\/romania?__eep__=6&amp;__cft__[0]=AZW1o7ghfi4MWqEKYn2Z8JUgfgpK6mGWQjpjWOzsQFgrb0kZhha2E11SrwGlMnqcCX_doblxIuvxYGwTCxYesZx-gExD_ho9fjNvVENEimR6rJZDNc8ETP0rDg2fHTi8wok_Gi6F_DLmj1R1aVRfY9TUZzsCAFQYr_BnWxm9CJe1OotdCKVlL22GcPofPdEgoeM1ECeQr-gyp-a9qBPJiF8m&amp;__tn__=*NK-R\">#Romania<\/a><a href=\"https:\/\/www.facebook.com\/hashtag\/activecitizens?__eep__=6&amp;__cft__[0]=AZW1o7ghfi4MWqEKYn2Z8JUgfgpK6mGWQjpjWOzsQFgrb0kZhha2E11SrwGlMnqcCX_doblxIuvxYGwTCxYesZx-gExD_ho9fjNvVENEimR6rJZDNc8ETP0rDg2fHTi8wok_Gi6F_DLmj1R1aVRfY9TUZzsCAFQYr_BnWxm9CJe1OotdCKVlL22GcPofPdEgoeM1ECeQr-gyp-a9qBPJiF8m&amp;__tn__=*NK-R\">#activecitizens<\/a><a href=\"https:\/\/www.facebook.com\/hashtag\/eeanorwaygrants?__eep__=6&amp;__cft__[0]=AZW1o7ghfi4MWqEKYn2Z8JUgfgpK6mGWQjpjWOzsQFgrb0kZhha2E11SrwGlMnqcCX_doblxIuvxYGwTCxYesZx-gExD_ho9fjNvVENEimR6rJZDNc8ETP0rDg2fHTi8wok_Gi6F_DLmj1R1aVRfY9TUZzsCAFQYr_BnWxm9CJe1OotdCKVlL22GcPofPdEgoeM1ECeQr-gyp-a9qBPJiF8m&amp;__tn__=*NK-R\">#EEANorwayGrants<\/a>.<\/p>\n\n\n\n<figure class=\"wp-block-image size-large\"><img loading=\"lazy\" decoding=\"async\" width=\"1024\" height=\"683\" src=\"https:\/\/www.agentiaimpreuna.ro\/cunoasterea-romului-de-langa-noi\/wp-content\/uploads\/2023\/09\/FundatiaImpreuna_OmulDeLangaTine_20230530_4951-1024x683.jpg\" alt=\"\" class=\"wp-image-1618\" srcset=\"https:\/\/www.agentiaimpreuna.ro\/cunoasterea-romului-de-langa-noi\/wp-content\/uploads\/2023\/09\/FundatiaImpreuna_OmulDeLangaTine_20230530_4951-1024x683.jpg 1024w, https:\/\/www.agentiaimpreuna.ro\/cunoasterea-romului-de-langa-noi\/wp-content\/uploads\/2023\/09\/FundatiaImpreuna_OmulDeLangaTine_20230530_4951-300x200.jpg 300w, https:\/\/www.agentiaimpreuna.ro\/cunoasterea-romului-de-langa-noi\/wp-content\/uploads\/2023\/09\/FundatiaImpreuna_OmulDeLangaTine_20230530_4951-768x512.jpg 768w, https:\/\/www.agentiaimpreuna.ro\/cunoasterea-romului-de-langa-noi\/wp-content\/uploads\/2023\/09\/FundatiaImpreuna_OmulDeLangaTine_20230530_4951-1536x1024.jpg 1536w, https:\/\/www.agentiaimpreuna.ro\/cunoasterea-romului-de-langa-noi\/wp-content\/uploads\/2023\/09\/FundatiaImpreuna_OmulDeLangaTine_20230530_4951-2048x1366.jpg 2048w\" sizes=\"auto, (max-width: 1024px) 100vw, 1024px\" \/><\/figure>\n","protected":false},"excerpt":{"rendered":"<p>Adrian-Nicolae Furtun\u0103, sociolog, al\u0103turi fiica lui, Natasha \u201eE weekend, parc, soare, biciclete \u00eenchiriate. Ea nu a mai mers pe biciclet\u0103 de c\u00e2\u021biva ani, iar eu de c\u00e2nd m-au \u00eenv\u0103\u021bat s\u0103 merg pe biciclet\u0103 copiii din Ferentari, prin 2011&#8230; O las pe ea s\u0103 pedaleze \u00eenaintea mea, eu vreau s\u0103 r\u0103m\u00e2n \u00een spatele ei, ea \u00eemi [&hellip;]<\/p>\n","protected":false},"author":2,"featured_media":1618,"comment_status":"open","ping_status":"open","sticky":false,"template":"","format":"standard","meta":{"footnotes":""},"categories":[1],"tags":[],"class_list":["post-1617","post","type-post","status-publish","format-standard","has-post-thumbnail","hentry","category-negategorizat"],"blocksy_meta":{"styles_descriptor":{"styles":{"desktop":"","tablet":"","mobile":""},"google_fonts":[],"version":6}},"featured_image_urls":{"full":["https:\/\/www.agentiaimpreuna.ro\/cunoasterea-romului-de-langa-noi\/wp-content\/uploads\/2023\/09\/FundatiaImpreuna_OmulDeLangaTine_20230530_4951-scaled.jpg",2560,1707,false],"thumbnail":["https:\/\/www.agentiaimpreuna.ro\/cunoasterea-romului-de-langa-noi\/wp-content\/uploads\/2023\/09\/FundatiaImpreuna_OmulDeLangaTine_20230530_4951-150x150.jpg",150,150,true],"medium":["https:\/\/www.agentiaimpreuna.ro\/cunoasterea-romului-de-langa-noi\/wp-content\/uploads\/2023\/09\/FundatiaImpreuna_OmulDeLangaTine_20230530_4951-300x200.jpg",300,200,true],"medium_large":["https:\/\/www.agentiaimpreuna.ro\/cunoasterea-romului-de-langa-noi\/wp-content\/uploads\/2023\/09\/FundatiaImpreuna_OmulDeLangaTine_20230530_4951-768x512.jpg",768,512,true],"large":["https:\/\/www.agentiaimpreuna.ro\/cunoasterea-romului-de-langa-noi\/wp-content\/uploads\/2023\/09\/FundatiaImpreuna_OmulDeLangaTine_20230530_4951-1024x683.jpg",1024,683,true],"1536x1536":["https:\/\/www.agentiaimpreuna.ro\/cunoasterea-romului-de-langa-noi\/wp-content\/uploads\/2023\/09\/FundatiaImpreuna_OmulDeLangaTine_20230530_4951-1536x1024.jpg",1536,1024,true],"2048x2048":["https:\/\/www.agentiaimpreuna.ro\/cunoasterea-romului-de-langa-noi\/wp-content\/uploads\/2023\/09\/FundatiaImpreuna_OmulDeLangaTine_20230530_4951-2048x1366.jpg",2048,1366,true]},"post_excerpt_stackable":"<p>Adrian-Nicolae Furtun\u0103, sociolog, al\u0103turi fiica lui, Natasha \u201eE weekend, parc, soare, biciclete \u00eenchiriate. Ea nu a mai mers pe biciclet\u0103 de c\u00e2\u021biva ani, iar eu de c\u00e2nd m-au \u00eenv\u0103\u021bat s\u0103 merg pe biciclet\u0103 copiii din Ferentari, prin 2011&#8230; O las pe ea s\u0103 pedaleze \u00eenaintea mea, eu vreau s\u0103 r\u0103m\u00e2n \u00een spatele ei, ea \u00eemi cere s\u0103 mergem unul l\u00e2ng\u0103 cel\u0103lalt, \u00een paralel. Ceva din mine nu m\u0103 l\u0103sa s\u0103 mergem unul l\u00e2ng\u0103 cel\u0103lalt, voiam s\u0103 fiu \u00een spatele ei s\u0103 o protejez. Dar ea insista. Am mers un timp \u00een spatele ei, apoi unul l\u00e2ng\u0103 cel\u0103lalt. A fost o&hellip;<\/p>\n","category_list":"<a href=\"https:\/\/www.agentiaimpreuna.ro\/cunoasterea-romului-de-langa-noi\/category\/negategorizat\/\" rel=\"category tag\">Necategorizat<\/a>","author_info":{"name":"Georgiana Ionita","url":"https:\/\/www.agentiaimpreuna.ro\/cunoasterea-romului-de-langa-noi\/author\/georgiana\/"},"comments_num":"0 comments","_links":{"self":[{"href":"https:\/\/www.agentiaimpreuna.ro\/cunoasterea-romului-de-langa-noi\/wp-json\/wp\/v2\/posts\/1617","targetHints":{"allow":["GET"]}}],"collection":[{"href":"https:\/\/www.agentiaimpreuna.ro\/cunoasterea-romului-de-langa-noi\/wp-json\/wp\/v2\/posts"}],"about":[{"href":"https:\/\/www.agentiaimpreuna.ro\/cunoasterea-romului-de-langa-noi\/wp-json\/wp\/v2\/types\/post"}],"author":[{"embeddable":true,"href":"https:\/\/www.agentiaimpreuna.ro\/cunoasterea-romului-de-langa-noi\/wp-json\/wp\/v2\/users\/2"}],"replies":[{"embeddable":true,"href":"https:\/\/www.agentiaimpreuna.ro\/cunoasterea-romului-de-langa-noi\/wp-json\/wp\/v2\/comments?post=1617"}],"version-history":[{"count":1,"href":"https:\/\/www.agentiaimpreuna.ro\/cunoasterea-romului-de-langa-noi\/wp-json\/wp\/v2\/posts\/1617\/revisions"}],"predecessor-version":[{"id":1619,"href":"https:\/\/www.agentiaimpreuna.ro\/cunoasterea-romului-de-langa-noi\/wp-json\/wp\/v2\/posts\/1617\/revisions\/1619"}],"wp:featuredmedia":[{"embeddable":true,"href":"https:\/\/www.agentiaimpreuna.ro\/cunoasterea-romului-de-langa-noi\/wp-json\/wp\/v2\/media\/1618"}],"wp:attachment":[{"href":"https:\/\/www.agentiaimpreuna.ro\/cunoasterea-romului-de-langa-noi\/wp-json\/wp\/v2\/media?parent=1617"}],"wp:term":[{"taxonomy":"category","embeddable":true,"href":"https:\/\/www.agentiaimpreuna.ro\/cunoasterea-romului-de-langa-noi\/wp-json\/wp\/v2\/categories?post=1617"},{"taxonomy":"post_tag","embeddable":true,"href":"https:\/\/www.agentiaimpreuna.ro\/cunoasterea-romului-de-langa-noi\/wp-json\/wp\/v2\/tags?post=1617"}],"curies":[{"name":"wp","href":"https:\/\/api.w.org\/{rel}","templated":true}]}}