{"id":1614,"date":"2023-09-13T20:00:00","date_gmt":"2023-09-13T20:00:00","guid":{"rendered":"https:\/\/www.agentiaimpreuna.ro\/cunoasterea-romului-de-langa-noi\/?p=1614"},"modified":"2023-09-14T07:25:19","modified_gmt":"2023-09-14T07:25:19","slug":"cel-mai-bun-prieten","status":"publish","type":"post","link":"https:\/\/www.agentiaimpreuna.ro\/cunoasterea-romului-de-langa-noi\/negategorizat\/cel-mai-bun-prieten\/","title":{"rendered":"Cel mai bun prieten"},"content":{"rendered":"\n<p>Alexandru Stan, activist, parte din Uniunea Studen\u021bilor din Rom\u00e2nia, \u0219i mama lui, Simona<\/p>\n\n\n\n<p>\u201eC\u00e2nd via\u021ba te pune la col\u021b \u0219i te face s\u0103 lup\u021bi \u00een fiecare zi pentru drepturile tale \u0219i ale celor din jurul t\u0103u ai nevoie de un cel mai bun prieten. Pentru mine este mama. M\u0103mica, a\u0219a cum \u00eei zic eu. A fost persoana care m-a sprijinit, m-a sus\u021binut \u015fi care mi-a schimbat via\u021ba, nu o singur\u0103 dat\u0103, ci \u00een fiecare zi. O privesc ca pe un erou. \u00cen fiecare zi <a><\/a>face pa\u0219i s\u0103 fie mai bine dec\u00e2t a fost ieri. Singurul ei scop \u00een via\u021b\u0103 este s\u0103 ne vad\u0103 pe mine, pe fratele \u015fi pe sora mea ferici\u021bi. R\u00e2dem \u00eempreun\u0103, pl\u00e2ngem \u00eempreun\u0103, ne enerv\u0103m \u00eempreun\u0103 \u015fi lupt\u0103m cot la cot. Ce simt pentru ea este art\u0103, nu pot exprima \u00een cuvinte. Dar \u015ftiu c\u0103 o iubesc \u015fi c\u0103 tot ceea ce sunt este meritul ei \u015fi al tat\u0103lui meu. Sper c\u0103 sunt m\u00e2ndri \u015fi ferici\u021bi!\u201d<\/p>\n\n\n\n<p>Fotografie de <a href=\"https:\/\/www.facebook.com\/alexgalmeanuphotography?__cft__[0]=AZVwyGafaYI3yP6dtr3gzaMQYBzVb8BpJdkdpo8dLtY6RuXelhrAbbxwPRU5ebOdX_1UKaKiQLFYyU8IxYdwisP0jqOREhbme9sFQfgGt8jkexQJdlziX36Eh52caLHWXbiFz9LzOmVuno9kYzIi3vEXC4E0Zt6QOoSVSUjn4tE-BbTBvaBiLjLGxF7wDXjytcAlCGmyopj7FnZSIAgPSuWr&amp;__tn__=-]K-R\">Alex Galmeanu Photography<\/a><\/p>\n\n\n\n<p>Poveste de <a href=\"https:\/\/www.facebook.com\/alex.stan.31?__cft__[0]=AZVwyGafaYI3yP6dtr3gzaMQYBzVb8BpJdkdpo8dLtY6RuXelhrAbbxwPRU5ebOdX_1UKaKiQLFYyU8IxYdwisP0jqOREhbme9sFQfgGt8jkexQJdlziX36Eh52caLHWXbiFz9LzOmVuno9kYzIi3vEXC4E0Zt6QOoSVSUjn4tE-BbTBvaBiLjLGxF7wDXjytcAlCGmyopj7FnZSIAgPSuWr&amp;__tn__=-]K-R\">Alex Stan<\/a><\/p>\n\n\n\n<p><a href=\"https:\/\/www.facebook.com\/hashtag\/iubireacaredaramaziduri?__eep__=6&amp;__cft__[0]=AZVwyGafaYI3yP6dtr3gzaMQYBzVb8BpJdkdpo8dLtY6RuXelhrAbbxwPRU5ebOdX_1UKaKiQLFYyU8IxYdwisP0jqOREhbme9sFQfgGt8jkexQJdlziX36Eh52caLHWXbiFz9LzOmVuno9kYzIi3vEXC4E0Zt6QOoSVSUjn4tE-BbTBvaBiLjLGxF7wDXjytcAlCGmyopj7FnZSIAgPSuWr&amp;__tn__=*NK-R\">#iubireacaredaramaziduri<\/a><\/p>\n\n\n\n<p>***<\/p>\n\n\n\n<p><a href=\"https:\/\/www.facebook.com\/acfromania?__cft__[0]=AZVwyGafaYI3yP6dtr3gzaMQYBzVb8BpJdkdpo8dLtY6RuXelhrAbbxwPRU5ebOdX_1UKaKiQLFYyU8IxYdwisP0jqOREhbme9sFQfgGt8jkexQJdlziX36Eh52caLHWXbiFz9LzOmVuno9kYzIi3vEXC4E0Zt6QOoSVSUjn4tE-BbTBvaBiLjLGxF7wDXjytcAlCGmyopj7FnZSIAgPSuWr&amp;__tn__=-]K-R\">Active Citizens Fund &#8211; Romania<\/a><\/p>\n\n\n\n<p><a href=\"https:\/\/www.facebook.com\/hashtag\/haide?__eep__=6&amp;__cft__[0]=AZVwyGafaYI3yP6dtr3gzaMQYBzVb8BpJdkdpo8dLtY6RuXelhrAbbxwPRU5ebOdX_1UKaKiQLFYyU8IxYdwisP0jqOREhbme9sFQfgGt8jkexQJdlziX36Eh52caLHWXbiFz9LzOmVuno9kYzIi3vEXC4E0Zt6QOoSVSUjn4tE-BbTBvaBiLjLGxF7wDXjytcAlCGmyopj7FnZSIAgPSuWr&amp;__tn__=*NK-R\">#haide<\/a><a href=\"https:\/\/www.facebook.com\/hashtag\/activecitizensfund?__eep__=6&amp;__cft__[0]=AZVwyGafaYI3yP6dtr3gzaMQYBzVb8BpJdkdpo8dLtY6RuXelhrAbbxwPRU5ebOdX_1UKaKiQLFYyU8IxYdwisP0jqOREhbme9sFQfgGt8jkexQJdlziX36Eh52caLHWXbiFz9LzOmVuno9kYzIi3vEXC4E0Zt6QOoSVSUjn4tE-BbTBvaBiLjLGxF7wDXjytcAlCGmyopj7FnZSIAgPSuWr&amp;__tn__=*NK-R\">#ActiveCitizensFund<\/a><a href=\"https:\/\/www.facebook.com\/hashtag\/romania?__eep__=6&amp;__cft__[0]=AZVwyGafaYI3yP6dtr3gzaMQYBzVb8BpJdkdpo8dLtY6RuXelhrAbbxwPRU5ebOdX_1UKaKiQLFYyU8IxYdwisP0jqOREhbme9sFQfgGt8jkexQJdlziX36Eh52caLHWXbiFz9LzOmVuno9kYzIi3vEXC4E0Zt6QOoSVSUjn4tE-BbTBvaBiLjLGxF7wDXjytcAlCGmyopj7FnZSIAgPSuWr&amp;__tn__=*NK-R\">#Romania<\/a><a href=\"https:\/\/www.facebook.com\/hashtag\/activecitizens?__eep__=6&amp;__cft__[0]=AZVwyGafaYI3yP6dtr3gzaMQYBzVb8BpJdkdpo8dLtY6RuXelhrAbbxwPRU5ebOdX_1UKaKiQLFYyU8IxYdwisP0jqOREhbme9sFQfgGt8jkexQJdlziX36Eh52caLHWXbiFz9LzOmVuno9kYzIi3vEXC4E0Zt6QOoSVSUjn4tE-BbTBvaBiLjLGxF7wDXjytcAlCGmyopj7FnZSIAgPSuWr&amp;__tn__=*NK-R\">#activecitizens<\/a><a href=\"https:\/\/www.facebook.com\/hashtag\/eeanorwaygrants?__eep__=6&amp;__cft__[0]=AZVwyGafaYI3yP6dtr3gzaMQYBzVb8BpJdkdpo8dLtY6RuXelhrAbbxwPRU5ebOdX_1UKaKiQLFYyU8IxYdwisP0jqOREhbme9sFQfgGt8jkexQJdlziX36Eh52caLHWXbiFz9LzOmVuno9kYzIi3vEXC4E0Zt6QOoSVSUjn4tE-BbTBvaBiLjLGxF7wDXjytcAlCGmyopj7FnZSIAgPSuWr&amp;__tn__=*NK-R\">#EEANorwayGrants<\/a><\/p>\n\n\n\n<figure class=\"wp-block-image size-large\"><img loading=\"lazy\" decoding=\"async\" width=\"1024\" height=\"683\" src=\"https:\/\/www.agentiaimpreuna.ro\/cunoasterea-romului-de-langa-noi\/wp-content\/uploads\/2023\/09\/FundatiaImpreuna_OmulDeLangaTine_20230529_0562-1024x683.jpg\" alt=\"\" class=\"wp-image-1615\" srcset=\"https:\/\/www.agentiaimpreuna.ro\/cunoasterea-romului-de-langa-noi\/wp-content\/uploads\/2023\/09\/FundatiaImpreuna_OmulDeLangaTine_20230529_0562-1024x683.jpg 1024w, https:\/\/www.agentiaimpreuna.ro\/cunoasterea-romului-de-langa-noi\/wp-content\/uploads\/2023\/09\/FundatiaImpreuna_OmulDeLangaTine_20230529_0562-300x200.jpg 300w, https:\/\/www.agentiaimpreuna.ro\/cunoasterea-romului-de-langa-noi\/wp-content\/uploads\/2023\/09\/FundatiaImpreuna_OmulDeLangaTine_20230529_0562-768x512.jpg 768w, https:\/\/www.agentiaimpreuna.ro\/cunoasterea-romului-de-langa-noi\/wp-content\/uploads\/2023\/09\/FundatiaImpreuna_OmulDeLangaTine_20230529_0562-1536x1024.jpg 1536w, https:\/\/www.agentiaimpreuna.ro\/cunoasterea-romului-de-langa-noi\/wp-content\/uploads\/2023\/09\/FundatiaImpreuna_OmulDeLangaTine_20230529_0562-2048x1366.jpg 2048w\" sizes=\"auto, (max-width: 1024px) 100vw, 1024px\" \/><\/figure>\n","protected":false},"excerpt":{"rendered":"<p>Alexandru Stan, activist, parte din Uniunea Studen\u021bilor din Rom\u00e2nia, \u0219i mama lui, Simona \u201eC\u00e2nd via\u021ba te pune la col\u021b \u0219i te face s\u0103 lup\u021bi \u00een fiecare zi pentru drepturile tale \u0219i ale celor din jurul t\u0103u ai nevoie de un cel mai bun prieten. Pentru mine este mama. M\u0103mica, a\u0219a cum \u00eei zic eu. A [&hellip;]<\/p>\n","protected":false},"author":2,"featured_media":1615,"comment_status":"open","ping_status":"open","sticky":false,"template":"","format":"standard","meta":{"footnotes":""},"categories":[1],"tags":[],"class_list":["post-1614","post","type-post","status-publish","format-standard","has-post-thumbnail","hentry","category-negategorizat"],"blocksy_meta":{"styles_descriptor":{"styles":{"desktop":"","tablet":"","mobile":""},"google_fonts":[],"version":6}},"featured_image_urls":{"full":["https:\/\/www.agentiaimpreuna.ro\/cunoasterea-romului-de-langa-noi\/wp-content\/uploads\/2023\/09\/FundatiaImpreuna_OmulDeLangaTine_20230529_0562-scaled.jpg",2560,1707,false],"thumbnail":["https:\/\/www.agentiaimpreuna.ro\/cunoasterea-romului-de-langa-noi\/wp-content\/uploads\/2023\/09\/FundatiaImpreuna_OmulDeLangaTine_20230529_0562-150x150.jpg",150,150,true],"medium":["https:\/\/www.agentiaimpreuna.ro\/cunoasterea-romului-de-langa-noi\/wp-content\/uploads\/2023\/09\/FundatiaImpreuna_OmulDeLangaTine_20230529_0562-300x200.jpg",300,200,true],"medium_large":["https:\/\/www.agentiaimpreuna.ro\/cunoasterea-romului-de-langa-noi\/wp-content\/uploads\/2023\/09\/FundatiaImpreuna_OmulDeLangaTine_20230529_0562-768x512.jpg",768,512,true],"large":["https:\/\/www.agentiaimpreuna.ro\/cunoasterea-romului-de-langa-noi\/wp-content\/uploads\/2023\/09\/FundatiaImpreuna_OmulDeLangaTine_20230529_0562-1024x683.jpg",1024,683,true],"1536x1536":["https:\/\/www.agentiaimpreuna.ro\/cunoasterea-romului-de-langa-noi\/wp-content\/uploads\/2023\/09\/FundatiaImpreuna_OmulDeLangaTine_20230529_0562-1536x1024.jpg",1536,1024,true],"2048x2048":["https:\/\/www.agentiaimpreuna.ro\/cunoasterea-romului-de-langa-noi\/wp-content\/uploads\/2023\/09\/FundatiaImpreuna_OmulDeLangaTine_20230529_0562-2048x1366.jpg",2048,1366,true]},"post_excerpt_stackable":"<p>Alexandru Stan, activist, parte din Uniunea Studen\u021bilor din Rom\u00e2nia, \u0219i mama lui, Simona \u201eC\u00e2nd via\u021ba te pune la col\u021b \u0219i te face s\u0103 lup\u021bi \u00een fiecare zi pentru drepturile tale \u0219i ale celor din jurul t\u0103u ai nevoie de un cel mai bun prieten. Pentru mine este mama. M\u0103mica, a\u0219a cum \u00eei zic eu. A fost persoana care m-a sprijinit, m-a sus\u021binut \u015fi care mi-a schimbat via\u021ba, nu o singur\u0103 dat\u0103, ci \u00een fiecare zi. O privesc ca pe un erou. \u00cen fiecare zi face pa\u0219i s\u0103 fie mai bine dec\u00e2t a fost ieri. Singurul ei scop \u00een via\u021b\u0103 este&hellip;<\/p>\n","category_list":"<a href=\"https:\/\/www.agentiaimpreuna.ro\/cunoasterea-romului-de-langa-noi\/category\/negategorizat\/\" rel=\"category tag\">Necategorizat<\/a>","author_info":{"name":"Georgiana Ionita","url":"https:\/\/www.agentiaimpreuna.ro\/cunoasterea-romului-de-langa-noi\/author\/georgiana\/"},"comments_num":"0 comments","_links":{"self":[{"href":"https:\/\/www.agentiaimpreuna.ro\/cunoasterea-romului-de-langa-noi\/wp-json\/wp\/v2\/posts\/1614","targetHints":{"allow":["GET"]}}],"collection":[{"href":"https:\/\/www.agentiaimpreuna.ro\/cunoasterea-romului-de-langa-noi\/wp-json\/wp\/v2\/posts"}],"about":[{"href":"https:\/\/www.agentiaimpreuna.ro\/cunoasterea-romului-de-langa-noi\/wp-json\/wp\/v2\/types\/post"}],"author":[{"embeddable":true,"href":"https:\/\/www.agentiaimpreuna.ro\/cunoasterea-romului-de-langa-noi\/wp-json\/wp\/v2\/users\/2"}],"replies":[{"embeddable":true,"href":"https:\/\/www.agentiaimpreuna.ro\/cunoasterea-romului-de-langa-noi\/wp-json\/wp\/v2\/comments?post=1614"}],"version-history":[{"count":1,"href":"https:\/\/www.agentiaimpreuna.ro\/cunoasterea-romului-de-langa-noi\/wp-json\/wp\/v2\/posts\/1614\/revisions"}],"predecessor-version":[{"id":1616,"href":"https:\/\/www.agentiaimpreuna.ro\/cunoasterea-romului-de-langa-noi\/wp-json\/wp\/v2\/posts\/1614\/revisions\/1616"}],"wp:featuredmedia":[{"embeddable":true,"href":"https:\/\/www.agentiaimpreuna.ro\/cunoasterea-romului-de-langa-noi\/wp-json\/wp\/v2\/media\/1615"}],"wp:attachment":[{"href":"https:\/\/www.agentiaimpreuna.ro\/cunoasterea-romului-de-langa-noi\/wp-json\/wp\/v2\/media?parent=1614"}],"wp:term":[{"taxonomy":"category","embeddable":true,"href":"https:\/\/www.agentiaimpreuna.ro\/cunoasterea-romului-de-langa-noi\/wp-json\/wp\/v2\/categories?post=1614"},{"taxonomy":"post_tag","embeddable":true,"href":"https:\/\/www.agentiaimpreuna.ro\/cunoasterea-romului-de-langa-noi\/wp-json\/wp\/v2\/tags?post=1614"}],"curies":[{"name":"wp","href":"https:\/\/api.w.org\/{rel}","templated":true}]}}