{"id":1611,"date":"2023-09-13T09:00:00","date_gmt":"2023-09-13T09:00:00","guid":{"rendered":"https:\/\/www.agentiaimpreuna.ro\/cunoasterea-romului-de-langa-noi\/?p=1611"},"modified":"2023-09-13T10:20:01","modified_gmt":"2023-09-13T10:20:01","slug":"cu-mine-mereu","status":"publish","type":"post","link":"https:\/\/www.agentiaimpreuna.ro\/cunoasterea-romului-de-langa-noi\/negategorizat\/cu-mine-mereu\/","title":{"rendered":"Cu mine mereu"},"content":{"rendered":"\n<p>Zita Moldovan, actri\u021b\u0103, al\u0103turi de mama ei, Zita-Ema<\/p>\n\n\n\n<p>\u201eM-am fotografiat al\u0103turi de mama mea, persoana cea mai drag\u0103 pentru mine. E cu mine mereu \u0219i simt protec\u021bia ei oriunde a\u0219 fi. Am multe amintiri dragi \u0219i speciale al\u0103turi de ea, dar dac\u0103 ar fi s\u0103 aleg una ar fi bucuria pe care mi-a ar\u0103tat-o atunci cand am intrat la facultatea de teatru. Mama a fost prima mea alegere pentru c\u0103 este femeia care mi-a dat via\u021b\u0103, a avut grij\u0103 de mine \u0219i m-a \u00eenv\u0103\u021bat toate <a><\/a>lucrurile frumoase pe cate le \u0219tiu. Mama \u00eenseamn\u0103 pentru mine un \u00eentreg univers, iar de c\u00e2nd nu mai este fizic l\u00e2ng\u0103 mine, chiar dac\u0103 acest univers e mai gol, reu\u0219e\u0219te s\u0103-l \u00eentregeasc\u0103 de fiecare dat\u0103. Sunt recunosc\u0103toare pentru c\u0103 mama mea a fost cea mai puternic\u0103 pentru mine. R\u0103bd\u0103toare, a sacrificat multe lucruri pentru mine \u0219i confortul meu, pentru educa\u021bia mea \u0219i a \u0219tiut \u00eentotdeauna s\u0103 \u00eemi arate drumul cel mai bun c\u0103tre dorin\u021bele \u0219i idealurile mele. Cel mai mult am apreciat-o pentru c\u0103 a fost mam\u0103. Toate mamele sunt speciale.\u201d<\/p>\n\n\n\n<p>Fotografie de <a href=\"https:\/\/www.facebook.com\/alexgalmeanuphotography?__cft__[0]=AZWVCHVta1SGzniZWG37wvmGPKhrX-yiTtD5UtBYAENaOsgk_y94u9qRckQEgjH2-RcIfwRf_LBoows_bclookShWhWyHkavgWoU3G8wPhEgx56DYGt6J027i7CBNSYsN7Sq8JUesn1IYa4T2ANtdXVGie5-qunuUnAJMmlgP55jF3ReCo80XCwkCvWIf7ZZ0SbjgjDk9afjPqVeV3Jq434pF9vV0E8XCTg35MbyzIgJ-g&amp;__tn__=-]K-R\">Alex Galmeanu Photography<\/a><\/p>\n\n\n\n<p>Poveste de Zita Moldovan<\/p>\n\n\n\n<p><a href=\"https:\/\/www.facebook.com\/hashtag\/iubireacaredaramaziduri?__eep__=6&amp;__cft__[0]=AZWVCHVta1SGzniZWG37wvmGPKhrX-yiTtD5UtBYAENaOsgk_y94u9qRckQEgjH2-RcIfwRf_LBoows_bclookShWhWyHkavgWoU3G8wPhEgx56DYGt6J027i7CBNSYsN7Sq8JUesn1IYa4T2ANtdXVGie5-qunuUnAJMmlgP55jF3ReCo80XCwkCvWIf7ZZ0SbjgjDk9afjPqVeV3Jq434pF9vV0E8XCTg35MbyzIgJ-g&amp;__tn__=*NK-R\">#iubireacaredaramaziduri<\/a><\/p>\n\n\n\n<p>***<\/p>\n\n\n\n<p><a href=\"https:\/\/www.facebook.com\/acfromania?__cft__[0]=AZWVCHVta1SGzniZWG37wvmGPKhrX-yiTtD5UtBYAENaOsgk_y94u9qRckQEgjH2-RcIfwRf_LBoows_bclookShWhWyHkavgWoU3G8wPhEgx56DYGt6J027i7CBNSYsN7Sq8JUesn1IYa4T2ANtdXVGie5-qunuUnAJMmlgP55jF3ReCo80XCwkCvWIf7ZZ0SbjgjDk9afjPqVeV3Jq434pF9vV0E8XCTg35MbyzIgJ-g&amp;__tn__=-]K-R\">Active Citizens Fund &#8211; Romania<\/a><\/p>\n\n\n\n<p><a href=\"https:\/\/www.facebook.com\/hashtag\/haide?__eep__=6&amp;__cft__[0]=AZWVCHVta1SGzniZWG37wvmGPKhrX-yiTtD5UtBYAENaOsgk_y94u9qRckQEgjH2-RcIfwRf_LBoows_bclookShWhWyHkavgWoU3G8wPhEgx56DYGt6J027i7CBNSYsN7Sq8JUesn1IYa4T2ANtdXVGie5-qunuUnAJMmlgP55jF3ReCo80XCwkCvWIf7ZZ0SbjgjDk9afjPqVeV3Jq434pF9vV0E8XCTg35MbyzIgJ-g&amp;__tn__=*NK-R\">#haide<\/a><a href=\"https:\/\/www.facebook.com\/hashtag\/activecitizensfund?__eep__=6&amp;__cft__[0]=AZWVCHVta1SGzniZWG37wvmGPKhrX-yiTtD5UtBYAENaOsgk_y94u9qRckQEgjH2-RcIfwRf_LBoows_bclookShWhWyHkavgWoU3G8wPhEgx56DYGt6J027i7CBNSYsN7Sq8JUesn1IYa4T2ANtdXVGie5-qunuUnAJMmlgP55jF3ReCo80XCwkCvWIf7ZZ0SbjgjDk9afjPqVeV3Jq434pF9vV0E8XCTg35MbyzIgJ-g&amp;__tn__=*NK-R\">#ActiveCitizensFund<\/a><a href=\"https:\/\/www.facebook.com\/hashtag\/romania?__eep__=6&amp;__cft__[0]=AZWVCHVta1SGzniZWG37wvmGPKhrX-yiTtD5UtBYAENaOsgk_y94u9qRckQEgjH2-RcIfwRf_LBoows_bclookShWhWyHkavgWoU3G8wPhEgx56DYGt6J027i7CBNSYsN7Sq8JUesn1IYa4T2ANtdXVGie5-qunuUnAJMmlgP55jF3ReCo80XCwkCvWIf7ZZ0SbjgjDk9afjPqVeV3Jq434pF9vV0E8XCTg35MbyzIgJ-g&amp;__tn__=*NK-R\">#Romania<\/a><a href=\"https:\/\/www.facebook.com\/hashtag\/activecitizens?__eep__=6&amp;__cft__[0]=AZWVCHVta1SGzniZWG37wvmGPKhrX-yiTtD5UtBYAENaOsgk_y94u9qRckQEgjH2-RcIfwRf_LBoows_bclookShWhWyHkavgWoU3G8wPhEgx56DYGt6J027i7CBNSYsN7Sq8JUesn1IYa4T2ANtdXVGie5-qunuUnAJMmlgP55jF3ReCo80XCwkCvWIf7ZZ0SbjgjDk9afjPqVeV3Jq434pF9vV0E8XCTg35MbyzIgJ-g&amp;__tn__=*NK-R\">#activecitizens<\/a><a href=\"https:\/\/www.facebook.com\/hashtag\/eeanorwaygrants?__eep__=6&amp;__cft__[0]=AZWVCHVta1SGzniZWG37wvmGPKhrX-yiTtD5UtBYAENaOsgk_y94u9qRckQEgjH2-RcIfwRf_LBoows_bclookShWhWyHkavgWoU3G8wPhEgx56DYGt6J027i7CBNSYsN7Sq8JUesn1IYa4T2ANtdXVGie5-qunuUnAJMmlgP55jF3ReCo80XCwkCvWIf7ZZ0SbjgjDk9afjPqVeV3Jq434pF9vV0E8XCTg35MbyzIgJ-g&amp;__tn__=*NK-R\">#EEANorwayGrants<\/a><\/p>\n\n\n\n<figure class=\"wp-block-image size-large\"><img loading=\"lazy\" decoding=\"async\" width=\"1024\" height=\"683\" src=\"https:\/\/www.agentiaimpreuna.ro\/cunoasterea-romului-de-langa-noi\/wp-content\/uploads\/2023\/09\/FundatiaImpreuna_OmulDeLangaTine_20230530_6273-1024x683.jpg\" alt=\"\" class=\"wp-image-1612\" srcset=\"https:\/\/www.agentiaimpreuna.ro\/cunoasterea-romului-de-langa-noi\/wp-content\/uploads\/2023\/09\/FundatiaImpreuna_OmulDeLangaTine_20230530_6273-1024x683.jpg 1024w, https:\/\/www.agentiaimpreuna.ro\/cunoasterea-romului-de-langa-noi\/wp-content\/uploads\/2023\/09\/FundatiaImpreuna_OmulDeLangaTine_20230530_6273-300x200.jpg 300w, https:\/\/www.agentiaimpreuna.ro\/cunoasterea-romului-de-langa-noi\/wp-content\/uploads\/2023\/09\/FundatiaImpreuna_OmulDeLangaTine_20230530_6273-768x512.jpg 768w, https:\/\/www.agentiaimpreuna.ro\/cunoasterea-romului-de-langa-noi\/wp-content\/uploads\/2023\/09\/FundatiaImpreuna_OmulDeLangaTine_20230530_6273-1536x1024.jpg 1536w, https:\/\/www.agentiaimpreuna.ro\/cunoasterea-romului-de-langa-noi\/wp-content\/uploads\/2023\/09\/FundatiaImpreuna_OmulDeLangaTine_20230530_6273-2048x1366.jpg 2048w\" sizes=\"auto, (max-width: 1024px) 100vw, 1024px\" \/><\/figure>\n","protected":false},"excerpt":{"rendered":"<p>Zita Moldovan, actri\u021b\u0103, al\u0103turi de mama ei, Zita-Ema \u201eM-am fotografiat al\u0103turi de mama mea, persoana cea mai drag\u0103 pentru mine. E cu mine mereu \u0219i simt protec\u021bia ei oriunde a\u0219 fi. Am multe amintiri dragi \u0219i speciale al\u0103turi de ea, dar dac\u0103 ar fi s\u0103 aleg una ar fi bucuria pe care mi-a ar\u0103tat-o atunci [&hellip;]<\/p>\n","protected":false},"author":2,"featured_media":1612,"comment_status":"open","ping_status":"open","sticky":false,"template":"","format":"standard","meta":{"footnotes":""},"categories":[1],"tags":[],"class_list":["post-1611","post","type-post","status-publish","format-standard","has-post-thumbnail","hentry","category-negategorizat"],"blocksy_meta":{"styles_descriptor":{"styles":{"desktop":"","tablet":"","mobile":""},"google_fonts":[],"version":6}},"featured_image_urls":{"full":["https:\/\/www.agentiaimpreuna.ro\/cunoasterea-romului-de-langa-noi\/wp-content\/uploads\/2023\/09\/FundatiaImpreuna_OmulDeLangaTine_20230530_6273-scaled.jpg",2560,1707,false],"thumbnail":["https:\/\/www.agentiaimpreuna.ro\/cunoasterea-romului-de-langa-noi\/wp-content\/uploads\/2023\/09\/FundatiaImpreuna_OmulDeLangaTine_20230530_6273-150x150.jpg",150,150,true],"medium":["https:\/\/www.agentiaimpreuna.ro\/cunoasterea-romului-de-langa-noi\/wp-content\/uploads\/2023\/09\/FundatiaImpreuna_OmulDeLangaTine_20230530_6273-300x200.jpg",300,200,true],"medium_large":["https:\/\/www.agentiaimpreuna.ro\/cunoasterea-romului-de-langa-noi\/wp-content\/uploads\/2023\/09\/FundatiaImpreuna_OmulDeLangaTine_20230530_6273-768x512.jpg",768,512,true],"large":["https:\/\/www.agentiaimpreuna.ro\/cunoasterea-romului-de-langa-noi\/wp-content\/uploads\/2023\/09\/FundatiaImpreuna_OmulDeLangaTine_20230530_6273-1024x683.jpg",1024,683,true],"1536x1536":["https:\/\/www.agentiaimpreuna.ro\/cunoasterea-romului-de-langa-noi\/wp-content\/uploads\/2023\/09\/FundatiaImpreuna_OmulDeLangaTine_20230530_6273-1536x1024.jpg",1536,1024,true],"2048x2048":["https:\/\/www.agentiaimpreuna.ro\/cunoasterea-romului-de-langa-noi\/wp-content\/uploads\/2023\/09\/FundatiaImpreuna_OmulDeLangaTine_20230530_6273-2048x1366.jpg",2048,1366,true]},"post_excerpt_stackable":"<p>Zita Moldovan, actri\u021b\u0103, al\u0103turi de mama ei, Zita-Ema \u201eM-am fotografiat al\u0103turi de mama mea, persoana cea mai drag\u0103 pentru mine. E cu mine mereu \u0219i simt protec\u021bia ei oriunde a\u0219 fi. Am multe amintiri dragi \u0219i speciale al\u0103turi de ea, dar dac\u0103 ar fi s\u0103 aleg una ar fi bucuria pe care mi-a ar\u0103tat-o atunci cand am intrat la facultatea de teatru. Mama a fost prima mea alegere pentru c\u0103 este femeia care mi-a dat via\u021b\u0103, a avut grij\u0103 de mine \u0219i m-a \u00eenv\u0103\u021bat toate lucrurile frumoase pe cate le \u0219tiu. Mama \u00eenseamn\u0103 pentru mine un \u00eentreg univers, iar de&hellip;<\/p>\n","category_list":"<a href=\"https:\/\/www.agentiaimpreuna.ro\/cunoasterea-romului-de-langa-noi\/category\/negategorizat\/\" rel=\"category tag\">Necategorizat<\/a>","author_info":{"name":"Georgiana Ionita","url":"https:\/\/www.agentiaimpreuna.ro\/cunoasterea-romului-de-langa-noi\/author\/georgiana\/"},"comments_num":"0 comments","_links":{"self":[{"href":"https:\/\/www.agentiaimpreuna.ro\/cunoasterea-romului-de-langa-noi\/wp-json\/wp\/v2\/posts\/1611","targetHints":{"allow":["GET"]}}],"collection":[{"href":"https:\/\/www.agentiaimpreuna.ro\/cunoasterea-romului-de-langa-noi\/wp-json\/wp\/v2\/posts"}],"about":[{"href":"https:\/\/www.agentiaimpreuna.ro\/cunoasterea-romului-de-langa-noi\/wp-json\/wp\/v2\/types\/post"}],"author":[{"embeddable":true,"href":"https:\/\/www.agentiaimpreuna.ro\/cunoasterea-romului-de-langa-noi\/wp-json\/wp\/v2\/users\/2"}],"replies":[{"embeddable":true,"href":"https:\/\/www.agentiaimpreuna.ro\/cunoasterea-romului-de-langa-noi\/wp-json\/wp\/v2\/comments?post=1611"}],"version-history":[{"count":1,"href":"https:\/\/www.agentiaimpreuna.ro\/cunoasterea-romului-de-langa-noi\/wp-json\/wp\/v2\/posts\/1611\/revisions"}],"predecessor-version":[{"id":1613,"href":"https:\/\/www.agentiaimpreuna.ro\/cunoasterea-romului-de-langa-noi\/wp-json\/wp\/v2\/posts\/1611\/revisions\/1613"}],"wp:featuredmedia":[{"embeddable":true,"href":"https:\/\/www.agentiaimpreuna.ro\/cunoasterea-romului-de-langa-noi\/wp-json\/wp\/v2\/media\/1612"}],"wp:attachment":[{"href":"https:\/\/www.agentiaimpreuna.ro\/cunoasterea-romului-de-langa-noi\/wp-json\/wp\/v2\/media?parent=1611"}],"wp:term":[{"taxonomy":"category","embeddable":true,"href":"https:\/\/www.agentiaimpreuna.ro\/cunoasterea-romului-de-langa-noi\/wp-json\/wp\/v2\/categories?post=1611"},{"taxonomy":"post_tag","embeddable":true,"href":"https:\/\/www.agentiaimpreuna.ro\/cunoasterea-romului-de-langa-noi\/wp-json\/wp\/v2\/tags?post=1611"}],"curies":[{"name":"wp","href":"https:\/\/api.w.org\/{rel}","templated":true}]}}