{"id":1608,"date":"2023-09-12T20:00:00","date_gmt":"2023-09-12T20:00:00","guid":{"rendered":"https:\/\/www.agentiaimpreuna.ro\/cunoasterea-romului-de-langa-noi\/?p=1608"},"modified":"2023-09-13T10:18:43","modified_gmt":"2023-09-13T10:18:43","slug":"femeile-din-familia-mea","status":"publish","type":"post","link":"https:\/\/www.agentiaimpreuna.ro\/cunoasterea-romului-de-langa-noi\/negategorizat\/femeile-din-familia-mea\/","title":{"rendered":"Femeile din familia mea"},"content":{"rendered":"\n<p>Isabela St\u0103nescu, student\u0103 la Universitatea Na\u021bional\u0103 de Muzic\u0103 din Bucure\u0219ti, sopran\u0103 \u00een Corul Regal, al\u0103turi de mama, Violeta, \u0219i surorile ei, Lorena \u0219i Irina<\/p>\n\n\n\n<p>\u201eFemeile din familia mea m-au inspirat s\u0103 fiu ceea ce sunt ast\u0103zi. Am ales s\u0103 vin cu mama mea \u0219i surorile mele deoarece \u00een mintea mea mereu am acest portret frumos de familie. Oriunde mergem \u00eempreun\u0103, lumea ne prive\u0219te cu admira\u021bie, fiindc\u0103 femeile din familia mea au curajul <a><\/a>de a p\u0103\u0219i cu elegan\u021b\u0103 \u00een lume \u0219i de a vorbi cu \u0219arm, umor \u0219i voie bun\u0103, ar\u0103t\u00e2nd, de fapt, ce femei puternice avem \u00een familie, femei cu stim\u0103 de sine \u0219i \u00eencredere. \u201eFamilie\u201d este, desigur, un termen relativ. Sunt multe c\u0103i de a-\u021bi g\u0103si \u201efamilia\u201d \u0219i lini\u0219tea. C\u00e2t despre familia mea&#8230; e numai una. \u0218i le voi fi mereu recunosc\u0103toare pentru tot ce mi-au oferit de-a lungul vie\u021bii: \u00een\u021belepciune, putere, \u00eencredere, dar nu \u00een ultimul r\u00e2nd, dragoste necondi\u021bionat\u0103 cu tona.\u201d<\/p>\n\n\n\n<p>Fotografie de <a href=\"https:\/\/www.facebook.com\/alexgalmeanuphotography?__cft__[0]=AZUR0KZVwxnDlv-iZyvQfgT-IfVhHgdFvUC02W7mR-epmItSePveqY-xNoJAwJgla31PLnjynNDChnes7n2xpbGMd3AvmOpXDykSRX8edmiog2LsLyefor0R10kDWz2BBp8hQ2ToHU_lboYsh3J7Iv_vcXR8uhmxssw7F-_HrfBcNR2tEqc4yY3gX9by3kXWtdwHdpAjxNvOETlX9YSStzUv&amp;__tn__=-]K-R\">Alex Galmeanu Photography<\/a><\/p>\n\n\n\n<p>Poveste de Isabela St\u0103nescu<\/p>\n\n\n\n<p><a href=\"https:\/\/www.facebook.com\/hashtag\/iubireacaredaramaziduri?__eep__=6&amp;__cft__[0]=AZUR0KZVwxnDlv-iZyvQfgT-IfVhHgdFvUC02W7mR-epmItSePveqY-xNoJAwJgla31PLnjynNDChnes7n2xpbGMd3AvmOpXDykSRX8edmiog2LsLyefor0R10kDWz2BBp8hQ2ToHU_lboYsh3J7Iv_vcXR8uhmxssw7F-_HrfBcNR2tEqc4yY3gX9by3kXWtdwHdpAjxNvOETlX9YSStzUv&amp;__tn__=*NK-R\">#iubireacaredaramaziduri<\/a><\/p>\n\n\n\n<p>***<\/p>\n\n\n\n<p><a href=\"https:\/\/www.facebook.com\/acfromania?__cft__[0]=AZUR0KZVwxnDlv-iZyvQfgT-IfVhHgdFvUC02W7mR-epmItSePveqY-xNoJAwJgla31PLnjynNDChnes7n2xpbGMd3AvmOpXDykSRX8edmiog2LsLyefor0R10kDWz2BBp8hQ2ToHU_lboYsh3J7Iv_vcXR8uhmxssw7F-_HrfBcNR2tEqc4yY3gX9by3kXWtdwHdpAjxNvOETlX9YSStzUv&amp;__tn__=-]K-R\">Active Citizens Fund &#8211; Romania<\/a><\/p>\n\n\n\n<p><a href=\"https:\/\/www.facebook.com\/hashtag\/haide?__eep__=6&amp;__cft__[0]=AZUR0KZVwxnDlv-iZyvQfgT-IfVhHgdFvUC02W7mR-epmItSePveqY-xNoJAwJgla31PLnjynNDChnes7n2xpbGMd3AvmOpXDykSRX8edmiog2LsLyefor0R10kDWz2BBp8hQ2ToHU_lboYsh3J7Iv_vcXR8uhmxssw7F-_HrfBcNR2tEqc4yY3gX9by3kXWtdwHdpAjxNvOETlX9YSStzUv&amp;__tn__=*NK-R\">#haide<\/a><a href=\"https:\/\/www.facebook.com\/hashtag\/activecitizensfund?__eep__=6&amp;__cft__[0]=AZUR0KZVwxnDlv-iZyvQfgT-IfVhHgdFvUC02W7mR-epmItSePveqY-xNoJAwJgla31PLnjynNDChnes7n2xpbGMd3AvmOpXDykSRX8edmiog2LsLyefor0R10kDWz2BBp8hQ2ToHU_lboYsh3J7Iv_vcXR8uhmxssw7F-_HrfBcNR2tEqc4yY3gX9by3kXWtdwHdpAjxNvOETlX9YSStzUv&amp;__tn__=*NK-R\">#ActiveCitizensFund<\/a><a href=\"https:\/\/www.facebook.com\/hashtag\/romania?__eep__=6&amp;__cft__[0]=AZUR0KZVwxnDlv-iZyvQfgT-IfVhHgdFvUC02W7mR-epmItSePveqY-xNoJAwJgla31PLnjynNDChnes7n2xpbGMd3AvmOpXDykSRX8edmiog2LsLyefor0R10kDWz2BBp8hQ2ToHU_lboYsh3J7Iv_vcXR8uhmxssw7F-_HrfBcNR2tEqc4yY3gX9by3kXWtdwHdpAjxNvOETlX9YSStzUv&amp;__tn__=*NK-R\">#Romania<\/a><a href=\"https:\/\/www.facebook.com\/hashtag\/activecitizens?__eep__=6&amp;__cft__[0]=AZUR0KZVwxnDlv-iZyvQfgT-IfVhHgdFvUC02W7mR-epmItSePveqY-xNoJAwJgla31PLnjynNDChnes7n2xpbGMd3AvmOpXDykSRX8edmiog2LsLyefor0R10kDWz2BBp8hQ2ToHU_lboYsh3J7Iv_vcXR8uhmxssw7F-_HrfBcNR2tEqc4yY3gX9by3kXWtdwHdpAjxNvOETlX9YSStzUv&amp;__tn__=*NK-R\">#activecitizens<\/a><a href=\"https:\/\/www.facebook.com\/hashtag\/eeanorwaygrants?__eep__=6&amp;__cft__[0]=AZUR0KZVwxnDlv-iZyvQfgT-IfVhHgdFvUC02W7mR-epmItSePveqY-xNoJAwJgla31PLnjynNDChnes7n2xpbGMd3AvmOpXDykSRX8edmiog2LsLyefor0R10kDWz2BBp8hQ2ToHU_lboYsh3J7Iv_vcXR8uhmxssw7F-_HrfBcNR2tEqc4yY3gX9by3kXWtdwHdpAjxNvOETlX9YSStzUv&amp;__tn__=*NK-R\">#EEANorwayGrants<\/a>.<\/p>\n\n\n\n<figure class=\"wp-block-image size-large\"><img loading=\"lazy\" decoding=\"async\" width=\"1024\" height=\"683\" src=\"https:\/\/www.agentiaimpreuna.ro\/cunoasterea-romului-de-langa-noi\/wp-content\/uploads\/2023\/09\/FundatiaImpreuna_OmulDeLangaTine_20230530_5552-1024x683.jpg\" alt=\"\" class=\"wp-image-1609\" srcset=\"https:\/\/www.agentiaimpreuna.ro\/cunoasterea-romului-de-langa-noi\/wp-content\/uploads\/2023\/09\/FundatiaImpreuna_OmulDeLangaTine_20230530_5552-1024x683.jpg 1024w, https:\/\/www.agentiaimpreuna.ro\/cunoasterea-romului-de-langa-noi\/wp-content\/uploads\/2023\/09\/FundatiaImpreuna_OmulDeLangaTine_20230530_5552-300x200.jpg 300w, https:\/\/www.agentiaimpreuna.ro\/cunoasterea-romului-de-langa-noi\/wp-content\/uploads\/2023\/09\/FundatiaImpreuna_OmulDeLangaTine_20230530_5552-768x512.jpg 768w, https:\/\/www.agentiaimpreuna.ro\/cunoasterea-romului-de-langa-noi\/wp-content\/uploads\/2023\/09\/FundatiaImpreuna_OmulDeLangaTine_20230530_5552-1536x1024.jpg 1536w, https:\/\/www.agentiaimpreuna.ro\/cunoasterea-romului-de-langa-noi\/wp-content\/uploads\/2023\/09\/FundatiaImpreuna_OmulDeLangaTine_20230530_5552-2048x1366.jpg 2048w\" sizes=\"auto, (max-width: 1024px) 100vw, 1024px\" \/><\/figure>\n","protected":false},"excerpt":{"rendered":"<p>Isabela St\u0103nescu, student\u0103 la Universitatea Na\u021bional\u0103 de Muzic\u0103 din Bucure\u0219ti, sopran\u0103 \u00een Corul Regal, al\u0103turi de mama, Violeta, \u0219i surorile ei, Lorena \u0219i Irina \u201eFemeile din familia mea m-au inspirat s\u0103 fiu ceea ce sunt ast\u0103zi. Am ales s\u0103 vin cu mama mea \u0219i surorile mele deoarece \u00een mintea mea mereu am acest portret frumos [&hellip;]<\/p>\n","protected":false},"author":2,"featured_media":1609,"comment_status":"open","ping_status":"open","sticky":false,"template":"","format":"standard","meta":{"footnotes":""},"categories":[1],"tags":[],"class_list":["post-1608","post","type-post","status-publish","format-standard","has-post-thumbnail","hentry","category-negategorizat"],"blocksy_meta":{"styles_descriptor":{"styles":{"desktop":"","tablet":"","mobile":""},"google_fonts":[],"version":6}},"featured_image_urls":{"full":["https:\/\/www.agentiaimpreuna.ro\/cunoasterea-romului-de-langa-noi\/wp-content\/uploads\/2023\/09\/FundatiaImpreuna_OmulDeLangaTine_20230530_5552-scaled.jpg",2560,1707,false],"thumbnail":["https:\/\/www.agentiaimpreuna.ro\/cunoasterea-romului-de-langa-noi\/wp-content\/uploads\/2023\/09\/FundatiaImpreuna_OmulDeLangaTine_20230530_5552-150x150.jpg",150,150,true],"medium":["https:\/\/www.agentiaimpreuna.ro\/cunoasterea-romului-de-langa-noi\/wp-content\/uploads\/2023\/09\/FundatiaImpreuna_OmulDeLangaTine_20230530_5552-300x200.jpg",300,200,true],"medium_large":["https:\/\/www.agentiaimpreuna.ro\/cunoasterea-romului-de-langa-noi\/wp-content\/uploads\/2023\/09\/FundatiaImpreuna_OmulDeLangaTine_20230530_5552-768x512.jpg",768,512,true],"large":["https:\/\/www.agentiaimpreuna.ro\/cunoasterea-romului-de-langa-noi\/wp-content\/uploads\/2023\/09\/FundatiaImpreuna_OmulDeLangaTine_20230530_5552-1024x683.jpg",1024,683,true],"1536x1536":["https:\/\/www.agentiaimpreuna.ro\/cunoasterea-romului-de-langa-noi\/wp-content\/uploads\/2023\/09\/FundatiaImpreuna_OmulDeLangaTine_20230530_5552-1536x1024.jpg",1536,1024,true],"2048x2048":["https:\/\/www.agentiaimpreuna.ro\/cunoasterea-romului-de-langa-noi\/wp-content\/uploads\/2023\/09\/FundatiaImpreuna_OmulDeLangaTine_20230530_5552-2048x1366.jpg",2048,1366,true]},"post_excerpt_stackable":"<p>Isabela St\u0103nescu, student\u0103 la Universitatea Na\u021bional\u0103 de Muzic\u0103 din Bucure\u0219ti, sopran\u0103 \u00een Corul Regal, al\u0103turi de mama, Violeta, \u0219i surorile ei, Lorena \u0219i Irina \u201eFemeile din familia mea m-au inspirat s\u0103 fiu ceea ce sunt ast\u0103zi. Am ales s\u0103 vin cu mama mea \u0219i surorile mele deoarece \u00een mintea mea mereu am acest portret frumos de familie. Oriunde mergem \u00eempreun\u0103, lumea ne prive\u0219te cu admira\u021bie, fiindc\u0103 femeile din familia mea au curajul de a p\u0103\u0219i cu elegan\u021b\u0103 \u00een lume \u0219i de a vorbi cu \u0219arm, umor \u0219i voie bun\u0103, ar\u0103t\u00e2nd, de fapt, ce femei puternice avem \u00een familie, femei cu&hellip;<\/p>\n","category_list":"<a href=\"https:\/\/www.agentiaimpreuna.ro\/cunoasterea-romului-de-langa-noi\/category\/negategorizat\/\" rel=\"category tag\">Necategorizat<\/a>","author_info":{"name":"Georgiana Ionita","url":"https:\/\/www.agentiaimpreuna.ro\/cunoasterea-romului-de-langa-noi\/author\/georgiana\/"},"comments_num":"0 comments","_links":{"self":[{"href":"https:\/\/www.agentiaimpreuna.ro\/cunoasterea-romului-de-langa-noi\/wp-json\/wp\/v2\/posts\/1608","targetHints":{"allow":["GET"]}}],"collection":[{"href":"https:\/\/www.agentiaimpreuna.ro\/cunoasterea-romului-de-langa-noi\/wp-json\/wp\/v2\/posts"}],"about":[{"href":"https:\/\/www.agentiaimpreuna.ro\/cunoasterea-romului-de-langa-noi\/wp-json\/wp\/v2\/types\/post"}],"author":[{"embeddable":true,"href":"https:\/\/www.agentiaimpreuna.ro\/cunoasterea-romului-de-langa-noi\/wp-json\/wp\/v2\/users\/2"}],"replies":[{"embeddable":true,"href":"https:\/\/www.agentiaimpreuna.ro\/cunoasterea-romului-de-langa-noi\/wp-json\/wp\/v2\/comments?post=1608"}],"version-history":[{"count":1,"href":"https:\/\/www.agentiaimpreuna.ro\/cunoasterea-romului-de-langa-noi\/wp-json\/wp\/v2\/posts\/1608\/revisions"}],"predecessor-version":[{"id":1610,"href":"https:\/\/www.agentiaimpreuna.ro\/cunoasterea-romului-de-langa-noi\/wp-json\/wp\/v2\/posts\/1608\/revisions\/1610"}],"wp:featuredmedia":[{"embeddable":true,"href":"https:\/\/www.agentiaimpreuna.ro\/cunoasterea-romului-de-langa-noi\/wp-json\/wp\/v2\/media\/1609"}],"wp:attachment":[{"href":"https:\/\/www.agentiaimpreuna.ro\/cunoasterea-romului-de-langa-noi\/wp-json\/wp\/v2\/media?parent=1608"}],"wp:term":[{"taxonomy":"category","embeddable":true,"href":"https:\/\/www.agentiaimpreuna.ro\/cunoasterea-romului-de-langa-noi\/wp-json\/wp\/v2\/categories?post=1608"},{"taxonomy":"post_tag","embeddable":true,"href":"https:\/\/www.agentiaimpreuna.ro\/cunoasterea-romului-de-langa-noi\/wp-json\/wp\/v2\/tags?post=1608"}],"curies":[{"name":"wp","href":"https:\/\/api.w.org\/{rel}","templated":true}]}}