{"id":1602,"date":"2023-09-11T20:00:00","date_gmt":"2023-09-11T20:00:00","guid":{"rendered":"https:\/\/www.agentiaimpreuna.ro\/cunoasterea-romului-de-langa-noi\/?p=1602"},"modified":"2023-09-13T10:15:34","modified_gmt":"2023-09-13T10:15:34","slug":"cu-un-inger-pazitor-in-spatele-meu-la-orice-pas","status":"publish","type":"post","link":"https:\/\/www.agentiaimpreuna.ro\/cunoasterea-romului-de-langa-noi\/negategorizat\/cu-un-inger-pazitor-in-spatele-meu-la-orice-pas\/","title":{"rendered":"Cu un \u00eenger p\u0103zitor \u00een spatele meu la orice pas"},"content":{"rendered":"\n<p>Valentin T\u0103nase, sportiv de performan\u021b\u0103, al\u0103turi de mama lui, Ionica<\/p>\n\n\n\n<p>\u201eAl\u0103turi de mama m\u0103 simt invincibil. Datorit\u0103 ei sunt un b\u0103rbat \u00een toat\u0103 regula. Ea m-a educat \u0219i m-a \u00eendrumat pe c\u0103r\u0103rile bune ale vie\u021bii. Ea este universul meu, l\u00e2ng\u0103 ea am sim\u021bit prima dat\u0103 c\u0103 iubesc o persoan\u0103 cu adev\u0103rat. At\u00e2t de mult o admir, pentru c\u0103 s-a l\u0103sat pe ea s\u0103 fiu eu bine. Sunt sigur c\u0103 este m\u00e2ndr\u0103 de <a><\/a>mine \u0219i de realiz\u0103rile mele, cum \u0219i eu sunt m\u00e2ndru c\u0103 am o mama at\u00e2t de puternic\u0103 \u0219i vertical\u0103. Au existat momente \u00een care nu-i era foame, ca s\u0103 m\u0103n\u00e2nc eu. Ar face asta \u0219i acum, \u00een prezent, pentru c\u0103 asta fac mamele, sunt lupt\u0103toare. Am fost \u0219i sunt cu un \u00eenger p\u0103zitor \u00een spatele meu la orice pas. Nici nu am stat pe g\u00e2nduri c\u00e2nd am fost \u00eentrebat cine este persoana care m-a f\u0103cut mare. Da, ea este Ionica, mama mea, o lupt\u0103toare \u00een adev\u0103ratul sens al cuv\u00e2ntului. Sincer\u0103, muncitoare, modest\u0103 \u0219i foarte frumoas\u0103!\u201d<\/p>\n\n\n\n<p>Fotografie de <a href=\"https:\/\/www.facebook.com\/alexgalmeanuphotography?__cft__[0]=AZXY9LihL6aHCSPBZEPf8-SAba_3d2YFk8-khL1Jf53nv7nd-JhWRD-rNrmnOYtmSTv3A2-_5Oo_LuwVWQmJejzxCjRDf-4dajoJXK9nrfUmUShnjUiGmcfa7U5BcYcV4CKWB6k4lyHBh7nlPs61tBhC1CFRdkTHb_i8qm2yFQhtluUpCK8yyKtzZXDuEA9NkC1Hg_0bi1WmBTlFSkm_mzlK&amp;__tn__=-]K-R\">Alex Galmeanu Photography<\/a><\/p>\n\n\n\n<p>Poveste de <a href=\"https:\/\/www.facebook.com\/valentin.tanase.902?__cft__[0]=AZXY9LihL6aHCSPBZEPf8-SAba_3d2YFk8-khL1Jf53nv7nd-JhWRD-rNrmnOYtmSTv3A2-_5Oo_LuwVWQmJejzxCjRDf-4dajoJXK9nrfUmUShnjUiGmcfa7U5BcYcV4CKWB6k4lyHBh7nlPs61tBhC1CFRdkTHb_i8qm2yFQhtluUpCK8yyKtzZXDuEA9NkC1Hg_0bi1WmBTlFSkm_mzlK&amp;__tn__=-]K-R\">Valentin T\u0103nase<\/a><\/p>\n\n\n\n<p><a href=\"https:\/\/www.facebook.com\/hashtag\/iubireacaredaramaziduri?__eep__=6&amp;__cft__[0]=AZXY9LihL6aHCSPBZEPf8-SAba_3d2YFk8-khL1Jf53nv7nd-JhWRD-rNrmnOYtmSTv3A2-_5Oo_LuwVWQmJejzxCjRDf-4dajoJXK9nrfUmUShnjUiGmcfa7U5BcYcV4CKWB6k4lyHBh7nlPs61tBhC1CFRdkTHb_i8qm2yFQhtluUpCK8yyKtzZXDuEA9NkC1Hg_0bi1WmBTlFSkm_mzlK&amp;__tn__=*NK-R\">#iubireacaredaramaziduri<\/a><\/p>\n\n\n\n<p>***<\/p>\n\n\n\n<p><a href=\"https:\/\/www.facebook.com\/acfromania?__cft__[0]=AZXY9LihL6aHCSPBZEPf8-SAba_3d2YFk8-khL1Jf53nv7nd-JhWRD-rNrmnOYtmSTv3A2-_5Oo_LuwVWQmJejzxCjRDf-4dajoJXK9nrfUmUShnjUiGmcfa7U5BcYcV4CKWB6k4lyHBh7nlPs61tBhC1CFRdkTHb_i8qm2yFQhtluUpCK8yyKtzZXDuEA9NkC1Hg_0bi1WmBTlFSkm_mzlK&amp;__tn__=-]K-R\">Active Citizens Fund &#8211; Romania<\/a><\/p>\n\n\n\n<p><a href=\"https:\/\/www.facebook.com\/hashtag\/haide?__eep__=6&amp;__cft__[0]=AZXY9LihL6aHCSPBZEPf8-SAba_3d2YFk8-khL1Jf53nv7nd-JhWRD-rNrmnOYtmSTv3A2-_5Oo_LuwVWQmJejzxCjRDf-4dajoJXK9nrfUmUShnjUiGmcfa7U5BcYcV4CKWB6k4lyHBh7nlPs61tBhC1CFRdkTHb_i8qm2yFQhtluUpCK8yyKtzZXDuEA9NkC1Hg_0bi1WmBTlFSkm_mzlK&amp;__tn__=*NK-R\">#haide<\/a><a href=\"https:\/\/www.facebook.com\/hashtag\/activecitizensfund?__eep__=6&amp;__cft__[0]=AZXY9LihL6aHCSPBZEPf8-SAba_3d2YFk8-khL1Jf53nv7nd-JhWRD-rNrmnOYtmSTv3A2-_5Oo_LuwVWQmJejzxCjRDf-4dajoJXK9nrfUmUShnjUiGmcfa7U5BcYcV4CKWB6k4lyHBh7nlPs61tBhC1CFRdkTHb_i8qm2yFQhtluUpCK8yyKtzZXDuEA9NkC1Hg_0bi1WmBTlFSkm_mzlK&amp;__tn__=*NK-R\">#ActiveCitizensFund<\/a><a href=\"https:\/\/www.facebook.com\/hashtag\/romania?__eep__=6&amp;__cft__[0]=AZXY9LihL6aHCSPBZEPf8-SAba_3d2YFk8-khL1Jf53nv7nd-JhWRD-rNrmnOYtmSTv3A2-_5Oo_LuwVWQmJejzxCjRDf-4dajoJXK9nrfUmUShnjUiGmcfa7U5BcYcV4CKWB6k4lyHBh7nlPs61tBhC1CFRdkTHb_i8qm2yFQhtluUpCK8yyKtzZXDuEA9NkC1Hg_0bi1WmBTlFSkm_mzlK&amp;__tn__=*NK-R\">#Romania<\/a><a href=\"https:\/\/www.facebook.com\/hashtag\/activecitizens?__eep__=6&amp;__cft__[0]=AZXY9LihL6aHCSPBZEPf8-SAba_3d2YFk8-khL1Jf53nv7nd-JhWRD-rNrmnOYtmSTv3A2-_5Oo_LuwVWQmJejzxCjRDf-4dajoJXK9nrfUmUShnjUiGmcfa7U5BcYcV4CKWB6k4lyHBh7nlPs61tBhC1CFRdkTHb_i8qm2yFQhtluUpCK8yyKtzZXDuEA9NkC1Hg_0bi1WmBTlFSkm_mzlK&amp;__tn__=*NK-R\">#activecitizens<\/a><a href=\"https:\/\/www.facebook.com\/hashtag\/eeanorwaygrants?__eep__=6&amp;__cft__[0]=AZXY9LihL6aHCSPBZEPf8-SAba_3d2YFk8-khL1Jf53nv7nd-JhWRD-rNrmnOYtmSTv3A2-_5Oo_LuwVWQmJejzxCjRDf-4dajoJXK9nrfUmUShnjUiGmcfa7U5BcYcV4CKWB6k4lyHBh7nlPs61tBhC1CFRdkTHb_i8qm2yFQhtluUpCK8yyKtzZXDuEA9NkC1Hg_0bi1WmBTlFSkm_mzlK&amp;__tn__=*NK-R\">#EEANorwayGrants<\/a>.<\/p>\n\n\n\n<p><a href=\"https:\/\/www.facebook.com\/photo\/?fbid=698730075619982&amp;set=a.551472827012375&amp;__cft__[0]=AZXY9LihL6aHCSPBZEPf8-SAba_3d2YFk8-khL1Jf53nv7nd-JhWRD-rNrmnOYtmSTv3A2-_5Oo_LuwVWQmJejzxCjRDf-4dajoJXK9nrfUmUShnjUiGmcfa7U5BcYcV4CKWB6k4lyHBh7nlPs61tBhC1CFRdkTHb_i8qm2yFQhtluUpCK8yyKtzZXDuEA9NkC1Hg_0bi1WmBTlFSkm_mzlK&amp;__tn__=EH-R\"><\/a><\/p>\n\n\n\n<figure class=\"wp-block-image size-large\"><img loading=\"lazy\" decoding=\"async\" width=\"1024\" height=\"683\" src=\"https:\/\/www.agentiaimpreuna.ro\/cunoasterea-romului-de-langa-noi\/wp-content\/uploads\/2023\/09\/FundatiaImpreuna_OmulDeLangaTine_20230529_3911-1024x683.jpg\" alt=\"\" class=\"wp-image-1603\" srcset=\"https:\/\/www.agentiaimpreuna.ro\/cunoasterea-romului-de-langa-noi\/wp-content\/uploads\/2023\/09\/FundatiaImpreuna_OmulDeLangaTine_20230529_3911-1024x683.jpg 1024w, https:\/\/www.agentiaimpreuna.ro\/cunoasterea-romului-de-langa-noi\/wp-content\/uploads\/2023\/09\/FundatiaImpreuna_OmulDeLangaTine_20230529_3911-300x200.jpg 300w, https:\/\/www.agentiaimpreuna.ro\/cunoasterea-romului-de-langa-noi\/wp-content\/uploads\/2023\/09\/FundatiaImpreuna_OmulDeLangaTine_20230529_3911-768x512.jpg 768w, https:\/\/www.agentiaimpreuna.ro\/cunoasterea-romului-de-langa-noi\/wp-content\/uploads\/2023\/09\/FundatiaImpreuna_OmulDeLangaTine_20230529_3911-1536x1024.jpg 1536w, https:\/\/www.agentiaimpreuna.ro\/cunoasterea-romului-de-langa-noi\/wp-content\/uploads\/2023\/09\/FundatiaImpreuna_OmulDeLangaTine_20230529_3911-2048x1366.jpg 2048w\" sizes=\"auto, (max-width: 1024px) 100vw, 1024px\" \/><\/figure>\n","protected":false},"excerpt":{"rendered":"<p>Valentin T\u0103nase, sportiv de performan\u021b\u0103, al\u0103turi de mama lui, Ionica \u201eAl\u0103turi de mama m\u0103 simt invincibil. Datorit\u0103 ei sunt un b\u0103rbat \u00een toat\u0103 regula. Ea m-a educat \u0219i m-a \u00eendrumat pe c\u0103r\u0103rile bune ale vie\u021bii. Ea este universul meu, l\u00e2ng\u0103 ea am sim\u021bit prima dat\u0103 c\u0103 iubesc o persoan\u0103 cu adev\u0103rat. At\u00e2t de mult o [&hellip;]<\/p>\n","protected":false},"author":2,"featured_media":1603,"comment_status":"open","ping_status":"open","sticky":false,"template":"","format":"standard","meta":{"footnotes":""},"categories":[1],"tags":[],"class_list":["post-1602","post","type-post","status-publish","format-standard","has-post-thumbnail","hentry","category-negategorizat"],"blocksy_meta":{"styles_descriptor":{"styles":{"desktop":"","tablet":"","mobile":""},"google_fonts":[],"version":6}},"featured_image_urls":{"full":["https:\/\/www.agentiaimpreuna.ro\/cunoasterea-romului-de-langa-noi\/wp-content\/uploads\/2023\/09\/FundatiaImpreuna_OmulDeLangaTine_20230529_3911-scaled.jpg",2560,1707,false],"thumbnail":["https:\/\/www.agentiaimpreuna.ro\/cunoasterea-romului-de-langa-noi\/wp-content\/uploads\/2023\/09\/FundatiaImpreuna_OmulDeLangaTine_20230529_3911-150x150.jpg",150,150,true],"medium":["https:\/\/www.agentiaimpreuna.ro\/cunoasterea-romului-de-langa-noi\/wp-content\/uploads\/2023\/09\/FundatiaImpreuna_OmulDeLangaTine_20230529_3911-300x200.jpg",300,200,true],"medium_large":["https:\/\/www.agentiaimpreuna.ro\/cunoasterea-romului-de-langa-noi\/wp-content\/uploads\/2023\/09\/FundatiaImpreuna_OmulDeLangaTine_20230529_3911-768x512.jpg",768,512,true],"large":["https:\/\/www.agentiaimpreuna.ro\/cunoasterea-romului-de-langa-noi\/wp-content\/uploads\/2023\/09\/FundatiaImpreuna_OmulDeLangaTine_20230529_3911-1024x683.jpg",1024,683,true],"1536x1536":["https:\/\/www.agentiaimpreuna.ro\/cunoasterea-romului-de-langa-noi\/wp-content\/uploads\/2023\/09\/FundatiaImpreuna_OmulDeLangaTine_20230529_3911-1536x1024.jpg",1536,1024,true],"2048x2048":["https:\/\/www.agentiaimpreuna.ro\/cunoasterea-romului-de-langa-noi\/wp-content\/uploads\/2023\/09\/FundatiaImpreuna_OmulDeLangaTine_20230529_3911-2048x1366.jpg",2048,1366,true]},"post_excerpt_stackable":"<p>Valentin T\u0103nase, sportiv de performan\u021b\u0103, al\u0103turi de mama lui, Ionica \u201eAl\u0103turi de mama m\u0103 simt invincibil. Datorit\u0103 ei sunt un b\u0103rbat \u00een toat\u0103 regula. Ea m-a educat \u0219i m-a \u00eendrumat pe c\u0103r\u0103rile bune ale vie\u021bii. Ea este universul meu, l\u00e2ng\u0103 ea am sim\u021bit prima dat\u0103 c\u0103 iubesc o persoan\u0103 cu adev\u0103rat. At\u00e2t de mult o admir, pentru c\u0103 s-a l\u0103sat pe ea s\u0103 fiu eu bine. Sunt sigur c\u0103 este m\u00e2ndr\u0103 de mine \u0219i de realiz\u0103rile mele, cum \u0219i eu sunt m\u00e2ndru c\u0103 am o mama at\u00e2t de puternic\u0103 \u0219i vertical\u0103. Au existat momente \u00een care nu-i era foame, ca&hellip;<\/p>\n","category_list":"<a href=\"https:\/\/www.agentiaimpreuna.ro\/cunoasterea-romului-de-langa-noi\/category\/negategorizat\/\" rel=\"category tag\">Necategorizat<\/a>","author_info":{"name":"Georgiana Ionita","url":"https:\/\/www.agentiaimpreuna.ro\/cunoasterea-romului-de-langa-noi\/author\/georgiana\/"},"comments_num":"0 comments","_links":{"self":[{"href":"https:\/\/www.agentiaimpreuna.ro\/cunoasterea-romului-de-langa-noi\/wp-json\/wp\/v2\/posts\/1602","targetHints":{"allow":["GET"]}}],"collection":[{"href":"https:\/\/www.agentiaimpreuna.ro\/cunoasterea-romului-de-langa-noi\/wp-json\/wp\/v2\/posts"}],"about":[{"href":"https:\/\/www.agentiaimpreuna.ro\/cunoasterea-romului-de-langa-noi\/wp-json\/wp\/v2\/types\/post"}],"author":[{"embeddable":true,"href":"https:\/\/www.agentiaimpreuna.ro\/cunoasterea-romului-de-langa-noi\/wp-json\/wp\/v2\/users\/2"}],"replies":[{"embeddable":true,"href":"https:\/\/www.agentiaimpreuna.ro\/cunoasterea-romului-de-langa-noi\/wp-json\/wp\/v2\/comments?post=1602"}],"version-history":[{"count":1,"href":"https:\/\/www.agentiaimpreuna.ro\/cunoasterea-romului-de-langa-noi\/wp-json\/wp\/v2\/posts\/1602\/revisions"}],"predecessor-version":[{"id":1604,"href":"https:\/\/www.agentiaimpreuna.ro\/cunoasterea-romului-de-langa-noi\/wp-json\/wp\/v2\/posts\/1602\/revisions\/1604"}],"wp:featuredmedia":[{"embeddable":true,"href":"https:\/\/www.agentiaimpreuna.ro\/cunoasterea-romului-de-langa-noi\/wp-json\/wp\/v2\/media\/1603"}],"wp:attachment":[{"href":"https:\/\/www.agentiaimpreuna.ro\/cunoasterea-romului-de-langa-noi\/wp-json\/wp\/v2\/media?parent=1602"}],"wp:term":[{"taxonomy":"category","embeddable":true,"href":"https:\/\/www.agentiaimpreuna.ro\/cunoasterea-romului-de-langa-noi\/wp-json\/wp\/v2\/categories?post=1602"},{"taxonomy":"post_tag","embeddable":true,"href":"https:\/\/www.agentiaimpreuna.ro\/cunoasterea-romului-de-langa-noi\/wp-json\/wp\/v2\/tags?post=1602"}],"curies":[{"name":"wp","href":"https:\/\/api.w.org\/{rel}","templated":true}]}}