{"id":1596,"date":"2023-09-12T10:00:00","date_gmt":"2023-09-12T10:00:00","guid":{"rendered":"https:\/\/www.agentiaimpreuna.ro\/cunoasterea-romului-de-langa-noi\/?p=1596"},"modified":"2023-09-13T10:12:45","modified_gmt":"2023-09-13T10:12:45","slug":"comunicat-de-presa-iubirea-care-darama-ziduri","status":"publish","type":"post","link":"https:\/\/www.agentiaimpreuna.ro\/cunoasterea-romului-de-langa-noi\/negategorizat\/comunicat-de-presa-iubirea-care-darama-ziduri\/","title":{"rendered":"Comunicat de pres\u0103: Iubirea care d\u0103r\u00e2m\u0103 ziduri"},"content":{"rendered":"\n<p>Diferen\u021ba \u00eentre e\u0219ua \u0219i a reu\u0219i st\u0103, de cele mai multe ori, \u00een puterea noastr\u0103 de a str\u00e2nge din din\u021bi dublat\u0103 de <strong>\u00eencrederea pe care o primim<\/strong> de la cei din jur.<\/p>\n\n\n\n<p>E suficient\u0103 doar for\u021ba interioar\u0103? Mul\u021bi tineri romi ar spune c\u0103 nu, pentru c\u0103 a fi rom \u00een Rom\u00e2nia vine cu presiunea de a fi <strong>de dou\u0103 ori mai bun<\/strong> dec\u00e2t ceilal\u021bi pentru a fi tratat la fel. Pentru c\u0103 stigmatele ata\u0219ate de identitatea etnic\u0103 sunt destul de puternice. Aceast\u0103 presiune face, pe foarte mul\u021bi dintre noi, s\u0103 ced\u0103m presiunii societ\u0103\u021bii. <strong>Cei care reu\u0219esc<\/strong> o fac pentru c\u0103 au \u00een jur oameni care v\u0103d \u00een ei <strong>poten\u021bialul<\/strong> \u0219i care \u00een\u021beleg c\u0103 antidotul ignorantei este iubirea. Pentru ca <strong>IUBIREA D\u0102R\u00c2M\u0102 ZIDURI.<\/strong><\/p>\n\n\n\n<p>C\u00e2t de des vorbim despre oamenii care stau \u00een spatele nostru \u0219i ne ajut\u0103 \u201es\u0103 ne facem mari\u201d? C\u00e2t de mult ar\u0103t\u0103m recuno\u0219tin\u021ba fa\u021b\u0103 de oamenii pe care \u00eei admir\u0103m \u0219i ne devin modele? C\u00e2t de mult \u00eent\u00e2lnirea cu cineva ne schimb\u0103 drumul \u0219i alegerile?<\/p>\n\n\n\n<p>Agen\u021bia de Dezvoltare Comunitar\u0103 \u201e\u00cempreun\u0103\u201d v\u0103 prezint\u0103<strong> o serie de portrete<\/strong> ale unor <strong>romi \u201einvizibili\u201d <\/strong>care au devenit \u201emari\u201d pentru c\u0103 au primit <strong>iubire, \u00eencredere \u0219i stim\u0103 de sine.<\/strong> \u00cei vom ar\u0103ta a\u0219a cum sunt, f\u0103r\u0103 s\u0103 \u00eencerc\u0103m s\u0103-i transform\u0103m \u00een \u201emodele\u201d, pentru c\u0103 cei ca ei <strong>sunt peste tot \u00een jurul nostru<\/strong>. \u0218i sunt mul\u021bi. \u00cei vom ar\u0103ta \u00eempreun\u0103 cu mamele, ta\u021bii, surorile, mentorii, prietenii, oamenii pe care \u00eei admir\u0103 sau care le-au influen\u021bat cel mai mult via\u021ba, pentru a spune <strong>pove\u0219ti despre recuno\u0219tin\u021b\u0103.<\/strong> Unii dintre ei, neromi!<\/p>\n\n\n\n<p>Campania \u00ee\u0219i propune s\u0103 dea voce unor pove\u0219ti autentice care s\u0103 ne poarte \u00een vie\u021bile unor oameni care nu s-au ab\u0103tut de la drumul lor tocmai pentru c\u0103 <strong>au avut \u00een spate<\/strong> al\u021bi oameni care <strong>au crezut \u00een ei <\/strong>\u00eenc\u0103 de la \u00eenceput sau care le-au fost motiva\u021bie s\u0103-\u0219i continue drumul. Pentru c\u0103 avem nevoie de iubirea \u0219i \u00eencurajarea celor din jur pentru a visa c\u00e2t mai sus. Expozi\u021bia nu va fi, neap\u0103rat, despre romi. Ci despre <strong>IUBIREA CARE DAR\u00c2M\u0102 ZIDURILE<\/strong> ignoran\u021bei \u0219i rasismului.<\/p>\n\n\n\n<p>Aducem \u00eempreun\u0103 14 astfel de fotografii, \u00een cadrul unor \u0219edin\u021be foto realizate de fotograful <strong>Alexandru G\u00e2lmeanu <\/strong>la care au luat parte sportivi de performan\u021b\u0103, actori, c\u00e2nt\u0103re\u021bi, activi\u0219ti, sociologi, studen\u021bi, cadre didactice, creatori de con\u021binut online,<em> etc. <\/em>al\u0103turi de persoanele care le-au influen\u021bat cel mai mult via\u021ba (sau folosind fotografii \u00een cazul persoanelor ale c\u0103ror persoane dragi nu mai sunt printre noi). Persoanele care au luat parte campaniei sunt:<\/p>\n\n\n\n<p><strong><em>Valentin T\u0103nase<\/em><\/strong><em>, sportiv de performan\u021b\u0103, al\u0103turi de mama lui, <strong>Ionica<\/strong>;<\/em><\/p>\n\n\n\n<p><strong><em>Oana Rusu<\/em><\/strong><em>, actri\u021b\u0103 la Teatrul Na\u021bional de Operet\u0103 \u0219i Musical \u201eIon Dacian\u201d, Bucure\u0219ti, al\u0103turi de so\u021bul ei, <strong>C\u0103t\u0103lin Fr\u0103sinescu<\/strong>; <\/em><em><\/em><\/p>\n\n\n\n<p><strong><em>Isabela St\u0103nescu<\/em><\/strong><em>, student\u0103 la Universitatea Na\u021bional\u0103 de Muzic\u0103, sopran\u0103 \u00een Corul Regal, al\u0103turi de mama, <strong>Violeta<\/strong>, \u0219i surorile ei, <strong>Lorena<\/strong> \u0219i <strong>Irina<\/strong>;<\/em><\/p>\n\n\n\n<p><strong><em>Zita Moldovan<\/em><\/strong><em>, actri\u021b\u0103, al\u0103turi de mama ei, <strong>Zita-Ema<\/strong>;<\/em><em><\/em><\/p>\n\n\n\n<p><strong><em>Alexandru Stan<\/em><\/strong><em>, activist, parte din Uniunea Studen\u021bilor din Rom\u00e2nia, al\u0103turi de mama lui, <strong>Simona<\/strong>;<\/em><em><\/em><\/p>\n\n\n\n<p><strong><em>Adrian-Nicolae Furtun\u0103<\/em><\/strong><em>, sociolog, al\u0103turi de fiica lui, <strong>Natasha<\/strong>;<\/em><em><\/em><\/p>\n\n\n\n<p><strong><em>Crina Mure\u0219anu<\/em><\/strong><em>, asistent social principal la Direc\u021bia General\u0103 de Asisten\u021b\u0103 Social\u0103 a Municipiului Bucure\u0219ti, al\u0103turi de fiul ei, <strong>Albert<\/strong>;<\/em><em><\/em><\/p>\n\n\n\n<p><strong><em>Corina G. P\u0103un,<\/em><\/strong><em> scriitoare rom\u0103 \u0219i Director Editura POD PESTE SUFLETE, al\u0103turi de tat\u0103l ei, <strong>P\u0103un Gheorghe Ialomi\u021beanu<\/strong>;<\/em><em><\/em><\/p>\n\n\n\n<p><strong><em>Petric\u0103 Badea<\/em><\/strong><em>, \u0219ef serviciu \u2013 Guvernul Rom\u00e2niei, Departamentul pentru Rom\u00e2nii de Pretutindeni, al\u0103turi de fiica lui, <strong>Indra<\/strong>;<\/em><em><\/em><\/p>\n\n\n\n<p><strong><em>Raisa Mihai<\/em><\/strong><em>, profesoar\u0103 de chitar\u0103 clasic\u0103 la Colegiul Na\u021bional de Muzic\u0103 \u201eGeorge Enescu\u201d, al\u0103turi de mama ei, <strong>Daniela<\/strong>;<\/em><em><\/em><\/p>\n\n\n\n<p><strong><em>Alexandra Ciornea<\/em><\/strong><em>, student\u0103 la Facultatea de Sociologie \u0219i Asisten\u021b\u0103 Social\u0103, al\u0103turi de tat\u0103l ei,<strong> Florin<\/strong>;<\/em><em><\/em><\/p>\n\n\n\n<p><strong><em>C\u0103t\u0103lin R\u0103ducanu<\/em><\/strong><em>, pianist concertist, al\u0103turi de fosta profesoar\u0103 de pian, <strong>Alma Peter<\/strong>;<\/em><em><\/em><\/p>\n\n\n\n<p><strong><em>Emil Nepot<\/em><\/strong><em>, creator con\u021binut online, al\u0103turi de <strong>Micutzu (Cosmin Nedelcu)<\/strong>;<\/em><em><\/em><\/p>\n\n\n\n<p><strong><em>Ana Duminic\u0103<\/em><\/strong><em>, director asociat departament de cercetare (dilligence), al\u0103turi de so\u021bul ei, <strong>Yassine<\/strong>.<\/em><em><\/em><\/p>\n\n\n\n<p>Pove\u0219tile pe care le ve\u021bi reg\u0103si \u00een cadrul campaniei sunt scrise integral de persoanele fotografiate, tocmai pentru a surprinde autenticitatea \u0219i intimitatea rela\u021biilor dintre ei.<\/p>\n\n\n\n<p><em>Campania <strong>\u201eIubirea care d\u0103r\u00e2m\u0103 ziduri\u201d<\/strong> este parte a proiectului <strong>\u201eCunoa\u0219terea (r)omului de l\u00e2ng\u0103 noi\u201d<\/strong>, proiect derulat de Agen\u021bia de Dezvoltare Comunitar\u0103 \u201e\u00cempreun\u0103\u201d, prin programul <strong>Active Citizens Fund Romania,<\/strong> finan\u021bat de Islanda, Liechtenstein \u0219i Norvegia prin Granturile SEE 2014-2021. Proiectul \u201eCunoa\u0219terea (r)omului de l\u00e2ng\u0103 noi\u201d are ca scop cre\u0219terea nivelului de con\u0219tientizare asupra drepturilor omului \u0219i tratamentului egal, cu focus pe minoritatea rom\u0103. Con\u021binutul campaniei nu reprezint\u0103 \u00een mod necesar pozi\u021bia oficial\u0103 a Granturilor SEE \u0219i Norvegiene 2014-2021; pentru mai multe informa\u021bii accesa\u021bi www.eeagrants.org.<\/em><\/p>\n\n\n\n<figure class=\"wp-block-image size-large\"><img loading=\"lazy\" decoding=\"async\" width=\"722\" height=\"1024\" src=\"https:\/\/www.agentiaimpreuna.ro\/cunoasterea-romului-de-langa-noi\/wp-content\/uploads\/2023\/09\/Snip20230913_2-722x1024.png\" alt=\"\" class=\"wp-image-1597\" srcset=\"https:\/\/www.agentiaimpreuna.ro\/cunoasterea-romului-de-langa-noi\/wp-content\/uploads\/2023\/09\/Snip20230913_2-722x1024.png 722w, https:\/\/www.agentiaimpreuna.ro\/cunoasterea-romului-de-langa-noi\/wp-content\/uploads\/2023\/09\/Snip20230913_2-212x300.png 212w, https:\/\/www.agentiaimpreuna.ro\/cunoasterea-romului-de-langa-noi\/wp-content\/uploads\/2023\/09\/Snip20230913_2-768x1089.png 768w, https:\/\/www.agentiaimpreuna.ro\/cunoasterea-romului-de-langa-noi\/wp-content\/uploads\/2023\/09\/Snip20230913_2.png 952w\" sizes=\"auto, (max-width: 722px) 100vw, 722px\" \/><\/figure>\n\n\n\n<figure class=\"wp-block-image size-large\"><img loading=\"lazy\" decoding=\"async\" width=\"720\" height=\"1024\" src=\"https:\/\/www.agentiaimpreuna.ro\/cunoasterea-romului-de-langa-noi\/wp-content\/uploads\/2023\/09\/Snip20230913_3-1-720x1024.png\" alt=\"\" class=\"wp-image-1600\" srcset=\"https:\/\/www.agentiaimpreuna.ro\/cunoasterea-romului-de-langa-noi\/wp-content\/uploads\/2023\/09\/Snip20230913_3-1-720x1024.png 720w, https:\/\/www.agentiaimpreuna.ro\/cunoasterea-romului-de-langa-noi\/wp-content\/uploads\/2023\/09\/Snip20230913_3-1-211x300.png 211w, https:\/\/www.agentiaimpreuna.ro\/cunoasterea-romului-de-langa-noi\/wp-content\/uploads\/2023\/09\/Snip20230913_3-1-768x1092.png 768w, https:\/\/www.agentiaimpreuna.ro\/cunoasterea-romului-de-langa-noi\/wp-content\/uploads\/2023\/09\/Snip20230913_3-1.png 952w\" sizes=\"auto, (max-width: 720px) 100vw, 720px\" \/><\/figure>\n","protected":false},"excerpt":{"rendered":"<p>Diferen\u021ba \u00eentre e\u0219ua \u0219i a reu\u0219i st\u0103, de cele mai multe ori, \u00een puterea noastr\u0103 de a str\u00e2nge din din\u021bi dublat\u0103 de \u00eencrederea pe care o primim de la cei din jur. E suficient\u0103 doar for\u021ba interioar\u0103? Mul\u021bi tineri romi ar spune c\u0103 nu, pentru c\u0103 a fi rom \u00een Rom\u00e2nia vine cu presiunea de [&hellip;]<\/p>\n","protected":false},"author":2,"featured_media":1597,"comment_status":"open","ping_status":"open","sticky":false,"template":"","format":"standard","meta":{"footnotes":""},"categories":[1],"tags":[],"class_list":["post-1596","post","type-post","status-publish","format-standard","has-post-thumbnail","hentry","category-negategorizat"],"blocksy_meta":{"styles_descriptor":{"styles":{"desktop":"","tablet":"","mobile":""},"google_fonts":[],"version":6}},"featured_image_urls":{"full":["https:\/\/www.agentiaimpreuna.ro\/cunoasterea-romului-de-langa-noi\/wp-content\/uploads\/2023\/09\/Snip20230913_2.png",952,1350,false],"thumbnail":["https:\/\/www.agentiaimpreuna.ro\/cunoasterea-romului-de-langa-noi\/wp-content\/uploads\/2023\/09\/Snip20230913_2-150x150.png",150,150,true],"medium":["https:\/\/www.agentiaimpreuna.ro\/cunoasterea-romului-de-langa-noi\/wp-content\/uploads\/2023\/09\/Snip20230913_2-212x300.png",212,300,true],"medium_large":["https:\/\/www.agentiaimpreuna.ro\/cunoasterea-romului-de-langa-noi\/wp-content\/uploads\/2023\/09\/Snip20230913_2-768x1089.png",768,1089,true],"large":["https:\/\/www.agentiaimpreuna.ro\/cunoasterea-romului-de-langa-noi\/wp-content\/uploads\/2023\/09\/Snip20230913_2-722x1024.png",722,1024,true],"1536x1536":["https:\/\/www.agentiaimpreuna.ro\/cunoasterea-romului-de-langa-noi\/wp-content\/uploads\/2023\/09\/Snip20230913_2.png",952,1350,false],"2048x2048":["https:\/\/www.agentiaimpreuna.ro\/cunoasterea-romului-de-langa-noi\/wp-content\/uploads\/2023\/09\/Snip20230913_2.png",952,1350,false]},"post_excerpt_stackable":"<p>Diferen\u021ba \u00eentre e\u0219ua \u0219i a reu\u0219i st\u0103, de cele mai multe ori, \u00een puterea noastr\u0103 de a str\u00e2nge din din\u021bi dublat\u0103 de \u00eencrederea pe care o primim de la cei din jur. E suficient\u0103 doar for\u021ba interioar\u0103? Mul\u021bi tineri romi ar spune c\u0103 nu, pentru c\u0103 a fi rom \u00een Rom\u00e2nia vine cu presiunea de a fi de dou\u0103 ori mai bun dec\u00e2t ceilal\u021bi pentru a fi tratat la fel. Pentru c\u0103 stigmatele ata\u0219ate de identitatea etnic\u0103 sunt destul de puternice. Aceast\u0103 presiune face, pe foarte mul\u021bi dintre noi, s\u0103 ced\u0103m presiunii societ\u0103\u021bii. Cei care reu\u0219esc o fac pentru c\u0103&hellip;<\/p>\n","category_list":"<a href=\"https:\/\/www.agentiaimpreuna.ro\/cunoasterea-romului-de-langa-noi\/category\/negategorizat\/\" rel=\"category tag\">Necategorizat<\/a>","author_info":{"name":"Georgiana Ionita","url":"https:\/\/www.agentiaimpreuna.ro\/cunoasterea-romului-de-langa-noi\/author\/georgiana\/"},"comments_num":"0 comments","_links":{"self":[{"href":"https:\/\/www.agentiaimpreuna.ro\/cunoasterea-romului-de-langa-noi\/wp-json\/wp\/v2\/posts\/1596","targetHints":{"allow":["GET"]}}],"collection":[{"href":"https:\/\/www.agentiaimpreuna.ro\/cunoasterea-romului-de-langa-noi\/wp-json\/wp\/v2\/posts"}],"about":[{"href":"https:\/\/www.agentiaimpreuna.ro\/cunoasterea-romului-de-langa-noi\/wp-json\/wp\/v2\/types\/post"}],"author":[{"embeddable":true,"href":"https:\/\/www.agentiaimpreuna.ro\/cunoasterea-romului-de-langa-noi\/wp-json\/wp\/v2\/users\/2"}],"replies":[{"embeddable":true,"href":"https:\/\/www.agentiaimpreuna.ro\/cunoasterea-romului-de-langa-noi\/wp-json\/wp\/v2\/comments?post=1596"}],"version-history":[{"count":2,"href":"https:\/\/www.agentiaimpreuna.ro\/cunoasterea-romului-de-langa-noi\/wp-json\/wp\/v2\/posts\/1596\/revisions"}],"predecessor-version":[{"id":1601,"href":"https:\/\/www.agentiaimpreuna.ro\/cunoasterea-romului-de-langa-noi\/wp-json\/wp\/v2\/posts\/1596\/revisions\/1601"}],"wp:featuredmedia":[{"embeddable":true,"href":"https:\/\/www.agentiaimpreuna.ro\/cunoasterea-romului-de-langa-noi\/wp-json\/wp\/v2\/media\/1597"}],"wp:attachment":[{"href":"https:\/\/www.agentiaimpreuna.ro\/cunoasterea-romului-de-langa-noi\/wp-json\/wp\/v2\/media?parent=1596"}],"wp:term":[{"taxonomy":"category","embeddable":true,"href":"https:\/\/www.agentiaimpreuna.ro\/cunoasterea-romului-de-langa-noi\/wp-json\/wp\/v2\/categories?post=1596"},{"taxonomy":"post_tag","embeddable":true,"href":"https:\/\/www.agentiaimpreuna.ro\/cunoasterea-romului-de-langa-noi\/wp-json\/wp\/v2\/tags?post=1596"}],"curies":[{"name":"wp","href":"https:\/\/api.w.org\/{rel}","templated":true}]}}