{"id":1549,"date":"2023-06-15T07:00:00","date_gmt":"2023-06-15T07:00:00","guid":{"rendered":"https:\/\/www.agentiaimpreuna.ro\/cunoasterea-romului-de-langa-noi\/?p=1549"},"modified":"2023-06-22T08:33:10","modified_gmt":"2023-06-22T08:33:10","slug":"melodie-manifest","status":"publish","type":"post","link":"https:\/\/www.agentiaimpreuna.ro\/cunoasterea-romului-de-langa-noi\/negategorizat\/melodie-manifest\/","title":{"rendered":"Melodie manifest"},"content":{"rendered":"\n<p>Nu e nevoie de o zi special\u0103, \u00eencercuit\u0103 \u00een calendar, pentru a vorbi despre incluziune, diversitate, schimbare \u0219i despre copiii din vie\u021bile noastre. Cum nu e niciodat\u0103 prea t\u00e2rziu s\u0103 ne juc\u0103m pu\u021bin.<\/p>\n\n\n\n<p>Vrem ca \u00eentreaga lun\u0103 iunie s\u0103 fie dedicat\u0103 copiilor de pretutindeni. \u0218i mai ales drepturilor de care ar trebui s\u0103 se bucure fiecare dintre ei.<\/p>\n\n\n\n<p>A\u0219a c\u0103 am \u00eenceput preg\u0103tirile intense de \u00eenv\u0103\u021bare (printr-un joc de scrabble) a primelor versuri din melodia pe care urmeaz\u0103 s\u0103 o scoatem <a><\/a>\u00een lume \u00een cur\u00e2nd\u2026 doar nu ne g\u0103se\u0219te nepreg\u0103ti\u021bi ziua lans\u0103rii.<\/p>\n\n\n\n<p>Nu?<\/p>\n\n\n\n<p>*<\/p>\n\n\n\n<p>Spoiler alert: Preg\u0103ti\u021bi-v\u0103 (\u0219i) mi\u0219c\u0103rile de dans pentru 16.06.2023.<\/p>\n\n\n\n<figure class=\"wp-block-image aligncenter size-large\"><img loading=\"lazy\" decoding=\"async\" width=\"1024\" height=\"1024\" src=\"https:\/\/www.agentiaimpreuna.ro\/cunoasterea-romului-de-langa-noi\/wp-content\/uploads\/2023\/06\/image-1-1024x1024.png\" alt=\"\" class=\"wp-image-1550\" srcset=\"https:\/\/www.agentiaimpreuna.ro\/cunoasterea-romului-de-langa-noi\/wp-content\/uploads\/2023\/06\/image-1-1024x1024.png 1024w, https:\/\/www.agentiaimpreuna.ro\/cunoasterea-romului-de-langa-noi\/wp-content\/uploads\/2023\/06\/image-1-300x300.png 300w, https:\/\/www.agentiaimpreuna.ro\/cunoasterea-romului-de-langa-noi\/wp-content\/uploads\/2023\/06\/image-1-150x150.png 150w, https:\/\/www.agentiaimpreuna.ro\/cunoasterea-romului-de-langa-noi\/wp-content\/uploads\/2023\/06\/image-1-768x768.png 768w, https:\/\/www.agentiaimpreuna.ro\/cunoasterea-romului-de-langa-noi\/wp-content\/uploads\/2023\/06\/image-1.png 1080w\" sizes=\"auto, (max-width: 1024px) 100vw, 1024px\" \/><\/figure>\n","protected":false},"excerpt":{"rendered":"<p>Nu e nevoie de o zi special\u0103, \u00eencercuit\u0103 \u00een calendar, pentru a vorbi despre incluziune, diversitate, schimbare \u0219i despre copiii din vie\u021bile noastre. Cum nu e niciodat\u0103 prea t\u00e2rziu s\u0103 ne juc\u0103m pu\u021bin. Vrem ca \u00eentreaga lun\u0103 iunie s\u0103 fie dedicat\u0103 copiilor de pretutindeni. \u0218i mai ales drepturilor de care ar trebui s\u0103 se bucure [&hellip;]<\/p>\n","protected":false},"author":2,"featured_media":1550,"comment_status":"open","ping_status":"open","sticky":false,"template":"","format":"standard","meta":{"footnotes":""},"categories":[1],"tags":[],"class_list":["post-1549","post","type-post","status-publish","format-standard","has-post-thumbnail","hentry","category-negategorizat"],"blocksy_meta":{"styles_descriptor":{"styles":{"desktop":"","tablet":"","mobile":""},"google_fonts":[],"version":6}},"featured_image_urls":{"full":["https:\/\/www.agentiaimpreuna.ro\/cunoasterea-romului-de-langa-noi\/wp-content\/uploads\/2023\/06\/image-1.png",1080,1080,false],"thumbnail":["https:\/\/www.agentiaimpreuna.ro\/cunoasterea-romului-de-langa-noi\/wp-content\/uploads\/2023\/06\/image-1-150x150.png",150,150,true],"medium":["https:\/\/www.agentiaimpreuna.ro\/cunoasterea-romului-de-langa-noi\/wp-content\/uploads\/2023\/06\/image-1-300x300.png",300,300,true],"medium_large":["https:\/\/www.agentiaimpreuna.ro\/cunoasterea-romului-de-langa-noi\/wp-content\/uploads\/2023\/06\/image-1-768x768.png",768,768,true],"large":["https:\/\/www.agentiaimpreuna.ro\/cunoasterea-romului-de-langa-noi\/wp-content\/uploads\/2023\/06\/image-1-1024x1024.png",1024,1024,true],"1536x1536":["https:\/\/www.agentiaimpreuna.ro\/cunoasterea-romului-de-langa-noi\/wp-content\/uploads\/2023\/06\/image-1.png",1080,1080,false],"2048x2048":["https:\/\/www.agentiaimpreuna.ro\/cunoasterea-romului-de-langa-noi\/wp-content\/uploads\/2023\/06\/image-1.png",1080,1080,false]},"post_excerpt_stackable":"<p>Nu e nevoie de o zi special\u0103, \u00eencercuit\u0103 \u00een calendar, pentru a vorbi despre incluziune, diversitate, schimbare \u0219i despre copiii din vie\u021bile noastre. Cum nu e niciodat\u0103 prea t\u00e2rziu s\u0103 ne juc\u0103m pu\u021bin. Vrem ca \u00eentreaga lun\u0103 iunie s\u0103 fie dedicat\u0103 copiilor de pretutindeni. \u0218i mai ales drepturilor de care ar trebui s\u0103 se bucure fiecare dintre ei. A\u0219a c\u0103 am \u00eenceput preg\u0103tirile intense de \u00eenv\u0103\u021bare (printr-un joc de scrabble) a primelor versuri din melodia pe care urmeaz\u0103 s\u0103 o scoatem \u00een lume \u00een cur\u00e2nd\u2026 doar nu ne g\u0103se\u0219te nepreg\u0103ti\u021bi ziua lans\u0103rii. Nu? * Spoiler alert: Preg\u0103ti\u021bi-v\u0103 (\u0219i) mi\u0219c\u0103rile de&hellip;<\/p>\n","category_list":"<a href=\"https:\/\/www.agentiaimpreuna.ro\/cunoasterea-romului-de-langa-noi\/category\/negategorizat\/\" rel=\"category tag\">Necategorizat<\/a>","author_info":{"name":"Georgiana Ionita","url":"https:\/\/www.agentiaimpreuna.ro\/cunoasterea-romului-de-langa-noi\/author\/georgiana\/"},"comments_num":"0 comments","_links":{"self":[{"href":"https:\/\/www.agentiaimpreuna.ro\/cunoasterea-romului-de-langa-noi\/wp-json\/wp\/v2\/posts\/1549","targetHints":{"allow":["GET"]}}],"collection":[{"href":"https:\/\/www.agentiaimpreuna.ro\/cunoasterea-romului-de-langa-noi\/wp-json\/wp\/v2\/posts"}],"about":[{"href":"https:\/\/www.agentiaimpreuna.ro\/cunoasterea-romului-de-langa-noi\/wp-json\/wp\/v2\/types\/post"}],"author":[{"embeddable":true,"href":"https:\/\/www.agentiaimpreuna.ro\/cunoasterea-romului-de-langa-noi\/wp-json\/wp\/v2\/users\/2"}],"replies":[{"embeddable":true,"href":"https:\/\/www.agentiaimpreuna.ro\/cunoasterea-romului-de-langa-noi\/wp-json\/wp\/v2\/comments?post=1549"}],"version-history":[{"count":1,"href":"https:\/\/www.agentiaimpreuna.ro\/cunoasterea-romului-de-langa-noi\/wp-json\/wp\/v2\/posts\/1549\/revisions"}],"predecessor-version":[{"id":1551,"href":"https:\/\/www.agentiaimpreuna.ro\/cunoasterea-romului-de-langa-noi\/wp-json\/wp\/v2\/posts\/1549\/revisions\/1551"}],"wp:featuredmedia":[{"embeddable":true,"href":"https:\/\/www.agentiaimpreuna.ro\/cunoasterea-romului-de-langa-noi\/wp-json\/wp\/v2\/media\/1550"}],"wp:attachment":[{"href":"https:\/\/www.agentiaimpreuna.ro\/cunoasterea-romului-de-langa-noi\/wp-json\/wp\/v2\/media?parent=1549"}],"wp:term":[{"taxonomy":"category","embeddable":true,"href":"https:\/\/www.agentiaimpreuna.ro\/cunoasterea-romului-de-langa-noi\/wp-json\/wp\/v2\/categories?post=1549"},{"taxonomy":"post_tag","embeddable":true,"href":"https:\/\/www.agentiaimpreuna.ro\/cunoasterea-romului-de-langa-noi\/wp-json\/wp\/v2\/tags?post=1549"}],"curies":[{"name":"wp","href":"https:\/\/api.w.org\/{rel}","templated":true}]}}