{"id":1546,"date":"2023-06-14T20:30:00","date_gmt":"2023-06-14T20:30:00","guid":{"rendered":"https:\/\/www.agentiaimpreuna.ro\/cunoasterea-romului-de-langa-noi\/?p=1546"},"modified":"2023-06-22T08:31:23","modified_gmt":"2023-06-22T08:31:23","slug":"melodie-prin-care-celebram-diversitatea","status":"publish","type":"post","link":"https:\/\/www.agentiaimpreuna.ro\/cunoasterea-romului-de-langa-noi\/negategorizat\/melodie-prin-care-celebram-diversitatea\/","title":{"rendered":"Melodie prin care celebr\u0103m diversitatea"},"content":{"rendered":"\n<p>Credem c\u0103 muzica reu\u0219e\u0219te mereu s\u0103 ne aduc\u0103 \u00eempreun\u0103. Indiferent de apartenen\u021ba etnic\u0103, mediul \u00een care am crescut, \u0219coala sau facultatea care ne face\/ ne-a f\u0103cut mari, orientare, gen, na\u021bionalitate\u2026 ne vom g\u0103si mereu \u00eempreun\u0103 s\u0103 dans\u0103m, c\u00e2nt\u0103m, s\u0103rim sau sim\u021bim ritmul ei, \u00een felul nostru.<\/p>\n\n\n\n<p>Cum vrem ca luna iunie s\u0103 fie luna dedicat\u0103 tuturor copiilor (mari \u0219i mici), dar mai ales drepturilor lor, ne preg\u0103tim s\u0103 scoatem \u00een lume o melodie manifest care s\u0103 vorbeasc\u0103 despre <a><\/a>frumuse\u021bea diversit\u0103\u021bii fiec\u0103ruia dintre noi. \u0218i care s\u0103 ne arate c\u0103, la fel ca muzica, diversitatea \u0219i diferen\u021bele dintre noi sunt cele care ne aduc, de multe ori, \u00eempreun\u0103.<\/p>\n\n\n\n<p>\u0218i ca nu cumva s\u0103 ne g\u0103seasc\u0103 nepreg\u0103ti\u021bi ziua lans\u0103rii, vrem s\u0103 \u00eencepem deja s\u0103 \u00eenv\u0103\u021b\u0103m versurile primei strofe, ca \u00eentr-un joc de scrabble. Doar a\u0219a, s\u0103 se asorteze cu luna jocului \u00een care ne afl\u0103m.<\/p>\n\n\n\n<p>\u2026 juc\u0103m?<\/p>\n\n\n\n<p>*<\/p>\n\n\n\n<p>Spoiler alert: Preg\u0103ti\u021bi-v\u0103 aplica\u021bia de muzic\u0103 favorit\u0103 pentru 16.06.2023<\/p>\n\n\n\n<figure class=\"wp-block-image aligncenter size-large\"><img loading=\"lazy\" decoding=\"async\" width=\"1024\" height=\"1024\" src=\"https:\/\/www.agentiaimpreuna.ro\/cunoasterea-romului-de-langa-noi\/wp-content\/uploads\/2023\/06\/image-1024x1024.png\" alt=\"\" class=\"wp-image-1547\" srcset=\"https:\/\/www.agentiaimpreuna.ro\/cunoasterea-romului-de-langa-noi\/wp-content\/uploads\/2023\/06\/image-1024x1024.png 1024w, https:\/\/www.agentiaimpreuna.ro\/cunoasterea-romului-de-langa-noi\/wp-content\/uploads\/2023\/06\/image-300x300.png 300w, https:\/\/www.agentiaimpreuna.ro\/cunoasterea-romului-de-langa-noi\/wp-content\/uploads\/2023\/06\/image-150x150.png 150w, https:\/\/www.agentiaimpreuna.ro\/cunoasterea-romului-de-langa-noi\/wp-content\/uploads\/2023\/06\/image-768x768.png 768w, https:\/\/www.agentiaimpreuna.ro\/cunoasterea-romului-de-langa-noi\/wp-content\/uploads\/2023\/06\/image.png 1080w\" sizes=\"auto, (max-width: 1024px) 100vw, 1024px\" \/><\/figure>\n","protected":false},"excerpt":{"rendered":"<p>Credem c\u0103 muzica reu\u0219e\u0219te mereu s\u0103 ne aduc\u0103 \u00eempreun\u0103. Indiferent de apartenen\u021ba etnic\u0103, mediul \u00een care am crescut, \u0219coala sau facultatea care ne face\/ ne-a f\u0103cut mari, orientare, gen, na\u021bionalitate\u2026 ne vom g\u0103si mereu \u00eempreun\u0103 s\u0103 dans\u0103m, c\u00e2nt\u0103m, s\u0103rim sau sim\u021bim ritmul ei, \u00een felul nostru. Cum vrem ca luna iunie s\u0103 fie luna dedicat\u0103 [&hellip;]<\/p>\n","protected":false},"author":2,"featured_media":1547,"comment_status":"open","ping_status":"open","sticky":false,"template":"","format":"standard","meta":{"footnotes":""},"categories":[1],"tags":[],"class_list":["post-1546","post","type-post","status-publish","format-standard","has-post-thumbnail","hentry","category-negategorizat"],"blocksy_meta":{"styles_descriptor":{"styles":{"desktop":"","tablet":"","mobile":""},"google_fonts":[],"version":6}},"featured_image_urls":{"full":["https:\/\/www.agentiaimpreuna.ro\/cunoasterea-romului-de-langa-noi\/wp-content\/uploads\/2023\/06\/image.png",1080,1080,false],"thumbnail":["https:\/\/www.agentiaimpreuna.ro\/cunoasterea-romului-de-langa-noi\/wp-content\/uploads\/2023\/06\/image-150x150.png",150,150,true],"medium":["https:\/\/www.agentiaimpreuna.ro\/cunoasterea-romului-de-langa-noi\/wp-content\/uploads\/2023\/06\/image-300x300.png",300,300,true],"medium_large":["https:\/\/www.agentiaimpreuna.ro\/cunoasterea-romului-de-langa-noi\/wp-content\/uploads\/2023\/06\/image-768x768.png",768,768,true],"large":["https:\/\/www.agentiaimpreuna.ro\/cunoasterea-romului-de-langa-noi\/wp-content\/uploads\/2023\/06\/image-1024x1024.png",1024,1024,true],"1536x1536":["https:\/\/www.agentiaimpreuna.ro\/cunoasterea-romului-de-langa-noi\/wp-content\/uploads\/2023\/06\/image.png",1080,1080,false],"2048x2048":["https:\/\/www.agentiaimpreuna.ro\/cunoasterea-romului-de-langa-noi\/wp-content\/uploads\/2023\/06\/image.png",1080,1080,false]},"post_excerpt_stackable":"<p>Credem c\u0103 muzica reu\u0219e\u0219te mereu s\u0103 ne aduc\u0103 \u00eempreun\u0103. Indiferent de apartenen\u021ba etnic\u0103, mediul \u00een care am crescut, \u0219coala sau facultatea care ne face\/ ne-a f\u0103cut mari, orientare, gen, na\u021bionalitate\u2026 ne vom g\u0103si mereu \u00eempreun\u0103 s\u0103 dans\u0103m, c\u00e2nt\u0103m, s\u0103rim sau sim\u021bim ritmul ei, \u00een felul nostru. Cum vrem ca luna iunie s\u0103 fie luna dedicat\u0103 tuturor copiilor (mari \u0219i mici), dar mai ales drepturilor lor, ne preg\u0103tim s\u0103 scoatem \u00een lume o melodie manifest care s\u0103 vorbeasc\u0103 despre frumuse\u021bea diversit\u0103\u021bii fiec\u0103ruia dintre noi. \u0218i care s\u0103 ne arate c\u0103, la fel ca muzica, diversitatea \u0219i diferen\u021bele dintre noi sunt cele&hellip;<\/p>\n","category_list":"<a href=\"https:\/\/www.agentiaimpreuna.ro\/cunoasterea-romului-de-langa-noi\/category\/negategorizat\/\" rel=\"category tag\">Necategorizat<\/a>","author_info":{"name":"Georgiana Ionita","url":"https:\/\/www.agentiaimpreuna.ro\/cunoasterea-romului-de-langa-noi\/author\/georgiana\/"},"comments_num":"0 comments","_links":{"self":[{"href":"https:\/\/www.agentiaimpreuna.ro\/cunoasterea-romului-de-langa-noi\/wp-json\/wp\/v2\/posts\/1546","targetHints":{"allow":["GET"]}}],"collection":[{"href":"https:\/\/www.agentiaimpreuna.ro\/cunoasterea-romului-de-langa-noi\/wp-json\/wp\/v2\/posts"}],"about":[{"href":"https:\/\/www.agentiaimpreuna.ro\/cunoasterea-romului-de-langa-noi\/wp-json\/wp\/v2\/types\/post"}],"author":[{"embeddable":true,"href":"https:\/\/www.agentiaimpreuna.ro\/cunoasterea-romului-de-langa-noi\/wp-json\/wp\/v2\/users\/2"}],"replies":[{"embeddable":true,"href":"https:\/\/www.agentiaimpreuna.ro\/cunoasterea-romului-de-langa-noi\/wp-json\/wp\/v2\/comments?post=1546"}],"version-history":[{"count":1,"href":"https:\/\/www.agentiaimpreuna.ro\/cunoasterea-romului-de-langa-noi\/wp-json\/wp\/v2\/posts\/1546\/revisions"}],"predecessor-version":[{"id":1548,"href":"https:\/\/www.agentiaimpreuna.ro\/cunoasterea-romului-de-langa-noi\/wp-json\/wp\/v2\/posts\/1546\/revisions\/1548"}],"wp:featuredmedia":[{"embeddable":true,"href":"https:\/\/www.agentiaimpreuna.ro\/cunoasterea-romului-de-langa-noi\/wp-json\/wp\/v2\/media\/1547"}],"wp:attachment":[{"href":"https:\/\/www.agentiaimpreuna.ro\/cunoasterea-romului-de-langa-noi\/wp-json\/wp\/v2\/media?parent=1546"}],"wp:term":[{"taxonomy":"category","embeddable":true,"href":"https:\/\/www.agentiaimpreuna.ro\/cunoasterea-romului-de-langa-noi\/wp-json\/wp\/v2\/categories?post=1546"},{"taxonomy":"post_tag","embeddable":true,"href":"https:\/\/www.agentiaimpreuna.ro\/cunoasterea-romului-de-langa-noi\/wp-json\/wp\/v2\/tags?post=1546"}],"curies":[{"name":"wp","href":"https:\/\/api.w.org\/{rel}","templated":true}]}}