{"id":1538,"date":"2023-06-20T08:29:30","date_gmt":"2023-06-20T08:29:30","guid":{"rendered":"https:\/\/www.agentiaimpreuna.ro\/cunoasterea-romului-de-langa-noi\/?p=1538"},"modified":"2023-06-20T08:31:45","modified_gmt":"2023-06-20T08:31:45","slug":"aripile-melodie-manifest-comunicat-de-presa","status":"publish","type":"post","link":"https:\/\/www.agentiaimpreuna.ro\/cunoasterea-romului-de-langa-noi\/negategorizat\/aripile-melodie-manifest-comunicat-de-presa\/","title":{"rendered":"Aripile, melodie manifest &#8211; comunicat de pres\u0103"},"content":{"rendered":"\n<p>\u00cen fiecare an, 1 iunie e ziua dedicat\u0103 copiilor de pretutindeni.&nbsp;<\/p>\n\n\n\n<p>S-a vorbit prima dat\u0103 despre Ziua Copilului \u00een august 1925, la Geneva, la Conferin\u021ba Mondial\u0103 pentru Protejarea \u0219i Bun\u0103starea Copiilor. \u00cen cadrul acestei conferin\u021be, s-a adoptat Declara\u021bia pentru Protec\u021bia Copilului. Ulterior, multe guverne au declarat oficial Ziua Copilului, iar \u00een octombrie 1953 a fost s\u0103rb\u0103torit\u0103 pentru prima dat\u0103 \u00een lume. \u00cen Rom\u00e2nia, se s\u0103rb\u0103tore\u0219te oficial din 2004, c\u00e2nd s-a adoptat oficial \u0219i o lege special\u0103 pentru protec\u021bia \u0219i promovarea drepturilor copilului.<\/p>\n\n\n\n<p>Dincolo de celebrarea frumuse\u021bii \u0219i unicit\u0103\u021bii fiec\u0103rui copil \u00een parte, dincolo de z\u00e2mbetele \u0219i activit\u0103\u021bile la care iau parte, dincolo de dulciuri \u0219i desene pe asfalt, ziua dedicat\u0103 copiilor vorbe\u0219te, \u00een special, despre drepturile de care fiecare dintre ei ar trebui s\u0103 se bucure, indiferent de locul \u00een care s-au n\u0103scut, mediul \u00een care au crescut, \u0219coala de care apar\u021bin, na\u021bionalitatea sau apartenen\u021ba etnic\u0103 pe care o au, culoarea tenului, gen sau orientare. Conven\u021bia privind Drepturile Copilului spune c\u0103 orice copil din lumea asta are 42 de drepturi, printre care \u0219i la educa\u021bie, familie, protec\u021bie, informare, asisten\u021b\u0103 medical\u0103 sau timp liber.<\/p>\n\n\n\n<p>Chiar dac\u0103 1 iunie este ziua \u00een care celebr\u0103m copiii de pretutindeni, credem c\u0103 nu e nevoie de o zi special\u0103, \u00eencercuit\u0103 \u00een calendar, pentru a vorbi despre copiii din via\u021ba noastr\u0103 \u0219i, mai ales, pentru a vorbi despre drepturile de care fiecare ar trebui s\u0103 se bucure. E important s\u0103 vorbim despre diversitate, incluziune \u0219i schimbare \u00een fiecare zi. E important ca fiecare copil s\u0103 se simt\u0103 v\u0103zut, ascultat \u0219i respectat \u00een fiecare zi \u0219i s\u0103 aib\u0103 parte de educa\u021bie incluziv\u0103 de calitate \u0219i tratament egal.<\/p>\n\n\n\n<p>\u00cen continuare tr\u0103im \u00eentr-o lume plin\u0103 de copil\u0103rii care se \u00eencheie prea devreme. Copii care dau drumul spre \u0219coal\u0103 pe drumul spre munc\u0103 pentru c\u0103 trebuie s\u0103-\u0219i sprijine familia. Copii care nu au parte de dulciuri de ziua lor pentru c\u0103 nu-\u0219i permit. Copii care nu au parte de ur\u0103ri frumoase.<\/p>\n\n\n\n<p>Copii care devin adul\u021bi prea devreme \u0219i care uit\u0103 c\u0103 singura lor datorie la anii lor este s\u0103 se bucure \u0219i at\u00e2t. De cele mai multe ori fr\u00e2ngem aripile acestor copii \u0219i le ag\u0103\u021b\u0103m visurile \u00een cui.<\/p>\n\n\n\n<p>\u00cen acest context, Funda\u021bia Agen\u021bia de Dezvoltare Comunitar\u0103 \u201e\u00cempreun\u0103\u201d \u00een colaborare cu Roton Music \u0219i Florin Ristei, solistul forma\u021biei Freestay, lanseaz\u0103 oficial \u201eAripile\u201d, o melodie &#8211; manifest a c\u0103rei misiune este de a celebra frumuse\u021bea diversit\u0103\u021bii \u0219i a aminti de drepturile\u0219i grija de care fiecare copil ar trebui s\u0103 se bucure. Mesajul melodiei vine s\u0103 \u00eent\u0103reasc\u0103 g\u00e2ndul c\u0103 fiecare dintre noi putem face lumea un loc mai bun pentru copiii no\u0219tri, pentru genera\u021biile care vin dup\u0103 noi. Iar la fel cum muzica ne aduce \u00eempreun\u0103, \u0219i diversitatea \u0219i diferen\u021bele dintre noi o fac. Putem fi voce tuturor copiilor care au sim\u021bit c\u0103 sunt singuri \u0219i c\u0103 visurile lor sunt prea sus.<\/p>\n\n\n\n<p>S\u0103 fim numai dragoste \u0219i s\u0103 vindec\u0103m r\u0103nile celor mici.<\/p>\n\n\n\n<p>Mereu, nu doar de 1 iunie.<\/p>\n\n\n\n<p>Melodia poate fi ascultat\u0103 integral aici: https:\/\/www.youtube.com\/watch?v=fPfRzYwB0ds<\/p>\n\n\n\n<figure class=\"wp-block-gallery has-nested-images columns-default is-cropped wp-block-gallery-1 is-layout-flex wp-block-gallery-is-layout-flex\">\n<figure class=\"wp-block-image size-large\"><img loading=\"lazy\" decoding=\"async\" width=\"1024\" height=\"683\" data-id=\"1539\" src=\"https:\/\/www.agentiaimpreuna.ro\/cunoasterea-romului-de-langa-noi\/wp-content\/uploads\/2023\/06\/MG_9614-1024x683.jpg\" alt=\"\" class=\"wp-image-1539\" srcset=\"https:\/\/www.agentiaimpreuna.ro\/cunoasterea-romului-de-langa-noi\/wp-content\/uploads\/2023\/06\/MG_9614-1024x683.jpg 1024w, https:\/\/www.agentiaimpreuna.ro\/cunoasterea-romului-de-langa-noi\/wp-content\/uploads\/2023\/06\/MG_9614-300x200.jpg 300w, https:\/\/www.agentiaimpreuna.ro\/cunoasterea-romului-de-langa-noi\/wp-content\/uploads\/2023\/06\/MG_9614-768x512.jpg 768w, https:\/\/www.agentiaimpreuna.ro\/cunoasterea-romului-de-langa-noi\/wp-content\/uploads\/2023\/06\/MG_9614-1536x1024.jpg 1536w, https:\/\/www.agentiaimpreuna.ro\/cunoasterea-romului-de-langa-noi\/wp-content\/uploads\/2023\/06\/MG_9614-2048x1365.jpg 2048w\" sizes=\"auto, (max-width: 1024px) 100vw, 1024px\" \/><\/figure>\n<\/figure>\n\n\n\n<figure class=\"wp-block-gallery has-nested-images columns-default is-cropped wp-block-gallery-2 is-layout-flex wp-block-gallery-is-layout-flex\">\n<figure class=\"wp-block-image size-large\"><img loading=\"lazy\" decoding=\"async\" width=\"720\" height=\"1024\" data-id=\"1543\" src=\"https:\/\/www.agentiaimpreuna.ro\/cunoasterea-romului-de-langa-noi\/wp-content\/uploads\/2023\/06\/Snip20230620_27-720x1024.png\" alt=\"\" class=\"wp-image-1543\" srcset=\"https:\/\/www.agentiaimpreuna.ro\/cunoasterea-romului-de-langa-noi\/wp-content\/uploads\/2023\/06\/Snip20230620_27-720x1024.png 720w, https:\/\/www.agentiaimpreuna.ro\/cunoasterea-romului-de-langa-noi\/wp-content\/uploads\/2023\/06\/Snip20230620_27-211x300.png 211w, https:\/\/www.agentiaimpreuna.ro\/cunoasterea-romului-de-langa-noi\/wp-content\/uploads\/2023\/06\/Snip20230620_27.png 734w\" sizes=\"auto, (max-width: 720px) 100vw, 720px\" \/><\/figure>\n\n\n\n<figure class=\"wp-block-image size-large\"><img loading=\"lazy\" decoding=\"async\" width=\"717\" height=\"1024\" data-id=\"1542\" src=\"https:\/\/www.agentiaimpreuna.ro\/cunoasterea-romului-de-langa-noi\/wp-content\/uploads\/2023\/06\/Snip20230620_28-717x1024.png\" alt=\"\" class=\"wp-image-1542\" srcset=\"https:\/\/www.agentiaimpreuna.ro\/cunoasterea-romului-de-langa-noi\/wp-content\/uploads\/2023\/06\/Snip20230620_28-717x1024.png 717w, https:\/\/www.agentiaimpreuna.ro\/cunoasterea-romului-de-langa-noi\/wp-content\/uploads\/2023\/06\/Snip20230620_28-210x300.png 210w, https:\/\/www.agentiaimpreuna.ro\/cunoasterea-romului-de-langa-noi\/wp-content\/uploads\/2023\/06\/Snip20230620_28.png 738w\" sizes=\"auto, (max-width: 717px) 100vw, 717px\" \/><\/figure>\n\n\n\n<figure class=\"wp-block-image size-large\"><img loading=\"lazy\" decoding=\"async\" width=\"729\" height=\"1024\" data-id=\"1544\" src=\"https:\/\/www.agentiaimpreuna.ro\/cunoasterea-romului-de-langa-noi\/wp-content\/uploads\/2023\/06\/Snip20230620_29-729x1024.png\" alt=\"\" class=\"wp-image-1544\" srcset=\"https:\/\/www.agentiaimpreuna.ro\/cunoasterea-romului-de-langa-noi\/wp-content\/uploads\/2023\/06\/Snip20230620_29-729x1024.png 729w, https:\/\/www.agentiaimpreuna.ro\/cunoasterea-romului-de-langa-noi\/wp-content\/uploads\/2023\/06\/Snip20230620_29-214x300.png 214w, https:\/\/www.agentiaimpreuna.ro\/cunoasterea-romului-de-langa-noi\/wp-content\/uploads\/2023\/06\/Snip20230620_29.png 748w\" sizes=\"auto, (max-width: 729px) 100vw, 729px\" \/><\/figure>\n<\/figure>\n","protected":false},"excerpt":{"rendered":"<p>\u00cen fiecare an, 1 iunie e ziua dedicat\u0103 copiilor de pretutindeni.&nbsp; S-a vorbit prima dat\u0103 despre Ziua Copilului \u00een august 1925, la Geneva, la Conferin\u021ba Mondial\u0103 pentru Protejarea \u0219i Bun\u0103starea Copiilor. \u00cen cadrul acestei conferin\u021be, s-a adoptat Declara\u021bia pentru Protec\u021bia Copilului. Ulterior, multe guverne au declarat oficial Ziua Copilului, iar \u00een octombrie 1953 a fost [&hellip;]<\/p>\n","protected":false},"author":2,"featured_media":1539,"comment_status":"open","ping_status":"open","sticky":false,"template":"","format":"standard","meta":{"footnotes":""},"categories":[1],"tags":[],"class_list":["post-1538","post","type-post","status-publish","format-standard","has-post-thumbnail","hentry","category-negategorizat"],"blocksy_meta":{"styles_descriptor":{"styles":{"desktop":"","tablet":"","mobile":""},"google_fonts":[],"version":6}},"featured_image_urls":{"full":["https:\/\/www.agentiaimpreuna.ro\/cunoasterea-romului-de-langa-noi\/wp-content\/uploads\/2023\/06\/MG_9614-scaled.jpg",2560,1707,false],"thumbnail":["https:\/\/www.agentiaimpreuna.ro\/cunoasterea-romului-de-langa-noi\/wp-content\/uploads\/2023\/06\/MG_9614-150x150.jpg",150,150,true],"medium":["https:\/\/www.agentiaimpreuna.ro\/cunoasterea-romului-de-langa-noi\/wp-content\/uploads\/2023\/06\/MG_9614-300x200.jpg",300,200,true],"medium_large":["https:\/\/www.agentiaimpreuna.ro\/cunoasterea-romului-de-langa-noi\/wp-content\/uploads\/2023\/06\/MG_9614-768x512.jpg",768,512,true],"large":["https:\/\/www.agentiaimpreuna.ro\/cunoasterea-romului-de-langa-noi\/wp-content\/uploads\/2023\/06\/MG_9614-1024x683.jpg",1024,683,true],"1536x1536":["https:\/\/www.agentiaimpreuna.ro\/cunoasterea-romului-de-langa-noi\/wp-content\/uploads\/2023\/06\/MG_9614-1536x1024.jpg",1536,1024,true],"2048x2048":["https:\/\/www.agentiaimpreuna.ro\/cunoasterea-romului-de-langa-noi\/wp-content\/uploads\/2023\/06\/MG_9614-2048x1365.jpg",2048,1365,true]},"post_excerpt_stackable":"<p>\u00cen fiecare an, 1 iunie e ziua dedicat\u0103 copiilor de pretutindeni.&nbsp; S-a vorbit prima dat\u0103 despre Ziua Copilului \u00een august 1925, la Geneva, la Conferin\u021ba Mondial\u0103 pentru Protejarea \u0219i Bun\u0103starea Copiilor. \u00cen cadrul acestei conferin\u021be, s-a adoptat Declara\u021bia pentru Protec\u021bia Copilului. Ulterior, multe guverne au declarat oficial Ziua Copilului, iar \u00een octombrie 1953 a fost s\u0103rb\u0103torit\u0103 pentru prima dat\u0103 \u00een lume. \u00cen Rom\u00e2nia, se s\u0103rb\u0103tore\u0219te oficial din 2004, c\u00e2nd s-a adoptat oficial \u0219i o lege special\u0103 pentru protec\u021bia \u0219i promovarea drepturilor copilului. Dincolo de celebrarea frumuse\u021bii \u0219i unicit\u0103\u021bii fiec\u0103rui copil \u00een parte, dincolo de z\u00e2mbetele \u0219i activit\u0103\u021bile la care iau&hellip;<\/p>\n","category_list":"<a href=\"https:\/\/www.agentiaimpreuna.ro\/cunoasterea-romului-de-langa-noi\/category\/negategorizat\/\" rel=\"category tag\">Necategorizat<\/a>","author_info":{"name":"Georgiana Ionita","url":"https:\/\/www.agentiaimpreuna.ro\/cunoasterea-romului-de-langa-noi\/author\/georgiana\/"},"comments_num":"0 comments","_links":{"self":[{"href":"https:\/\/www.agentiaimpreuna.ro\/cunoasterea-romului-de-langa-noi\/wp-json\/wp\/v2\/posts\/1538","targetHints":{"allow":["GET"]}}],"collection":[{"href":"https:\/\/www.agentiaimpreuna.ro\/cunoasterea-romului-de-langa-noi\/wp-json\/wp\/v2\/posts"}],"about":[{"href":"https:\/\/www.agentiaimpreuna.ro\/cunoasterea-romului-de-langa-noi\/wp-json\/wp\/v2\/types\/post"}],"author":[{"embeddable":true,"href":"https:\/\/www.agentiaimpreuna.ro\/cunoasterea-romului-de-langa-noi\/wp-json\/wp\/v2\/users\/2"}],"replies":[{"embeddable":true,"href":"https:\/\/www.agentiaimpreuna.ro\/cunoasterea-romului-de-langa-noi\/wp-json\/wp\/v2\/comments?post=1538"}],"version-history":[{"count":3,"href":"https:\/\/www.agentiaimpreuna.ro\/cunoasterea-romului-de-langa-noi\/wp-json\/wp\/v2\/posts\/1538\/revisions"}],"predecessor-version":[{"id":1545,"href":"https:\/\/www.agentiaimpreuna.ro\/cunoasterea-romului-de-langa-noi\/wp-json\/wp\/v2\/posts\/1538\/revisions\/1545"}],"wp:featuredmedia":[{"embeddable":true,"href":"https:\/\/www.agentiaimpreuna.ro\/cunoasterea-romului-de-langa-noi\/wp-json\/wp\/v2\/media\/1539"}],"wp:attachment":[{"href":"https:\/\/www.agentiaimpreuna.ro\/cunoasterea-romului-de-langa-noi\/wp-json\/wp\/v2\/media?parent=1538"}],"wp:term":[{"taxonomy":"category","embeddable":true,"href":"https:\/\/www.agentiaimpreuna.ro\/cunoasterea-romului-de-langa-noi\/wp-json\/wp\/v2\/categories?post=1538"},{"taxonomy":"post_tag","embeddable":true,"href":"https:\/\/www.agentiaimpreuna.ro\/cunoasterea-romului-de-langa-noi\/wp-json\/wp\/v2\/tags?post=1538"}],"curies":[{"name":"wp","href":"https:\/\/api.w.org\/{rel}","templated":true}]}}