{"id":1533,"date":"2023-05-05T09:27:08","date_gmt":"2023-05-05T09:27:08","guid":{"rendered":"https:\/\/www.agentiaimpreuna.ro\/cunoasterea-romului-de-langa-noi\/?p=1533"},"modified":"2023-05-05T09:27:08","modified_gmt":"2023-05-05T09:27:08","slug":"echipa-cadrelor-didactice-cool-formular-inscriere","status":"publish","type":"post","link":"https:\/\/www.agentiaimpreuna.ro\/cunoasterea-romului-de-langa-noi\/negategorizat\/echipa-cadrelor-didactice-cool-formular-inscriere\/","title":{"rendered":"Echipa cadrelor didactice cool &#8211; formular \u00eenscriere"},"content":{"rendered":"\n<p>V\u0103 aducem aminte c\u0103 \u00eenc\u0103 v\u0103 mai pute\u021bi \u00eenscrie \u00een \u201eEchipa cadrelor didactice cool\u201d p\u00e2n\u0103 m\u00e2ine, 5 mai.<\/p>\n\n\n\n<p>A\u0219tept\u0103m \u00eenscrierea dumneavoastr\u0103 dac\u0103:<\/p>\n\n\n\n<p><img loading=\"lazy\" decoding=\"async\" height=\"16\" width=\"16\" alt=\"\ud83d\udccc\" src=\"https:\/\/static.xx.fbcdn.net\/images\/emoji.php\/v9\/t4b\/2\/16\/1f4cc.png\"> ave\u021bi \u00een minte un elev\/ o elev\u0103 care ar vrea s\u0103 aduc\u0103 \u00een r\u00e2ndul colegilor o lec\u021bie pe tema incluziunii \u0219i diversit\u0103\u021bii;<\/p>\n\n\n\n<p><img loading=\"lazy\" decoding=\"async\" height=\"16\" width=\"16\" alt=\"\ud83d\udccc\" src=\"https:\/\/static.xx.fbcdn.net\/images\/emoji.php\/v9\/t4b\/2\/16\/1f4cc.png\"><a><\/a>pute\u021bi s\u0103-i fi\u021bi sprijin (mai ales administrativ) \u00een a realiza activitatea la clasa;<\/p>\n\n\n\n<p>Elevul selectat va participa ulterior la un atelier de formare, organizat de echipa \u201e\u00cempreun\u0103\u201d, prin intermediul c\u0103ruia va primi c\u00e2teva tips&amp;tricks despre cum poate deveni un promotor al diversit\u0103\u021bii la el \u00een clas\u0103. Odat\u0103 format \u0219i echipat cu materiale educa\u021bionale despre incluziune \u0219i diversitate (pe care i le punem la dispozi\u021bie), va veni r\u00e2ndul lui s\u0103 sus\u021bin\u0103 un atelier colegilor. Cu sprijinul dumneavoastr\u0103 <img loading=\"lazy\" decoding=\"async\" height=\"16\" width=\"16\" alt=\"\u2728\" src=\"https:\/\/static.xx.fbcdn.net\/images\/emoji.php\/v9\/t75\/2\/16\/2728.png\">.<\/p>\n\n\n\n<p><img loading=\"lazy\" decoding=\"async\" height=\"16\" width=\"16\" alt=\"\ud83d\udc49\" src=\"https:\/\/static.xx.fbcdn.net\/images\/emoji.php\/v9\/tf0\/2\/16\/1f449.png\"> Pentru \u00eenscrieri, v\u0103 rug\u0103m s\u0103 completa\u021bi urm\u0103torul formular: <a href=\"https:\/\/l.facebook.com\/l.php?u=https%3A%2F%2Fforms.gle%2F5AygjPdrSc36v82q8%3Ffbclid%3DIwAR2oN9zSWMLF9MoxuvMsgm8HsG9buOR39I_Te927OUk10cgZLcwuHh7Xdm0&amp;h=AT3z82mSl4QHPt1q3eXmyc215i1rC-TrKWB1W2NwPmqyGeyQ3CdjE5htb5maLnsqKmv83VsNaRLE4ssioaOYAs9We99pM7Zx_2H01SOpFY1EQzULANd22NRTnWOeXG6s15NZekZjAuwj6f1IIm7HmC00QA&amp;__tn__=-UK-R&amp;c[0]=AT2Mhkgq06ZFRKs760IAACX73TH6DaOdLH9jZD6IV_2r1afxXjoEFVuq3peVCwYmmT2QdWChESvJWbNobhKyvBeIutiXNw2l6O4TS5l1L1uwhgUm3-vo8JlMH5vvfe_dqy5m_ciQadFGZ4TF9vf7TC2P4F2ebEI0I_N1GQA-GUkETR_G-WzSwzgNRDAqKxIwxV3DKJSQs-vhc6bDaKGeDx34K32Lkg_y4ek\" rel=\"noreferrer noopener\" target=\"_blank\">https:\/\/forms.gle\/5AygjPdrSc36v82q8<\/a><\/p>\n\n\n\n<p><a href=\"https:\/\/www.facebook.com\/acfromania\/?__cft__[0]=AZWih0Mvzaa38yLFVFw1JFDa0BrzEpGODJuU7_aWNSlkIA2M9r8sh9LWAhIA1maLy6T9ChAPPeKlUuJWmn4ur1jZ1gY8wVhye_v9_xL9YetyWm4IYoB5E32M3Y8ecBlBIj0rggqNRf89odixbREKVnM6X0_nkGuJYUyMIkkijP53rhHiU6YtY6_gnrMv2TQXTW9q-Uix2zoT89i6fi5_ZhUl&amp;__tn__=kK-R\">Active Citizens Fund &#8211; Romania<\/a><\/p>\n\n\n\n<p><a href=\"https:\/\/www.facebook.com\/hashtag\/haide?__eep__=6&amp;__cft__[0]=AZWih0Mvzaa38yLFVFw1JFDa0BrzEpGODJuU7_aWNSlkIA2M9r8sh9LWAhIA1maLy6T9ChAPPeKlUuJWmn4ur1jZ1gY8wVhye_v9_xL9YetyWm4IYoB5E32M3Y8ecBlBIj0rggqNRf89odixbREKVnM6X0_nkGuJYUyMIkkijP53rhHiU6YtY6_gnrMv2TQXTW9q-Uix2zoT89i6fi5_ZhUl&amp;__tn__=*NK-R\">#haide<\/a><a href=\"https:\/\/www.facebook.com\/hashtag\/activecitizensfund?__eep__=6&amp;__cft__[0]=AZWih0Mvzaa38yLFVFw1JFDa0BrzEpGODJuU7_aWNSlkIA2M9r8sh9LWAhIA1maLy6T9ChAPPeKlUuJWmn4ur1jZ1gY8wVhye_v9_xL9YetyWm4IYoB5E32M3Y8ecBlBIj0rggqNRf89odixbREKVnM6X0_nkGuJYUyMIkkijP53rhHiU6YtY6_gnrMv2TQXTW9q-Uix2zoT89i6fi5_ZhUl&amp;__tn__=*NK-R\">#ActiveCitizensFund<\/a><a href=\"https:\/\/www.facebook.com\/hashtag\/romania?__eep__=6&amp;__cft__[0]=AZWih0Mvzaa38yLFVFw1JFDa0BrzEpGODJuU7_aWNSlkIA2M9r8sh9LWAhIA1maLy6T9ChAPPeKlUuJWmn4ur1jZ1gY8wVhye_v9_xL9YetyWm4IYoB5E32M3Y8ecBlBIj0rggqNRf89odixbREKVnM6X0_nkGuJYUyMIkkijP53rhHiU6YtY6_gnrMv2TQXTW9q-Uix2zoT89i6fi5_ZhUl&amp;__tn__=*NK-R\">#Romania<\/a><a href=\"https:\/\/www.facebook.com\/hashtag\/activecitizens?__eep__=6&amp;__cft__[0]=AZWih0Mvzaa38yLFVFw1JFDa0BrzEpGODJuU7_aWNSlkIA2M9r8sh9LWAhIA1maLy6T9ChAPPeKlUuJWmn4ur1jZ1gY8wVhye_v9_xL9YetyWm4IYoB5E32M3Y8ecBlBIj0rggqNRf89odixbREKVnM6X0_nkGuJYUyMIkkijP53rhHiU6YtY6_gnrMv2TQXTW9q-Uix2zoT89i6fi5_ZhUl&amp;__tn__=*NK-R\">#activecitizens<\/a><a href=\"https:\/\/www.facebook.com\/hashtag\/eeanorwaygrants?__eep__=6&amp;__cft__[0]=AZWih0Mvzaa38yLFVFw1JFDa0BrzEpGODJuU7_aWNSlkIA2M9r8sh9LWAhIA1maLy6T9ChAPPeKlUuJWmn4ur1jZ1gY8wVhye_v9_xL9YetyWm4IYoB5E32M3Y8ecBlBIj0rggqNRf89odixbREKVnM6X0_nkGuJYUyMIkkijP53rhHiU6YtY6_gnrMv2TQXTW9q-Uix2zoT89i6fi5_ZhUl&amp;__tn__=*NK-R\">#EEANorwayGrants<\/a>.<\/p>\n\n\n\n<figure class=\"wp-block-image size-large\"><img loading=\"lazy\" decoding=\"async\" width=\"1024\" height=\"474\" src=\"https:\/\/www.agentiaimpreuna.ro\/cunoasterea-romului-de-langa-noi\/wp-content\/uploads\/2023\/05\/image-1024x474.png\" alt=\"\" class=\"wp-image-1534\" srcset=\"https:\/\/www.agentiaimpreuna.ro\/cunoasterea-romului-de-langa-noi\/wp-content\/uploads\/2023\/05\/image-1024x474.png 1024w, https:\/\/www.agentiaimpreuna.ro\/cunoasterea-romului-de-langa-noi\/wp-content\/uploads\/2023\/05\/image-300x139.png 300w, https:\/\/www.agentiaimpreuna.ro\/cunoasterea-romului-de-langa-noi\/wp-content\/uploads\/2023\/05\/image-768x355.png 768w, https:\/\/www.agentiaimpreuna.ro\/cunoasterea-romului-de-langa-noi\/wp-content\/uploads\/2023\/05\/image-1536x710.png 1536w, https:\/\/www.agentiaimpreuna.ro\/cunoasterea-romului-de-langa-noi\/wp-content\/uploads\/2023\/05\/image.png 1600w\" sizes=\"auto, (max-width: 1024px) 100vw, 1024px\" \/><\/figure>\n\n\n\n<figure class=\"wp-block-image size-large\"><img loading=\"lazy\" decoding=\"async\" width=\"1024\" height=\"474\" src=\"https:\/\/www.agentiaimpreuna.ro\/cunoasterea-romului-de-langa-noi\/wp-content\/uploads\/2023\/05\/image-1-1024x474.png\" alt=\"\" class=\"wp-image-1535\" srcset=\"https:\/\/www.agentiaimpreuna.ro\/cunoasterea-romului-de-langa-noi\/wp-content\/uploads\/2023\/05\/image-1-1024x474.png 1024w, https:\/\/www.agentiaimpreuna.ro\/cunoasterea-romului-de-langa-noi\/wp-content\/uploads\/2023\/05\/image-1-300x139.png 300w, https:\/\/www.agentiaimpreuna.ro\/cunoasterea-romului-de-langa-noi\/wp-content\/uploads\/2023\/05\/image-1-768x355.png 768w, https:\/\/www.agentiaimpreuna.ro\/cunoasterea-romului-de-langa-noi\/wp-content\/uploads\/2023\/05\/image-1-1536x710.png 1536w, https:\/\/www.agentiaimpreuna.ro\/cunoasterea-romului-de-langa-noi\/wp-content\/uploads\/2023\/05\/image-1.png 1600w\" sizes=\"auto, (max-width: 1024px) 100vw, 1024px\" \/><\/figure>\n\n\n\n<p><\/p>\n","protected":false},"excerpt":{"rendered":"<p>V\u0103 aducem aminte c\u0103 \u00eenc\u0103 v\u0103 mai pute\u021bi \u00eenscrie \u00een \u201eEchipa cadrelor didactice cool\u201d p\u00e2n\u0103 m\u00e2ine, 5 mai. A\u0219tept\u0103m \u00eenscrierea dumneavoastr\u0103 dac\u0103: ave\u021bi \u00een minte un elev\/ o elev\u0103 care ar vrea s\u0103 aduc\u0103 \u00een r\u00e2ndul colegilor o lec\u021bie pe tema incluziunii \u0219i diversit\u0103\u021bii; pute\u021bi s\u0103-i fi\u021bi sprijin (mai ales administrativ) \u00een a realiza activitatea [&hellip;]<\/p>\n","protected":false},"author":2,"featured_media":1535,"comment_status":"open","ping_status":"open","sticky":false,"template":"","format":"standard","meta":{"footnotes":""},"categories":[1],"tags":[],"class_list":["post-1533","post","type-post","status-publish","format-standard","has-post-thumbnail","hentry","category-negategorizat"],"blocksy_meta":{"styles_descriptor":{"styles":{"desktop":"","tablet":"","mobile":""},"google_fonts":[],"version":6}},"featured_image_urls":{"full":["https:\/\/www.agentiaimpreuna.ro\/cunoasterea-romului-de-langa-noi\/wp-content\/uploads\/2023\/05\/image-1.png",1600,740,false],"thumbnail":["https:\/\/www.agentiaimpreuna.ro\/cunoasterea-romului-de-langa-noi\/wp-content\/uploads\/2023\/05\/image-1-150x150.png",150,150,true],"medium":["https:\/\/www.agentiaimpreuna.ro\/cunoasterea-romului-de-langa-noi\/wp-content\/uploads\/2023\/05\/image-1-300x139.png",300,139,true],"medium_large":["https:\/\/www.agentiaimpreuna.ro\/cunoasterea-romului-de-langa-noi\/wp-content\/uploads\/2023\/05\/image-1-768x355.png",768,355,true],"large":["https:\/\/www.agentiaimpreuna.ro\/cunoasterea-romului-de-langa-noi\/wp-content\/uploads\/2023\/05\/image-1-1024x474.png",1024,474,true],"1536x1536":["https:\/\/www.agentiaimpreuna.ro\/cunoasterea-romului-de-langa-noi\/wp-content\/uploads\/2023\/05\/image-1-1536x710.png",1536,710,true],"2048x2048":["https:\/\/www.agentiaimpreuna.ro\/cunoasterea-romului-de-langa-noi\/wp-content\/uploads\/2023\/05\/image-1.png",1600,740,false]},"post_excerpt_stackable":"<p>V\u0103 aducem aminte c\u0103 \u00eenc\u0103 v\u0103 mai pute\u021bi \u00eenscrie \u00een \u201eEchipa cadrelor didactice cool\u201d p\u00e2n\u0103 m\u00e2ine, 5 mai. A\u0219tept\u0103m \u00eenscrierea dumneavoastr\u0103 dac\u0103: ave\u021bi \u00een minte un elev\/ o elev\u0103 care ar vrea s\u0103 aduc\u0103 \u00een r\u00e2ndul colegilor o lec\u021bie pe tema incluziunii \u0219i diversit\u0103\u021bii; pute\u021bi s\u0103-i fi\u021bi sprijin (mai ales administrativ) \u00een a realiza activitatea la clasa; Elevul selectat va participa ulterior la un atelier de formare, organizat de echipa \u201e\u00cempreun\u0103\u201d, prin intermediul c\u0103ruia va primi c\u00e2teva tips&amp;tricks despre cum poate deveni un promotor al diversit\u0103\u021bii la el \u00een clas\u0103. Odat\u0103 format \u0219i echipat cu materiale educa\u021bionale despre incluziune \u0219i&hellip;<\/p>\n","category_list":"<a href=\"https:\/\/www.agentiaimpreuna.ro\/cunoasterea-romului-de-langa-noi\/category\/negategorizat\/\" rel=\"category tag\">Necategorizat<\/a>","author_info":{"name":"Georgiana Ionita","url":"https:\/\/www.agentiaimpreuna.ro\/cunoasterea-romului-de-langa-noi\/author\/georgiana\/"},"comments_num":"0 comments","_links":{"self":[{"href":"https:\/\/www.agentiaimpreuna.ro\/cunoasterea-romului-de-langa-noi\/wp-json\/wp\/v2\/posts\/1533","targetHints":{"allow":["GET"]}}],"collection":[{"href":"https:\/\/www.agentiaimpreuna.ro\/cunoasterea-romului-de-langa-noi\/wp-json\/wp\/v2\/posts"}],"about":[{"href":"https:\/\/www.agentiaimpreuna.ro\/cunoasterea-romului-de-langa-noi\/wp-json\/wp\/v2\/types\/post"}],"author":[{"embeddable":true,"href":"https:\/\/www.agentiaimpreuna.ro\/cunoasterea-romului-de-langa-noi\/wp-json\/wp\/v2\/users\/2"}],"replies":[{"embeddable":true,"href":"https:\/\/www.agentiaimpreuna.ro\/cunoasterea-romului-de-langa-noi\/wp-json\/wp\/v2\/comments?post=1533"}],"version-history":[{"count":1,"href":"https:\/\/www.agentiaimpreuna.ro\/cunoasterea-romului-de-langa-noi\/wp-json\/wp\/v2\/posts\/1533\/revisions"}],"predecessor-version":[{"id":1536,"href":"https:\/\/www.agentiaimpreuna.ro\/cunoasterea-romului-de-langa-noi\/wp-json\/wp\/v2\/posts\/1533\/revisions\/1536"}],"wp:featuredmedia":[{"embeddable":true,"href":"https:\/\/www.agentiaimpreuna.ro\/cunoasterea-romului-de-langa-noi\/wp-json\/wp\/v2\/media\/1535"}],"wp:attachment":[{"href":"https:\/\/www.agentiaimpreuna.ro\/cunoasterea-romului-de-langa-noi\/wp-json\/wp\/v2\/media?parent=1533"}],"wp:term":[{"taxonomy":"category","embeddable":true,"href":"https:\/\/www.agentiaimpreuna.ro\/cunoasterea-romului-de-langa-noi\/wp-json\/wp\/v2\/categories?post=1533"},{"taxonomy":"post_tag","embeddable":true,"href":"https:\/\/www.agentiaimpreuna.ro\/cunoasterea-romului-de-langa-noi\/wp-json\/wp\/v2\/tags?post=1533"}],"curies":[{"name":"wp","href":"https:\/\/api.w.org\/{rel}","templated":true}]}}