{"id":1524,"date":"2023-05-02T07:33:41","date_gmt":"2023-05-02T07:33:41","guid":{"rendered":"https:\/\/www.agentiaimpreuna.ro\/cunoasterea-romului-de-langa-noi\/?p=1524"},"modified":"2023-05-02T07:33:41","modified_gmt":"2023-05-02T07:33:41","slug":"echipa-cadrelor-didactice-cool-7","status":"publish","type":"post","link":"https:\/\/www.agentiaimpreuna.ro\/cunoasterea-romului-de-langa-noi\/negategorizat\/echipa-cadrelor-didactice-cool-7\/","title":{"rendered":"Echipa cadrelor didactice cool"},"content":{"rendered":"\n<p>Vre\u021bi s\u0103 face\u021bi parte din echipa celor mai cool cadre didactice din \u021bar\u0103, care s\u0103 sus\u021bin\u0103 unul dintre elevi \u00een a da mai departe colegilor lec\u021bii despre diversitate \u0219i incluziune<\/p>\n\n\n\n<p>\u00cenc\u0103 mai ave\u021bi timp s\u0103 v\u0103 \u00eenscrie\u021bi, <strong>prin intermediul urm\u0103torului formular:<\/strong> <a href=\"https:\/\/forms.gle\/HnYkynv1KwJMdAcv9?fbclid=IwAR2noG4eGanzM_WL1u_uDLt8D5bJMe33V-QOszy0Ise7-7zPv-GCVmL5N8s\">https:\/\/forms.gle\/HnYkynv1KwJMdAcv9<\/a><\/p>\n\n\n\n<figure class=\"wp-block-gallery has-nested-images columns-default is-cropped wp-block-gallery-1 is-layout-flex wp-block-gallery-is-layout-flex\">\n<figure class=\"wp-block-image size-large\"><img loading=\"lazy\" decoding=\"async\" width=\"1024\" height=\"472\" data-id=\"1530\" src=\"https:\/\/www.agentiaimpreuna.ro\/cunoasterea-romului-de-langa-noi\/wp-content\/uploads\/2023\/05\/20230310_092031-1024x472.jpg\" alt=\"\" class=\"wp-image-1530\" srcset=\"https:\/\/www.agentiaimpreuna.ro\/cunoasterea-romului-de-langa-noi\/wp-content\/uploads\/2023\/05\/20230310_092031-1024x472.jpg 1024w, https:\/\/www.agentiaimpreuna.ro\/cunoasterea-romului-de-langa-noi\/wp-content\/uploads\/2023\/05\/20230310_092031-300x138.jpg 300w, https:\/\/www.agentiaimpreuna.ro\/cunoasterea-romului-de-langa-noi\/wp-content\/uploads\/2023\/05\/20230310_092031-768x354.jpg 768w, https:\/\/www.agentiaimpreuna.ro\/cunoasterea-romului-de-langa-noi\/wp-content\/uploads\/2023\/05\/20230310_092031-1536x708.jpg 1536w, https:\/\/www.agentiaimpreuna.ro\/cunoasterea-romului-de-langa-noi\/wp-content\/uploads\/2023\/05\/20230310_092031-2048x944.jpg 2048w\" sizes=\"auto, (max-width: 1024px) 100vw, 1024px\" \/><\/figure>\n\n\n\n<figure class=\"wp-block-image size-large\"><img loading=\"lazy\" decoding=\"async\" width=\"768\" height=\"1024\" data-id=\"1526\" src=\"https:\/\/www.agentiaimpreuna.ro\/cunoasterea-romului-de-langa-noi\/wp-content\/uploads\/2023\/05\/Ghibu-Cluj_Ambasatorii-incluziunii_6-768x1024.jpeg\" alt=\"\" class=\"wp-image-1526\" srcset=\"https:\/\/www.agentiaimpreuna.ro\/cunoasterea-romului-de-langa-noi\/wp-content\/uploads\/2023\/05\/Ghibu-Cluj_Ambasatorii-incluziunii_6-768x1024.jpeg 768w, https:\/\/www.agentiaimpreuna.ro\/cunoasterea-romului-de-langa-noi\/wp-content\/uploads\/2023\/05\/Ghibu-Cluj_Ambasatorii-incluziunii_6-225x300.jpeg 225w, https:\/\/www.agentiaimpreuna.ro\/cunoasterea-romului-de-langa-noi\/wp-content\/uploads\/2023\/05\/Ghibu-Cluj_Ambasatorii-incluziunii_6-1152x1536.jpeg 1152w, https:\/\/www.agentiaimpreuna.ro\/cunoasterea-romului-de-langa-noi\/wp-content\/uploads\/2023\/05\/Ghibu-Cluj_Ambasatorii-incluziunii_6.jpeg 1200w\" sizes=\"auto, (max-width: 768px) 100vw, 768px\" \/><\/figure>\n\n\n\n<figure class=\"wp-block-image size-large\"><img loading=\"lazy\" decoding=\"async\" width=\"768\" height=\"1024\" data-id=\"1527\" src=\"https:\/\/www.agentiaimpreuna.ro\/cunoasterea-romului-de-langa-noi\/wp-content\/uploads\/2023\/05\/Ghibu-Cluj_Ambasatorii-incluziunii_7-768x1024.jpeg\" alt=\"\" class=\"wp-image-1527\" srcset=\"https:\/\/www.agentiaimpreuna.ro\/cunoasterea-romului-de-langa-noi\/wp-content\/uploads\/2023\/05\/Ghibu-Cluj_Ambasatorii-incluziunii_7-768x1024.jpeg 768w, https:\/\/www.agentiaimpreuna.ro\/cunoasterea-romului-de-langa-noi\/wp-content\/uploads\/2023\/05\/Ghibu-Cluj_Ambasatorii-incluziunii_7-225x300.jpeg 225w, https:\/\/www.agentiaimpreuna.ro\/cunoasterea-romului-de-langa-noi\/wp-content\/uploads\/2023\/05\/Ghibu-Cluj_Ambasatorii-incluziunii_7-1152x1536.jpeg 1152w, https:\/\/www.agentiaimpreuna.ro\/cunoasterea-romului-de-langa-noi\/wp-content\/uploads\/2023\/05\/Ghibu-Cluj_Ambasatorii-incluziunii_7.jpeg 1200w\" sizes=\"auto, (max-width: 768px) 100vw, 768px\" \/><\/figure>\n\n\n\n<figure class=\"wp-block-image size-large\"><img loading=\"lazy\" decoding=\"async\" width=\"768\" height=\"1024\" data-id=\"1529\" src=\"https:\/\/www.agentiaimpreuna.ro\/cunoasterea-romului-de-langa-noi\/wp-content\/uploads\/2023\/05\/IMG_20230316_101010-768x1024.jpg\" alt=\"\" class=\"wp-image-1529\" srcset=\"https:\/\/www.agentiaimpreuna.ro\/cunoasterea-romului-de-langa-noi\/wp-content\/uploads\/2023\/05\/IMG_20230316_101010-768x1024.jpg 768w, https:\/\/www.agentiaimpreuna.ro\/cunoasterea-romului-de-langa-noi\/wp-content\/uploads\/2023\/05\/IMG_20230316_101010-225x300.jpg 225w, https:\/\/www.agentiaimpreuna.ro\/cunoasterea-romului-de-langa-noi\/wp-content\/uploads\/2023\/05\/IMG_20230316_101010-1152x1536.jpg 1152w, https:\/\/www.agentiaimpreuna.ro\/cunoasterea-romului-de-langa-noi\/wp-content\/uploads\/2023\/05\/IMG_20230316_101010-1536x2048.jpg 1536w, https:\/\/www.agentiaimpreuna.ro\/cunoasterea-romului-de-langa-noi\/wp-content\/uploads\/2023\/05\/IMG_20230316_101010-scaled.jpg 1920w\" sizes=\"auto, (max-width: 768px) 100vw, 768px\" \/><figcaption class=\"wp-element-caption\">btrhdr<\/figcaption><\/figure>\n\n\n\n<figure class=\"wp-block-image size-large\"><img loading=\"lazy\" decoding=\"async\" width=\"1024\" height=\"768\" data-id=\"1525\" src=\"https:\/\/www.agentiaimpreuna.ro\/cunoasterea-romului-de-langa-noi\/wp-content\/uploads\/2023\/05\/WhatsApp-Image-2023-04-03-at-22.01.29-1-1024x768.jpeg\" alt=\"\" class=\"wp-image-1525\" srcset=\"https:\/\/www.agentiaimpreuna.ro\/cunoasterea-romului-de-langa-noi\/wp-content\/uploads\/2023\/05\/WhatsApp-Image-2023-04-03-at-22.01.29-1-1024x768.jpeg 1024w, https:\/\/www.agentiaimpreuna.ro\/cunoasterea-romului-de-langa-noi\/wp-content\/uploads\/2023\/05\/WhatsApp-Image-2023-04-03-at-22.01.29-1-300x225.jpeg 300w, https:\/\/www.agentiaimpreuna.ro\/cunoasterea-romului-de-langa-noi\/wp-content\/uploads\/2023\/05\/WhatsApp-Image-2023-04-03-at-22.01.29-1-768x576.jpeg 768w, https:\/\/www.agentiaimpreuna.ro\/cunoasterea-romului-de-langa-noi\/wp-content\/uploads\/2023\/05\/WhatsApp-Image-2023-04-03-at-22.01.29-1-1536x1152.jpeg 1536w, https:\/\/www.agentiaimpreuna.ro\/cunoasterea-romului-de-langa-noi\/wp-content\/uploads\/2023\/05\/WhatsApp-Image-2023-04-03-at-22.01.29-1.jpeg 2000w\" sizes=\"auto, (max-width: 1024px) 100vw, 1024px\" \/><\/figure>\n\n\n\n<figure class=\"wp-block-image size-large\"><img loading=\"lazy\" decoding=\"async\" width=\"1024\" height=\"768\" data-id=\"1528\" src=\"https:\/\/www.agentiaimpreuna.ro\/cunoasterea-romului-de-langa-noi\/wp-content\/uploads\/2023\/05\/WhatsApp-Image-2023-04-21-at-11.30.33-1024x768.jpeg\" alt=\"\" class=\"wp-image-1528\" srcset=\"https:\/\/www.agentiaimpreuna.ro\/cunoasterea-romului-de-langa-noi\/wp-content\/uploads\/2023\/05\/WhatsApp-Image-2023-04-21-at-11.30.33-1024x768.jpeg 1024w, https:\/\/www.agentiaimpreuna.ro\/cunoasterea-romului-de-langa-noi\/wp-content\/uploads\/2023\/05\/WhatsApp-Image-2023-04-21-at-11.30.33-300x225.jpeg 300w, https:\/\/www.agentiaimpreuna.ro\/cunoasterea-romului-de-langa-noi\/wp-content\/uploads\/2023\/05\/WhatsApp-Image-2023-04-21-at-11.30.33-768x576.jpeg 768w, https:\/\/www.agentiaimpreuna.ro\/cunoasterea-romului-de-langa-noi\/wp-content\/uploads\/2023\/05\/WhatsApp-Image-2023-04-21-at-11.30.33-1536x1152.jpeg 1536w, https:\/\/www.agentiaimpreuna.ro\/cunoasterea-romului-de-langa-noi\/wp-content\/uploads\/2023\/05\/WhatsApp-Image-2023-04-21-at-11.30.33.jpeg 2000w\" sizes=\"auto, (max-width: 1024px) 100vw, 1024px\" \/><\/figure>\n\n\n\n<figure class=\"wp-block-image size-large\"><img loading=\"lazy\" decoding=\"async\" width=\"1024\" height=\"768\" data-id=\"1531\" src=\"https:\/\/www.agentiaimpreuna.ro\/cunoasterea-romului-de-langa-noi\/wp-content\/uploads\/2023\/05\/WhatsApp-Image-2023-04-21-at-11.30.42-2-1024x768.jpeg\" alt=\"\" class=\"wp-image-1531\" srcset=\"https:\/\/www.agentiaimpreuna.ro\/cunoasterea-romului-de-langa-noi\/wp-content\/uploads\/2023\/05\/WhatsApp-Image-2023-04-21-at-11.30.42-2-1024x768.jpeg 1024w, https:\/\/www.agentiaimpreuna.ro\/cunoasterea-romului-de-langa-noi\/wp-content\/uploads\/2023\/05\/WhatsApp-Image-2023-04-21-at-11.30.42-2-300x225.jpeg 300w, https:\/\/www.agentiaimpreuna.ro\/cunoasterea-romului-de-langa-noi\/wp-content\/uploads\/2023\/05\/WhatsApp-Image-2023-04-21-at-11.30.42-2-768x576.jpeg 768w, https:\/\/www.agentiaimpreuna.ro\/cunoasterea-romului-de-langa-noi\/wp-content\/uploads\/2023\/05\/WhatsApp-Image-2023-04-21-at-11.30.42-2-1536x1152.jpeg 1536w, https:\/\/www.agentiaimpreuna.ro\/cunoasterea-romului-de-langa-noi\/wp-content\/uploads\/2023\/05\/WhatsApp-Image-2023-04-21-at-11.30.42-2.jpeg 2000w\" sizes=\"auto, (max-width: 1024px) 100vw, 1024px\" \/><\/figure>\n<\/figure>\n","protected":false},"excerpt":{"rendered":"<p>Vre\u021bi s\u0103 face\u021bi parte din echipa celor mai cool cadre didactice din \u021bar\u0103, care s\u0103 sus\u021bin\u0103 unul dintre elevi \u00een a da mai departe colegilor lec\u021bii despre diversitate \u0219i incluziune \u00cenc\u0103 mai ave\u021bi timp s\u0103 v\u0103 \u00eenscrie\u021bi, prin intermediul urm\u0103torului formular: https:\/\/forms.gle\/HnYkynv1KwJMdAcv9<\/p>\n","protected":false},"author":2,"featured_media":1527,"comment_status":"open","ping_status":"open","sticky":false,"template":"","format":"standard","meta":{"footnotes":""},"categories":[1],"tags":[],"class_list":["post-1524","post","type-post","status-publish","format-standard","has-post-thumbnail","hentry","category-negategorizat"],"blocksy_meta":{"styles_descriptor":{"styles":{"desktop":"","tablet":"","mobile":""},"google_fonts":[],"version":6}},"featured_image_urls":{"full":["https:\/\/www.agentiaimpreuna.ro\/cunoasterea-romului-de-langa-noi\/wp-content\/uploads\/2023\/05\/Ghibu-Cluj_Ambasatorii-incluziunii_7.jpeg",1200,1600,false],"thumbnail":["https:\/\/www.agentiaimpreuna.ro\/cunoasterea-romului-de-langa-noi\/wp-content\/uploads\/2023\/05\/Ghibu-Cluj_Ambasatorii-incluziunii_7-150x150.jpeg",150,150,true],"medium":["https:\/\/www.agentiaimpreuna.ro\/cunoasterea-romului-de-langa-noi\/wp-content\/uploads\/2023\/05\/Ghibu-Cluj_Ambasatorii-incluziunii_7-225x300.jpeg",225,300,true],"medium_large":["https:\/\/www.agentiaimpreuna.ro\/cunoasterea-romului-de-langa-noi\/wp-content\/uploads\/2023\/05\/Ghibu-Cluj_Ambasatorii-incluziunii_7-768x1024.jpeg",768,1024,true],"large":["https:\/\/www.agentiaimpreuna.ro\/cunoasterea-romului-de-langa-noi\/wp-content\/uploads\/2023\/05\/Ghibu-Cluj_Ambasatorii-incluziunii_7-768x1024.jpeg",768,1024,true],"1536x1536":["https:\/\/www.agentiaimpreuna.ro\/cunoasterea-romului-de-langa-noi\/wp-content\/uploads\/2023\/05\/Ghibu-Cluj_Ambasatorii-incluziunii_7-1152x1536.jpeg",1152,1536,true],"2048x2048":["https:\/\/www.agentiaimpreuna.ro\/cunoasterea-romului-de-langa-noi\/wp-content\/uploads\/2023\/05\/Ghibu-Cluj_Ambasatorii-incluziunii_7.jpeg",1200,1600,false]},"post_excerpt_stackable":"<p>Vre\u021bi s\u0103 face\u021bi parte din echipa celor mai cool cadre didactice din \u021bar\u0103, care s\u0103 sus\u021bin\u0103 unul dintre elevi \u00een a da mai departe colegilor lec\u021bii despre diversitate \u0219i incluziune \u00cenc\u0103 mai ave\u021bi timp s\u0103 v\u0103 \u00eenscrie\u021bi, prin intermediul urm\u0103torului formular: https:\/\/forms.gle\/HnYkynv1KwJMdAcv9 btrhdr<\/p>\n","category_list":"<a href=\"https:\/\/www.agentiaimpreuna.ro\/cunoasterea-romului-de-langa-noi\/category\/negategorizat\/\" rel=\"category tag\">Necategorizat<\/a>","author_info":{"name":"Georgiana Ionita","url":"https:\/\/www.agentiaimpreuna.ro\/cunoasterea-romului-de-langa-noi\/author\/georgiana\/"},"comments_num":"0 comments","_links":{"self":[{"href":"https:\/\/www.agentiaimpreuna.ro\/cunoasterea-romului-de-langa-noi\/wp-json\/wp\/v2\/posts\/1524","targetHints":{"allow":["GET"]}}],"collection":[{"href":"https:\/\/www.agentiaimpreuna.ro\/cunoasterea-romului-de-langa-noi\/wp-json\/wp\/v2\/posts"}],"about":[{"href":"https:\/\/www.agentiaimpreuna.ro\/cunoasterea-romului-de-langa-noi\/wp-json\/wp\/v2\/types\/post"}],"author":[{"embeddable":true,"href":"https:\/\/www.agentiaimpreuna.ro\/cunoasterea-romului-de-langa-noi\/wp-json\/wp\/v2\/users\/2"}],"replies":[{"embeddable":true,"href":"https:\/\/www.agentiaimpreuna.ro\/cunoasterea-romului-de-langa-noi\/wp-json\/wp\/v2\/comments?post=1524"}],"version-history":[{"count":1,"href":"https:\/\/www.agentiaimpreuna.ro\/cunoasterea-romului-de-langa-noi\/wp-json\/wp\/v2\/posts\/1524\/revisions"}],"predecessor-version":[{"id":1532,"href":"https:\/\/www.agentiaimpreuna.ro\/cunoasterea-romului-de-langa-noi\/wp-json\/wp\/v2\/posts\/1524\/revisions\/1532"}],"wp:featuredmedia":[{"embeddable":true,"href":"https:\/\/www.agentiaimpreuna.ro\/cunoasterea-romului-de-langa-noi\/wp-json\/wp\/v2\/media\/1527"}],"wp:attachment":[{"href":"https:\/\/www.agentiaimpreuna.ro\/cunoasterea-romului-de-langa-noi\/wp-json\/wp\/v2\/media?parent=1524"}],"wp:term":[{"taxonomy":"category","embeddable":true,"href":"https:\/\/www.agentiaimpreuna.ro\/cunoasterea-romului-de-langa-noi\/wp-json\/wp\/v2\/categories?post=1524"},{"taxonomy":"post_tag","embeddable":true,"href":"https:\/\/www.agentiaimpreuna.ro\/cunoasterea-romului-de-langa-noi\/wp-json\/wp\/v2\/tags?post=1524"}],"curies":[{"name":"wp","href":"https:\/\/api.w.org\/{rel}","templated":true}]}}