{"id":1517,"date":"2023-04-28T07:45:13","date_gmt":"2023-04-28T07:45:13","guid":{"rendered":"https:\/\/www.agentiaimpreuna.ro\/cunoasterea-romului-de-langa-noi\/?p=1517"},"modified":"2023-04-28T07:45:13","modified_gmt":"2023-04-28T07:45:13","slug":"echipa-cadrelor-didactice-cool-6","status":"publish","type":"post","link":"https:\/\/www.agentiaimpreuna.ro\/cunoasterea-romului-de-langa-noi\/negategorizat\/echipa-cadrelor-didactice-cool-6\/","title":{"rendered":"Echipa cadrelor didactice cool"},"content":{"rendered":"\n<p>\ud83d\udcac C\u00e2t timp o parte dintre profesorii deja \u00eenscri\u0219i \u00een \u201eEchipa cadrelor didactice cool\u201d au ales \u0219i sus\u021binut un elev s\u0103 \u021bin\u0103 o lec\u021bie despre diversitate \u0219i incluziune \u00een clasele lor, s\u0103pt\u0103m\u00e2na asta am relansat formularul de \u00eenscriere. Pentru c\u0103 suntem \u00een continuare \u00een c\u0103utare de profesori, de data asta din TOAT\u0102 \u021aARA, care s\u0103 ajute elevii \u00een a deveni ambasadori al incluziunii.<\/p>\n\n\n\n<p>\ud83d\udccc P\u00e2n\u0103 acum peste 40 de profesori ni s-au al\u0103turat, iar formularul r\u0103m\u00e2ne deschis p\u00e2n\u0103 pe 5 mai: https:\/\/forms.gle\/HnYkynv1KwJMdAcv9<\/p>\n\n\n\n<p>Haide\u021bi s\u0103 fim cea mai mare lec\u021bie de diversitate\u2026 #\u00eempreun\u0103! \u2728<\/p>\n\n\n\n<p>***<\/p>\n\n\n\n<p>Active Citizens Fund &#8211; Romania<\/p>\n\n\n\n<p>#haide #ActiveCitizensFund #Romania #activecitizens #EEANorwayGrants<\/p>\n\n\n\n<figure class=\"wp-block-gallery has-nested-images columns-default is-cropped wp-block-gallery-1 is-layout-flex wp-block-gallery-is-layout-flex\">\n<figure class=\"wp-block-image size-large\"><img loading=\"lazy\" decoding=\"async\" width=\"1024\" height=\"768\" data-id=\"1520\" src=\"https:\/\/www.agentiaimpreuna.ro\/cunoasterea-romului-de-langa-noi\/wp-content\/uploads\/2023\/04\/5-1024x768.jpg\" alt=\"\" class=\"wp-image-1520\" srcset=\"https:\/\/www.agentiaimpreuna.ro\/cunoasterea-romului-de-langa-noi\/wp-content\/uploads\/2023\/04\/5-1024x768.jpg 1024w, https:\/\/www.agentiaimpreuna.ro\/cunoasterea-romului-de-langa-noi\/wp-content\/uploads\/2023\/04\/5-300x225.jpg 300w, https:\/\/www.agentiaimpreuna.ro\/cunoasterea-romului-de-langa-noi\/wp-content\/uploads\/2023\/04\/5-768x576.jpg 768w, https:\/\/www.agentiaimpreuna.ro\/cunoasterea-romului-de-langa-noi\/wp-content\/uploads\/2023\/04\/5-1536x1152.jpg 1536w, https:\/\/www.agentiaimpreuna.ro\/cunoasterea-romului-de-langa-noi\/wp-content\/uploads\/2023\/04\/5-2048x1536.jpg 2048w\" sizes=\"auto, (max-width: 1024px) 100vw, 1024px\" \/><\/figure>\n\n\n\n<figure class=\"wp-block-image size-large\"><img loading=\"lazy\" decoding=\"async\" width=\"1024\" height=\"461\" data-id=\"1518\" src=\"https:\/\/www.agentiaimpreuna.ro\/cunoasterea-romului-de-langa-noi\/wp-content\/uploads\/2023\/04\/foto5-1024x461.jpg\" alt=\"\" class=\"wp-image-1518\" srcset=\"https:\/\/www.agentiaimpreuna.ro\/cunoasterea-romului-de-langa-noi\/wp-content\/uploads\/2023\/04\/foto5-1024x461.jpg 1024w, https:\/\/www.agentiaimpreuna.ro\/cunoasterea-romului-de-langa-noi\/wp-content\/uploads\/2023\/04\/foto5-300x135.jpg 300w, https:\/\/www.agentiaimpreuna.ro\/cunoasterea-romului-de-langa-noi\/wp-content\/uploads\/2023\/04\/foto5-768x346.jpg 768w, https:\/\/www.agentiaimpreuna.ro\/cunoasterea-romului-de-langa-noi\/wp-content\/uploads\/2023\/04\/foto5-1536x691.jpg 1536w, https:\/\/www.agentiaimpreuna.ro\/cunoasterea-romului-de-langa-noi\/wp-content\/uploads\/2023\/04\/foto5.jpg 2040w\" sizes=\"auto, (max-width: 1024px) 100vw, 1024px\" \/><\/figure>\n\n\n\n<figure class=\"wp-block-image size-large\"><img loading=\"lazy\" decoding=\"async\" width=\"1024\" height=\"768\" data-id=\"1519\" src=\"https:\/\/www.agentiaimpreuna.ro\/cunoasterea-romului-de-langa-noi\/wp-content\/uploads\/2023\/04\/POZA2-1024x768.jpg\" alt=\"\" class=\"wp-image-1519\" srcset=\"https:\/\/www.agentiaimpreuna.ro\/cunoasterea-romului-de-langa-noi\/wp-content\/uploads\/2023\/04\/POZA2-1024x768.jpg 1024w, https:\/\/www.agentiaimpreuna.ro\/cunoasterea-romului-de-langa-noi\/wp-content\/uploads\/2023\/04\/POZA2-300x225.jpg 300w, https:\/\/www.agentiaimpreuna.ro\/cunoasterea-romului-de-langa-noi\/wp-content\/uploads\/2023\/04\/POZA2-768x576.jpg 768w, https:\/\/www.agentiaimpreuna.ro\/cunoasterea-romului-de-langa-noi\/wp-content\/uploads\/2023\/04\/POZA2-1536x1152.jpg 1536w, https:\/\/www.agentiaimpreuna.ro\/cunoasterea-romului-de-langa-noi\/wp-content\/uploads\/2023\/04\/POZA2.jpg 1600w\" sizes=\"auto, (max-width: 1024px) 100vw, 1024px\" \/><\/figure>\n\n\n\n<figure class=\"wp-block-image size-large\"><img loading=\"lazy\" decoding=\"async\" width=\"1024\" height=\"768\" data-id=\"1521\" src=\"https:\/\/www.agentiaimpreuna.ro\/cunoasterea-romului-de-langa-noi\/wp-content\/uploads\/2023\/04\/3-1024x768.jpg\" alt=\"\" class=\"wp-image-1521\" srcset=\"https:\/\/www.agentiaimpreuna.ro\/cunoasterea-romului-de-langa-noi\/wp-content\/uploads\/2023\/04\/3-1024x768.jpg 1024w, https:\/\/www.agentiaimpreuna.ro\/cunoasterea-romului-de-langa-noi\/wp-content\/uploads\/2023\/04\/3-300x225.jpg 300w, https:\/\/www.agentiaimpreuna.ro\/cunoasterea-romului-de-langa-noi\/wp-content\/uploads\/2023\/04\/3-768x576.jpg 768w, https:\/\/www.agentiaimpreuna.ro\/cunoasterea-romului-de-langa-noi\/wp-content\/uploads\/2023\/04\/3-1536x1152.jpg 1536w, https:\/\/www.agentiaimpreuna.ro\/cunoasterea-romului-de-langa-noi\/wp-content\/uploads\/2023\/04\/3-2048x1536.jpg 2048w\" sizes=\"auto, (max-width: 1024px) 100vw, 1024px\" \/><\/figure>\n<\/figure>\n","protected":false},"excerpt":{"rendered":"<p>\ud83d\udcac C\u00e2t timp o parte dintre profesorii deja \u00eenscri\u0219i \u00een \u201eEchipa cadrelor didactice cool\u201d au ales \u0219i sus\u021binut un elev s\u0103 \u021bin\u0103 o lec\u021bie despre diversitate \u0219i incluziune \u00een clasele lor, s\u0103pt\u0103m\u00e2na asta am relansat formularul de \u00eenscriere. Pentru c\u0103 suntem \u00een continuare \u00een c\u0103utare de profesori, de data asta din TOAT\u0102 \u021aARA, care s\u0103 [&hellip;]<\/p>\n","protected":false},"author":2,"featured_media":1520,"comment_status":"open","ping_status":"open","sticky":false,"template":"","format":"standard","meta":{"footnotes":""},"categories":[1],"tags":[],"class_list":["post-1517","post","type-post","status-publish","format-standard","has-post-thumbnail","hentry","category-negategorizat"],"blocksy_meta":{"styles_descriptor":{"styles":{"desktop":"","tablet":"","mobile":""},"google_fonts":[],"version":6}},"featured_image_urls":{"full":["https:\/\/www.agentiaimpreuna.ro\/cunoasterea-romului-de-langa-noi\/wp-content\/uploads\/2023\/04\/5-scaled.jpg",2560,1920,false],"thumbnail":["https:\/\/www.agentiaimpreuna.ro\/cunoasterea-romului-de-langa-noi\/wp-content\/uploads\/2023\/04\/5-150x150.jpg",150,150,true],"medium":["https:\/\/www.agentiaimpreuna.ro\/cunoasterea-romului-de-langa-noi\/wp-content\/uploads\/2023\/04\/5-300x225.jpg",300,225,true],"medium_large":["https:\/\/www.agentiaimpreuna.ro\/cunoasterea-romului-de-langa-noi\/wp-content\/uploads\/2023\/04\/5-768x576.jpg",768,576,true],"large":["https:\/\/www.agentiaimpreuna.ro\/cunoasterea-romului-de-langa-noi\/wp-content\/uploads\/2023\/04\/5-1024x768.jpg",1024,768,true],"1536x1536":["https:\/\/www.agentiaimpreuna.ro\/cunoasterea-romului-de-langa-noi\/wp-content\/uploads\/2023\/04\/5-1536x1152.jpg",1536,1152,true],"2048x2048":["https:\/\/www.agentiaimpreuna.ro\/cunoasterea-romului-de-langa-noi\/wp-content\/uploads\/2023\/04\/5-2048x1536.jpg",2048,1536,true]},"post_excerpt_stackable":"<p>\ud83d\udcac C\u00e2t timp o parte dintre profesorii deja \u00eenscri\u0219i \u00een \u201eEchipa cadrelor didactice cool\u201d au ales \u0219i sus\u021binut un elev s\u0103 \u021bin\u0103 o lec\u021bie despre diversitate \u0219i incluziune \u00een clasele lor, s\u0103pt\u0103m\u00e2na asta am relansat formularul de \u00eenscriere. Pentru c\u0103 suntem \u00een continuare \u00een c\u0103utare de profesori, de data asta din TOAT\u0102 \u021aARA, care s\u0103 ajute elevii \u00een a deveni ambasadori al incluziunii. \ud83d\udccc P\u00e2n\u0103 acum peste 40 de profesori ni s-au al\u0103turat, iar formularul r\u0103m\u00e2ne deschis p\u00e2n\u0103 pe 5 mai: https:\/\/forms.gle\/HnYkynv1KwJMdAcv9 Haide\u021bi s\u0103 fim cea mai mare lec\u021bie de diversitate\u2026 #\u00eempreun\u0103! \u2728 *** Active Citizens Fund &#8211; Romania #haide&hellip;<\/p>\n","category_list":"<a href=\"https:\/\/www.agentiaimpreuna.ro\/cunoasterea-romului-de-langa-noi\/category\/negategorizat\/\" rel=\"category tag\">Necategorizat<\/a>","author_info":{"name":"Georgiana Ionita","url":"https:\/\/www.agentiaimpreuna.ro\/cunoasterea-romului-de-langa-noi\/author\/georgiana\/"},"comments_num":"0 comments","_links":{"self":[{"href":"https:\/\/www.agentiaimpreuna.ro\/cunoasterea-romului-de-langa-noi\/wp-json\/wp\/v2\/posts\/1517","targetHints":{"allow":["GET"]}}],"collection":[{"href":"https:\/\/www.agentiaimpreuna.ro\/cunoasterea-romului-de-langa-noi\/wp-json\/wp\/v2\/posts"}],"about":[{"href":"https:\/\/www.agentiaimpreuna.ro\/cunoasterea-romului-de-langa-noi\/wp-json\/wp\/v2\/types\/post"}],"author":[{"embeddable":true,"href":"https:\/\/www.agentiaimpreuna.ro\/cunoasterea-romului-de-langa-noi\/wp-json\/wp\/v2\/users\/2"}],"replies":[{"embeddable":true,"href":"https:\/\/www.agentiaimpreuna.ro\/cunoasterea-romului-de-langa-noi\/wp-json\/wp\/v2\/comments?post=1517"}],"version-history":[{"count":1,"href":"https:\/\/www.agentiaimpreuna.ro\/cunoasterea-romului-de-langa-noi\/wp-json\/wp\/v2\/posts\/1517\/revisions"}],"predecessor-version":[{"id":1522,"href":"https:\/\/www.agentiaimpreuna.ro\/cunoasterea-romului-de-langa-noi\/wp-json\/wp\/v2\/posts\/1517\/revisions\/1522"}],"wp:featuredmedia":[{"embeddable":true,"href":"https:\/\/www.agentiaimpreuna.ro\/cunoasterea-romului-de-langa-noi\/wp-json\/wp\/v2\/media\/1520"}],"wp:attachment":[{"href":"https:\/\/www.agentiaimpreuna.ro\/cunoasterea-romului-de-langa-noi\/wp-json\/wp\/v2\/media?parent=1517"}],"wp:term":[{"taxonomy":"category","embeddable":true,"href":"https:\/\/www.agentiaimpreuna.ro\/cunoasterea-romului-de-langa-noi\/wp-json\/wp\/v2\/categories?post=1517"},{"taxonomy":"post_tag","embeddable":true,"href":"https:\/\/www.agentiaimpreuna.ro\/cunoasterea-romului-de-langa-noi\/wp-json\/wp\/v2\/tags?post=1517"}],"curies":[{"name":"wp","href":"https:\/\/api.w.org\/{rel}","templated":true}]}}