{"id":1513,"date":"2023-04-27T08:00:00","date_gmt":"2023-04-27T08:00:00","guid":{"rendered":"https:\/\/www.agentiaimpreuna.ro\/cunoasterea-romului-de-langa-noi\/?p=1513"},"modified":"2023-04-27T08:34:06","modified_gmt":"2023-04-27T08:34:06","slug":"echipa-cadrelor-didactice-cool-5","status":"publish","type":"post","link":"https:\/\/www.agentiaimpreuna.ro\/cunoasterea-romului-de-langa-noi\/negategorizat\/echipa-cadrelor-didactice-cool-5\/","title":{"rendered":"Echipa cadrelor didactice cool"},"content":{"rendered":"\n<p>AMR 9 zile \u00een care v\u0103 mai pute\u021bi \u00eenscrie \u00een \u201eEchipa cadrelor didactice cool\u201d.<\/p>\n\n\n\n<p>Suntem \u00een c\u0103utare de profesori din toat\u0103 \u021bara, care s\u0103 ne fie sprijin \u00een a face din cel pu\u021bin unul dintre elevii s\u0103i un ambasador al incluziunii.<\/p>\n\n\n\n<p>A\u0219tept\u0103m \u00eenscrierea dumneavoastr\u0103 dac\u0103:<\/p>\n\n\n\n<p><img loading=\"lazy\" decoding=\"async\" height=\"16\" width=\"16\" alt=\"\ud83d\udccc\" src=\"https:\/\/static.xx.fbcdn.net\/images\/emoji.php\/v9\/t4b\/2\/16\/1f4cc.png\"><a><\/a>ave\u021bi \u00een minte un elev\/ o elev\u0103 care ar vrea s\u0103 aduc\u0103 \u00een r\u00e2ndul colegilor o lec\u021bie pe tema incluziunii \u0219i diversit\u0103\u021bii;<\/p>\n\n\n\n<p><img loading=\"lazy\" decoding=\"async\" height=\"16\" width=\"16\" alt=\"\ud83d\udccc\" src=\"https:\/\/static.xx.fbcdn.net\/images\/emoji.php\/v9\/t4b\/2\/16\/1f4cc.png\"> pute\u021bi s\u0103-i fi\u021bi sprijin (mai ales administrativ) \u00een a realiza activitatea la clasa;<\/p>\n\n\n\n<p><img loading=\"lazy\" decoding=\"async\" height=\"16\" width=\"16\" alt=\"\ud83d\udcdd\" src=\"https:\/\/static.xx.fbcdn.net\/images\/emoji.php\/v9\/t6b\/2\/16\/1f4dd.png\"> \u00censcrierile se pot face p\u00e2n\u0103 pe 5 mai, prin intermediul urm\u0103torului formular: <a href=\"https:\/\/forms.gle\/YAEYq7kmchws4mYd8?fbclid=IwAR1m-xq8TpcwsfLBia-cDA5laV4WTRTlhBgBLuGs6bDgvZjhZJtzOF8ZvNk\" rel=\"noreferrer noopener\" target=\"_blank\">https:\/\/forms.gle\/YAEYq7kmchws4mYd8<\/a><\/p>\n\n\n\n<p>P.S: Aducem pove\u0219ti, cunoa\u0219tere \u0219i recuno\u0219tin\u021b\u0103 oficial\u0103 (adeverin\u021b\u0103) pentru implicarea fiec\u0103rui cadru didactic \u00een activitate!<\/p>\n\n\n\n<figure class=\"wp-block-image size-large\"><img loading=\"lazy\" decoding=\"async\" width=\"1024\" height=\"768\" src=\"https:\/\/www.agentiaimpreuna.ro\/cunoasterea-romului-de-langa-noi\/wp-content\/uploads\/2023\/04\/image-42-1024x768.png\" alt=\"\" class=\"wp-image-1514\" srcset=\"https:\/\/www.agentiaimpreuna.ro\/cunoasterea-romului-de-langa-noi\/wp-content\/uploads\/2023\/04\/image-42-1024x768.png 1024w, https:\/\/www.agentiaimpreuna.ro\/cunoasterea-romului-de-langa-noi\/wp-content\/uploads\/2023\/04\/image-42-300x225.png 300w, https:\/\/www.agentiaimpreuna.ro\/cunoasterea-romului-de-langa-noi\/wp-content\/uploads\/2023\/04\/image-42-768x576.png 768w, https:\/\/www.agentiaimpreuna.ro\/cunoasterea-romului-de-langa-noi\/wp-content\/uploads\/2023\/04\/image-42-1536x1152.png 1536w, https:\/\/www.agentiaimpreuna.ro\/cunoasterea-romului-de-langa-noi\/wp-content\/uploads\/2023\/04\/image-42.png 2048w\" sizes=\"auto, (max-width: 1024px) 100vw, 1024px\" \/><\/figure>\n","protected":false},"excerpt":{"rendered":"<p>AMR 9 zile \u00een care v\u0103 mai pute\u021bi \u00eenscrie \u00een \u201eEchipa cadrelor didactice cool\u201d. Suntem \u00een c\u0103utare de profesori din toat\u0103 \u021bara, care s\u0103 ne fie sprijin \u00een a face din cel pu\u021bin unul dintre elevii s\u0103i un ambasador al incluziunii. A\u0219tept\u0103m \u00eenscrierea dumneavoastr\u0103 dac\u0103: ave\u021bi \u00een minte un elev\/ o elev\u0103 care ar vrea [&hellip;]<\/p>\n","protected":false},"author":2,"featured_media":1514,"comment_status":"open","ping_status":"open","sticky":false,"template":"","format":"standard","meta":{"footnotes":""},"categories":[1],"tags":[],"class_list":["post-1513","post","type-post","status-publish","format-standard","has-post-thumbnail","hentry","category-negategorizat"],"blocksy_meta":{"styles_descriptor":{"styles":{"desktop":"","tablet":"","mobile":""},"google_fonts":[],"version":6}},"featured_image_urls":{"full":["https:\/\/www.agentiaimpreuna.ro\/cunoasterea-romului-de-langa-noi\/wp-content\/uploads\/2023\/04\/image-42.png",2048,1536,false],"thumbnail":["https:\/\/www.agentiaimpreuna.ro\/cunoasterea-romului-de-langa-noi\/wp-content\/uploads\/2023\/04\/image-42-150x150.png",150,150,true],"medium":["https:\/\/www.agentiaimpreuna.ro\/cunoasterea-romului-de-langa-noi\/wp-content\/uploads\/2023\/04\/image-42-300x225.png",300,225,true],"medium_large":["https:\/\/www.agentiaimpreuna.ro\/cunoasterea-romului-de-langa-noi\/wp-content\/uploads\/2023\/04\/image-42-768x576.png",768,576,true],"large":["https:\/\/www.agentiaimpreuna.ro\/cunoasterea-romului-de-langa-noi\/wp-content\/uploads\/2023\/04\/image-42-1024x768.png",1024,768,true],"1536x1536":["https:\/\/www.agentiaimpreuna.ro\/cunoasterea-romului-de-langa-noi\/wp-content\/uploads\/2023\/04\/image-42-1536x1152.png",1536,1152,true],"2048x2048":["https:\/\/www.agentiaimpreuna.ro\/cunoasterea-romului-de-langa-noi\/wp-content\/uploads\/2023\/04\/image-42.png",2048,1536,false]},"post_excerpt_stackable":"<p>AMR 9 zile \u00een care v\u0103 mai pute\u021bi \u00eenscrie \u00een \u201eEchipa cadrelor didactice cool\u201d. Suntem \u00een c\u0103utare de profesori din toat\u0103 \u021bara, care s\u0103 ne fie sprijin \u00een a face din cel pu\u021bin unul dintre elevii s\u0103i un ambasador al incluziunii. A\u0219tept\u0103m \u00eenscrierea dumneavoastr\u0103 dac\u0103: ave\u021bi \u00een minte un elev\/ o elev\u0103 care ar vrea s\u0103 aduc\u0103 \u00een r\u00e2ndul colegilor o lec\u021bie pe tema incluziunii \u0219i diversit\u0103\u021bii; pute\u021bi s\u0103-i fi\u021bi sprijin (mai ales administrativ) \u00een a realiza activitatea la clasa; \u00censcrierile se pot face p\u00e2n\u0103 pe 5 mai, prin intermediul urm\u0103torului formular: https:\/\/forms.gle\/YAEYq7kmchws4mYd8 P.S: Aducem pove\u0219ti, cunoa\u0219tere \u0219i recuno\u0219tin\u021b\u0103 oficial\u0103&hellip;<\/p>\n","category_list":"<a href=\"https:\/\/www.agentiaimpreuna.ro\/cunoasterea-romului-de-langa-noi\/category\/negategorizat\/\" rel=\"category tag\">Necategorizat<\/a>","author_info":{"name":"Georgiana Ionita","url":"https:\/\/www.agentiaimpreuna.ro\/cunoasterea-romului-de-langa-noi\/author\/georgiana\/"},"comments_num":"0 comments","_links":{"self":[{"href":"https:\/\/www.agentiaimpreuna.ro\/cunoasterea-romului-de-langa-noi\/wp-json\/wp\/v2\/posts\/1513","targetHints":{"allow":["GET"]}}],"collection":[{"href":"https:\/\/www.agentiaimpreuna.ro\/cunoasterea-romului-de-langa-noi\/wp-json\/wp\/v2\/posts"}],"about":[{"href":"https:\/\/www.agentiaimpreuna.ro\/cunoasterea-romului-de-langa-noi\/wp-json\/wp\/v2\/types\/post"}],"author":[{"embeddable":true,"href":"https:\/\/www.agentiaimpreuna.ro\/cunoasterea-romului-de-langa-noi\/wp-json\/wp\/v2\/users\/2"}],"replies":[{"embeddable":true,"href":"https:\/\/www.agentiaimpreuna.ro\/cunoasterea-romului-de-langa-noi\/wp-json\/wp\/v2\/comments?post=1513"}],"version-history":[{"count":1,"href":"https:\/\/www.agentiaimpreuna.ro\/cunoasterea-romului-de-langa-noi\/wp-json\/wp\/v2\/posts\/1513\/revisions"}],"predecessor-version":[{"id":1515,"href":"https:\/\/www.agentiaimpreuna.ro\/cunoasterea-romului-de-langa-noi\/wp-json\/wp\/v2\/posts\/1513\/revisions\/1515"}],"wp:featuredmedia":[{"embeddable":true,"href":"https:\/\/www.agentiaimpreuna.ro\/cunoasterea-romului-de-langa-noi\/wp-json\/wp\/v2\/media\/1514"}],"wp:attachment":[{"href":"https:\/\/www.agentiaimpreuna.ro\/cunoasterea-romului-de-langa-noi\/wp-json\/wp\/v2\/media?parent=1513"}],"wp:term":[{"taxonomy":"category","embeddable":true,"href":"https:\/\/www.agentiaimpreuna.ro\/cunoasterea-romului-de-langa-noi\/wp-json\/wp\/v2\/categories?post=1513"},{"taxonomy":"post_tag","embeddable":true,"href":"https:\/\/www.agentiaimpreuna.ro\/cunoasterea-romului-de-langa-noi\/wp-json\/wp\/v2\/tags?post=1513"}],"curies":[{"name":"wp","href":"https:\/\/api.w.org\/{rel}","templated":true}]}}