{"id":1488,"date":"2023-04-07T19:15:00","date_gmt":"2023-04-07T19:15:00","guid":{"rendered":"https:\/\/www.agentiaimpreuna.ro\/cunoasterea-romului-de-langa-noi\/?p=1488"},"modified":"2023-04-24T08:17:14","modified_gmt":"2023-04-24T08:17:14","slug":"campanie-8-tineri-de-etnie-roma-de-8-aprilie-7","status":"publish","type":"post","link":"https:\/\/www.agentiaimpreuna.ro\/cunoasterea-romului-de-langa-noi\/negategorizat\/campanie-8-tineri-de-etnie-roma-de-8-aprilie-7\/","title":{"rendered":"Campanie: 8 tineri de etnie rom\u0103 de 8 aprilie"},"content":{"rendered":"\n<p>\u201eEu sunt rom\u0103, n-am ales s\u0103 fiu rom\u0103, pur \u0219i simplu sunt\u201d, explic\u0103 Oana. Chiar dac\u0103 tata spunea \u201eeu sunt \u021b*gan ur\u00e2t \u0219i negru\u201d, a\u0219a zicea el\u2026 Eu nu \u0219tiam, nu credeam c\u0103 s\u0103 fii rom este ceva r\u0103u \u0219i atunci n-am ascuns niciodat\u0103 chestia asta pentru c\u0103 nu aveam de ce\u201d. Oana visa s\u0103 fie c\u00e2nt\u0103rea\u021b\u0103 \u00eenc\u0103 de mic\u0103 \u0219i o veri\u0219oar\u0103 o f\u0103cea mereu s\u0103 r\u00e2d\u0103 c\u00e2nd \u00eei spunea \u201eCum ar fi s\u0103 ajungi vedet\u0103 \u0219i s\u0103 \u00ee\u021bi \u00eencepi interviurile cu \u201eam crescut \u00eentr-o familie de ursari\u2026\u201d<\/p>\n\n\n\n<p><strong>Oana Rusu<\/strong>, o nou\u0103 poveste din seria noastr\u0103 de opt portrete dedicate Zilei Interna\u021bionale a Romilor, campanie g\u0103zduit\u0103 de HotNews.<\/p>\n\n\n\n<p><img loading=\"lazy\" decoding=\"async\" height=\"16\" width=\"16\" src=\"https:\/\/static.xx.fbcdn.net\/images\/emoji.php\/v9\/t75\/2\/16\/2728.png\" alt=\"\u2728\"> <strong>\u00centreg articolul aici:<\/strong> https:\/\/www.hotnews.ro\/stiri-esential-26182368-intr-casa-fara-usi-cand-fiu-mare-duc-dau-interviuri.htm<\/p>\n\n\n\n<figure class=\"wp-block-image size-large\"><img loading=\"lazy\" decoding=\"async\" width=\"1024\" height=\"819\" src=\"https:\/\/www.agentiaimpreuna.ro\/cunoasterea-romului-de-langa-noi\/wp-content\/uploads\/2023\/04\/Oana-Rusu-1024x819.jpeg\" alt=\"\" class=\"wp-image-1489\" srcset=\"https:\/\/www.agentiaimpreuna.ro\/cunoasterea-romului-de-langa-noi\/wp-content\/uploads\/2023\/04\/Oana-Rusu-1024x819.jpeg 1024w, https:\/\/www.agentiaimpreuna.ro\/cunoasterea-romului-de-langa-noi\/wp-content\/uploads\/2023\/04\/Oana-Rusu-300x240.jpeg 300w, https:\/\/www.agentiaimpreuna.ro\/cunoasterea-romului-de-langa-noi\/wp-content\/uploads\/2023\/04\/Oana-Rusu-768x614.jpeg 768w, https:\/\/www.agentiaimpreuna.ro\/cunoasterea-romului-de-langa-noi\/wp-content\/uploads\/2023\/04\/Oana-Rusu-1536x1229.jpeg 1536w, https:\/\/www.agentiaimpreuna.ro\/cunoasterea-romului-de-langa-noi\/wp-content\/uploads\/2023\/04\/Oana-Rusu.jpeg 2031w\" sizes=\"auto, (max-width: 1024px) 100vw, 1024px\" \/><\/figure>\n","protected":false},"excerpt":{"rendered":"<p>\u201eEu sunt rom\u0103, n-am ales s\u0103 fiu rom\u0103, pur \u0219i simplu sunt\u201d, explic\u0103 Oana. Chiar dac\u0103 tata spunea \u201eeu sunt \u021b*gan ur\u00e2t \u0219i negru\u201d, a\u0219a zicea el\u2026 Eu nu \u0219tiam, nu credeam c\u0103 s\u0103 fii rom este ceva r\u0103u \u0219i atunci n-am ascuns niciodat\u0103 chestia asta pentru c\u0103 nu aveam de ce\u201d. Oana visa s\u0103 [&hellip;]<\/p>\n","protected":false},"author":2,"featured_media":1489,"comment_status":"open","ping_status":"open","sticky":false,"template":"","format":"standard","meta":{"footnotes":""},"categories":[1],"tags":[],"class_list":["post-1488","post","type-post","status-publish","format-standard","has-post-thumbnail","hentry","category-negategorizat"],"blocksy_meta":{"styles_descriptor":{"styles":{"desktop":"","tablet":"","mobile":""},"google_fonts":[],"version":6}},"featured_image_urls":{"full":["https:\/\/www.agentiaimpreuna.ro\/cunoasterea-romului-de-langa-noi\/wp-content\/uploads\/2023\/04\/Oana-Rusu.jpeg",2031,1625,false],"thumbnail":["https:\/\/www.agentiaimpreuna.ro\/cunoasterea-romului-de-langa-noi\/wp-content\/uploads\/2023\/04\/Oana-Rusu-150x150.jpeg",150,150,true],"medium":["https:\/\/www.agentiaimpreuna.ro\/cunoasterea-romului-de-langa-noi\/wp-content\/uploads\/2023\/04\/Oana-Rusu-300x240.jpeg",300,240,true],"medium_large":["https:\/\/www.agentiaimpreuna.ro\/cunoasterea-romului-de-langa-noi\/wp-content\/uploads\/2023\/04\/Oana-Rusu-768x614.jpeg",768,614,true],"large":["https:\/\/www.agentiaimpreuna.ro\/cunoasterea-romului-de-langa-noi\/wp-content\/uploads\/2023\/04\/Oana-Rusu-1024x819.jpeg",1024,819,true],"1536x1536":["https:\/\/www.agentiaimpreuna.ro\/cunoasterea-romului-de-langa-noi\/wp-content\/uploads\/2023\/04\/Oana-Rusu-1536x1229.jpeg",1536,1229,true],"2048x2048":["https:\/\/www.agentiaimpreuna.ro\/cunoasterea-romului-de-langa-noi\/wp-content\/uploads\/2023\/04\/Oana-Rusu.jpeg",2031,1625,false]},"post_excerpt_stackable":"<p>\u201eEu sunt rom\u0103, n-am ales s\u0103 fiu rom\u0103, pur \u0219i simplu sunt\u201d, explic\u0103 Oana. Chiar dac\u0103 tata spunea \u201eeu sunt \u021b*gan ur\u00e2t \u0219i negru\u201d, a\u0219a zicea el\u2026 Eu nu \u0219tiam, nu credeam c\u0103 s\u0103 fii rom este ceva r\u0103u \u0219i atunci n-am ascuns niciodat\u0103 chestia asta pentru c\u0103 nu aveam de ce\u201d. Oana visa s\u0103 fie c\u00e2nt\u0103rea\u021b\u0103 \u00eenc\u0103 de mic\u0103 \u0219i o veri\u0219oar\u0103 o f\u0103cea mereu s\u0103 r\u00e2d\u0103 c\u00e2nd \u00eei spunea \u201eCum ar fi s\u0103 ajungi vedet\u0103 \u0219i s\u0103 \u00ee\u021bi \u00eencepi interviurile cu \u201eam crescut \u00eentr-o familie de ursari\u2026\u201d Oana Rusu, o nou\u0103 poveste din seria noastr\u0103 de opt portrete&hellip;<\/p>\n","category_list":"<a href=\"https:\/\/www.agentiaimpreuna.ro\/cunoasterea-romului-de-langa-noi\/category\/negategorizat\/\" rel=\"category tag\">Necategorizat<\/a>","author_info":{"name":"Georgiana Ionita","url":"https:\/\/www.agentiaimpreuna.ro\/cunoasterea-romului-de-langa-noi\/author\/georgiana\/"},"comments_num":"0 comments","_links":{"self":[{"href":"https:\/\/www.agentiaimpreuna.ro\/cunoasterea-romului-de-langa-noi\/wp-json\/wp\/v2\/posts\/1488","targetHints":{"allow":["GET"]}}],"collection":[{"href":"https:\/\/www.agentiaimpreuna.ro\/cunoasterea-romului-de-langa-noi\/wp-json\/wp\/v2\/posts"}],"about":[{"href":"https:\/\/www.agentiaimpreuna.ro\/cunoasterea-romului-de-langa-noi\/wp-json\/wp\/v2\/types\/post"}],"author":[{"embeddable":true,"href":"https:\/\/www.agentiaimpreuna.ro\/cunoasterea-romului-de-langa-noi\/wp-json\/wp\/v2\/users\/2"}],"replies":[{"embeddable":true,"href":"https:\/\/www.agentiaimpreuna.ro\/cunoasterea-romului-de-langa-noi\/wp-json\/wp\/v2\/comments?post=1488"}],"version-history":[{"count":1,"href":"https:\/\/www.agentiaimpreuna.ro\/cunoasterea-romului-de-langa-noi\/wp-json\/wp\/v2\/posts\/1488\/revisions"}],"predecessor-version":[{"id":1490,"href":"https:\/\/www.agentiaimpreuna.ro\/cunoasterea-romului-de-langa-noi\/wp-json\/wp\/v2\/posts\/1488\/revisions\/1490"}],"wp:featuredmedia":[{"embeddable":true,"href":"https:\/\/www.agentiaimpreuna.ro\/cunoasterea-romului-de-langa-noi\/wp-json\/wp\/v2\/media\/1489"}],"wp:attachment":[{"href":"https:\/\/www.agentiaimpreuna.ro\/cunoasterea-romului-de-langa-noi\/wp-json\/wp\/v2\/media?parent=1488"}],"wp:term":[{"taxonomy":"category","embeddable":true,"href":"https:\/\/www.agentiaimpreuna.ro\/cunoasterea-romului-de-langa-noi\/wp-json\/wp\/v2\/categories?post=1488"},{"taxonomy":"post_tag","embeddable":true,"href":"https:\/\/www.agentiaimpreuna.ro\/cunoasterea-romului-de-langa-noi\/wp-json\/wp\/v2\/tags?post=1488"}],"curies":[{"name":"wp","href":"https:\/\/api.w.org\/{rel}","templated":true}]}}