{"id":1485,"date":"2023-04-06T19:00:00","date_gmt":"2023-04-06T19:00:00","guid":{"rendered":"https:\/\/www.agentiaimpreuna.ro\/cunoasterea-romului-de-langa-noi\/?p=1485"},"modified":"2023-04-24T08:15:08","modified_gmt":"2023-04-24T08:15:08","slug":"campanie-8-tineri-de-etnie-roma-de-8-aprilie-6","status":"publish","type":"post","link":"https:\/\/www.agentiaimpreuna.ro\/cunoasterea-romului-de-langa-noi\/negategorizat\/campanie-8-tineri-de-etnie-roma-de-8-aprilie-6\/","title":{"rendered":"Campanie: 8 tineri de etnie rom\u0103 de 8 aprilie"},"content":{"rendered":"\n<p><strong>Iasmina \u00cempu\u0219catu <\/strong>are 17 ani, e \u00een clasa a XI-a, \u00eenva\u021b\u0103 la un profil horticol agricol \u0219i este una dintre pove\u0219tile noastre din cadrul campaniei dedicate Zilei Interna\u021bionale a Romilor, campanie g\u0103zduit\u0103 de HotNews.<\/p>\n\n\n\n<p>\u201e C\u00e2nd i-a venit r\u00e2ndul s\u0103-\u0219i \u021bin\u0103 discursul, a ales s\u0103 vorbeasc\u0103 liber \u0219i s\u0103 se uite \u00eencrez\u0103toare \u00een ochii celorlal\u021bi, nu s\u0103 citeasc\u0103 de pe foaie, robotic, cum o f\u0103cuser\u0103 majoritatea. A vorbit despre drepturile elevilor, despre c\u00e2t de important e s\u0103-\u0219i ia ap\u0103rarea, <a><\/a>chiar \u0219i \u00een fa\u021ba profesorilor, despre proiectele pe care vrea s\u0103 le implementeze la ei \u00een \u0219coal\u0103. La final, a c\u00e2\u0219tigat majoritatea voturilor \u0219i a ie\u0219it pe primul loc. \u201eAsta a fost cea mai mare \u0219ans\u0103 a mea\u201d, spune ea. \u201eConsiliul m-a ajutat s\u0103-mi impun respectul fa\u021b\u0103 de elevi. S\u0103 le ar\u0103t c\u0103 nu sunt o c*oar\u0103, sau o neagr\u0103 sau o \u021b*ganc\u0103, a\u0219a cum spun ei. Le-am ar\u0103tat c\u0103 nu conteaz\u0103 ce ras\u0103 e\u0219ti, nu conteaz\u0103 de unde e\u0219ti, ce culoare ai. Conteaz\u0103 ce ai \u00een cap.\u201d<\/p>\n\n\n\n<p><img loading=\"lazy\" decoding=\"async\" height=\"16\" width=\"16\" src=\"https:\/\/static.xx.fbcdn.net\/images\/emoji.php\/v9\/t75\/2\/16\/2728.png\" alt=\"\u2728\"> <strong>\u00centreg articolul aici<\/strong>: https:\/\/www.hotnews.ro\/stiri-esential-26187329-primul-pas-care-convins-iasmina-daca-vrea-chiar-poate-nu-doar-basm-din-capul-meu.htm<\/p>\n\n\n\n<figure class=\"wp-block-image size-full\"><img loading=\"lazy\" decoding=\"async\" width=\"826\" height=\"586\" src=\"https:\/\/www.agentiaimpreuna.ro\/cunoasterea-romului-de-langa-noi\/wp-content\/uploads\/2023\/04\/Iasmina-Impuscatu_3.jpeg\" alt=\"\" class=\"wp-image-1486\" srcset=\"https:\/\/www.agentiaimpreuna.ro\/cunoasterea-romului-de-langa-noi\/wp-content\/uploads\/2023\/04\/Iasmina-Impuscatu_3.jpeg 826w, https:\/\/www.agentiaimpreuna.ro\/cunoasterea-romului-de-langa-noi\/wp-content\/uploads\/2023\/04\/Iasmina-Impuscatu_3-300x213.jpeg 300w, https:\/\/www.agentiaimpreuna.ro\/cunoasterea-romului-de-langa-noi\/wp-content\/uploads\/2023\/04\/Iasmina-Impuscatu_3-768x545.jpeg 768w\" sizes=\"auto, (max-width: 826px) 100vw, 826px\" \/><\/figure>\n\n\n\n<p><a href=\"https:\/\/www.hotnews.ro\/stiri-esential-26187329-primul-pas-care-convins-iasmina-daca-vrea-chiar-poate-nu-doar-basm-din-capul-meu.htm?fbclid=IwAR1zJeeenmUOTRNuA_C1nzWKlikbMj89TCW5YiXxBknjnLbO8QmZFfFW21s\" rel=\"noreferrer noopener\" target=\"_blank\"><\/a><\/p>\n","protected":false},"excerpt":{"rendered":"<p>Iasmina \u00cempu\u0219catu are 17 ani, e \u00een clasa a XI-a, \u00eenva\u021b\u0103 la un profil horticol agricol \u0219i este una dintre pove\u0219tile noastre din cadrul campaniei dedicate Zilei Interna\u021bionale a Romilor, campanie g\u0103zduit\u0103 de HotNews. \u201e C\u00e2nd i-a venit r\u00e2ndul s\u0103-\u0219i \u021bin\u0103 discursul, a ales s\u0103 vorbeasc\u0103 liber \u0219i s\u0103 se uite \u00eencrez\u0103toare \u00een ochii celorlal\u021bi, [&hellip;]<\/p>\n","protected":false},"author":2,"featured_media":1486,"comment_status":"open","ping_status":"open","sticky":false,"template":"","format":"standard","meta":{"footnotes":""},"categories":[1],"tags":[],"class_list":["post-1485","post","type-post","status-publish","format-standard","has-post-thumbnail","hentry","category-negategorizat"],"blocksy_meta":{"styles_descriptor":{"styles":{"desktop":"","tablet":"","mobile":""},"google_fonts":[],"version":6}},"featured_image_urls":{"full":["https:\/\/www.agentiaimpreuna.ro\/cunoasterea-romului-de-langa-noi\/wp-content\/uploads\/2023\/04\/Iasmina-Impuscatu_3.jpeg",826,586,false],"thumbnail":["https:\/\/www.agentiaimpreuna.ro\/cunoasterea-romului-de-langa-noi\/wp-content\/uploads\/2023\/04\/Iasmina-Impuscatu_3-150x150.jpeg",150,150,true],"medium":["https:\/\/www.agentiaimpreuna.ro\/cunoasterea-romului-de-langa-noi\/wp-content\/uploads\/2023\/04\/Iasmina-Impuscatu_3-300x213.jpeg",300,213,true],"medium_large":["https:\/\/www.agentiaimpreuna.ro\/cunoasterea-romului-de-langa-noi\/wp-content\/uploads\/2023\/04\/Iasmina-Impuscatu_3-768x545.jpeg",768,545,true],"large":["https:\/\/www.agentiaimpreuna.ro\/cunoasterea-romului-de-langa-noi\/wp-content\/uploads\/2023\/04\/Iasmina-Impuscatu_3.jpeg",826,586,false],"1536x1536":["https:\/\/www.agentiaimpreuna.ro\/cunoasterea-romului-de-langa-noi\/wp-content\/uploads\/2023\/04\/Iasmina-Impuscatu_3.jpeg",826,586,false],"2048x2048":["https:\/\/www.agentiaimpreuna.ro\/cunoasterea-romului-de-langa-noi\/wp-content\/uploads\/2023\/04\/Iasmina-Impuscatu_3.jpeg",826,586,false]},"post_excerpt_stackable":"<p>Iasmina \u00cempu\u0219catu are 17 ani, e \u00een clasa a XI-a, \u00eenva\u021b\u0103 la un profil horticol agricol \u0219i este una dintre pove\u0219tile noastre din cadrul campaniei dedicate Zilei Interna\u021bionale a Romilor, campanie g\u0103zduit\u0103 de HotNews. \u201e C\u00e2nd i-a venit r\u00e2ndul s\u0103-\u0219i \u021bin\u0103 discursul, a ales s\u0103 vorbeasc\u0103 liber \u0219i s\u0103 se uite \u00eencrez\u0103toare \u00een ochii celorlal\u021bi, nu s\u0103 citeasc\u0103 de pe foaie, robotic, cum o f\u0103cuser\u0103 majoritatea. A vorbit despre drepturile elevilor, despre c\u00e2t de important e s\u0103-\u0219i ia ap\u0103rarea, chiar \u0219i \u00een fa\u021ba profesorilor, despre proiectele pe care vrea s\u0103 le implementeze la ei \u00een \u0219coal\u0103. La final, a c\u00e2\u0219tigat&hellip;<\/p>\n","category_list":"<a href=\"https:\/\/www.agentiaimpreuna.ro\/cunoasterea-romului-de-langa-noi\/category\/negategorizat\/\" rel=\"category tag\">Necategorizat<\/a>","author_info":{"name":"Georgiana Ionita","url":"https:\/\/www.agentiaimpreuna.ro\/cunoasterea-romului-de-langa-noi\/author\/georgiana\/"},"comments_num":"0 comments","_links":{"self":[{"href":"https:\/\/www.agentiaimpreuna.ro\/cunoasterea-romului-de-langa-noi\/wp-json\/wp\/v2\/posts\/1485","targetHints":{"allow":["GET"]}}],"collection":[{"href":"https:\/\/www.agentiaimpreuna.ro\/cunoasterea-romului-de-langa-noi\/wp-json\/wp\/v2\/posts"}],"about":[{"href":"https:\/\/www.agentiaimpreuna.ro\/cunoasterea-romului-de-langa-noi\/wp-json\/wp\/v2\/types\/post"}],"author":[{"embeddable":true,"href":"https:\/\/www.agentiaimpreuna.ro\/cunoasterea-romului-de-langa-noi\/wp-json\/wp\/v2\/users\/2"}],"replies":[{"embeddable":true,"href":"https:\/\/www.agentiaimpreuna.ro\/cunoasterea-romului-de-langa-noi\/wp-json\/wp\/v2\/comments?post=1485"}],"version-history":[{"count":1,"href":"https:\/\/www.agentiaimpreuna.ro\/cunoasterea-romului-de-langa-noi\/wp-json\/wp\/v2\/posts\/1485\/revisions"}],"predecessor-version":[{"id":1487,"href":"https:\/\/www.agentiaimpreuna.ro\/cunoasterea-romului-de-langa-noi\/wp-json\/wp\/v2\/posts\/1485\/revisions\/1487"}],"wp:featuredmedia":[{"embeddable":true,"href":"https:\/\/www.agentiaimpreuna.ro\/cunoasterea-romului-de-langa-noi\/wp-json\/wp\/v2\/media\/1486"}],"wp:attachment":[{"href":"https:\/\/www.agentiaimpreuna.ro\/cunoasterea-romului-de-langa-noi\/wp-json\/wp\/v2\/media?parent=1485"}],"wp:term":[{"taxonomy":"category","embeddable":true,"href":"https:\/\/www.agentiaimpreuna.ro\/cunoasterea-romului-de-langa-noi\/wp-json\/wp\/v2\/categories?post=1485"},{"taxonomy":"post_tag","embeddable":true,"href":"https:\/\/www.agentiaimpreuna.ro\/cunoasterea-romului-de-langa-noi\/wp-json\/wp\/v2\/tags?post=1485"}],"curies":[{"name":"wp","href":"https:\/\/api.w.org\/{rel}","templated":true}]}}