{"id":1479,"date":"2023-04-06T19:10:00","date_gmt":"2023-04-06T19:10:00","guid":{"rendered":"https:\/\/www.agentiaimpreuna.ro\/cunoasterea-romului-de-langa-noi\/?p=1479"},"modified":"2023-04-24T08:13:15","modified_gmt":"2023-04-24T08:13:15","slug":"caravana-cunoasterea-romului-de-langa-noi-buzau","status":"publish","type":"post","link":"https:\/\/www.agentiaimpreuna.ro\/cunoasterea-romului-de-langa-noi\/negategorizat\/caravana-cunoasterea-romului-de-langa-noi-buzau\/","title":{"rendered":"Caravana \u201eCunoa\u0219terea (r)omului de l\u00e2ng\u0103 noi\u201d (Buz\u0103u)"},"content":{"rendered":"\n<p><img loading=\"lazy\" decoding=\"async\" height=\"16\" width=\"16\" alt=\"\ud83d\udccc\" src=\"https:\/\/static.xx.fbcdn.net\/images\/emoji.php\/v9\/t4b\/2\/16\/1f4cc.png\"> Tot \u00een contextul zilei de 8 aprilie, am mers s\u0103pt\u0103m\u00e2na asta \u00een caravana \u201eCunoa\u0219terea (r)omului de l\u00e2ng\u0103 noi\u201d la \u0218coala Gimnazial\u0103 \u201eMihail Kog\u0103lniceanu\u201d (Buz\u0103u) s\u0103-i \u00eent\u00e2lnim pe elevi \u0219i s\u0103 celebr\u0103m \u00eempreun\u0103 Ziua Interna\u021bional\u0103 a Romilor.<\/p>\n\n\n\n<p><img loading=\"lazy\" decoding=\"async\" height=\"16\" width=\"16\" alt=\"\u2728\" src=\"https:\/\/static.xx.fbcdn.net\/images\/emoji.php\/v9\/t75\/2\/16\/2728.png\"> Le-am aflat pove\u0219tile, ne-am jucat \u0219i am m\u00e2ncat \u00eempreun\u0103, am vizionat \u00eempreun\u0103 \u201eDespre Masca Asta\u201d \u0219i \u201eS-a terminat cu rasismul\u201d, apoi am povestit despre etichete \u0219i prejudec\u0103\u021bi iar, la final, am l\u0103sat fiecare \u00een parte c\u00e2te un mesaj <a><\/a>personalizat de 8 aprilie.<\/p>\n\n\n\n<p>***<\/p>\n\n\n\n<p>P.S: \u00cen urm\u0103 cu 52 de ani, \u00een 1971, s-a luat ini\u021biativ\u0103 \u00een a marca Ziua Interna\u021bional\u0103 a Romilor, cu prilejul primului Congres Interna\u021bional al Romilor de pretutindeni, care a avut loc la Londra. Ziua a fost declarat\u0103 oficial \u00een 1990. Din 2006, 8 aprilie devine oficial ziua \u00een care se marcheaz\u0103 \u201eS\u0103rb\u0103toarea etniei romilor din Rom\u00e2nia\u201d. Aceast\u0103 zi constituie un omagiu adus str\u0103mo\u0219ilor no\u0219tri romi, care ne-au f\u0103cut ceea ce suuntem ast\u0103zi, dar \u0219i un moment de recunoa\u0219tere a culturii, tradi\u021biei \u0219i istoriei romilor.<\/p>\n\n\n\n<figure class=\"wp-block-image size-large\"><img loading=\"lazy\" decoding=\"async\" width=\"1024\" height=\"768\" src=\"https:\/\/www.agentiaimpreuna.ro\/cunoasterea-romului-de-langa-noi\/wp-content\/uploads\/2023\/04\/image-27-1024x768.png\" alt=\"\" class=\"wp-image-1480\" srcset=\"https:\/\/www.agentiaimpreuna.ro\/cunoasterea-romului-de-langa-noi\/wp-content\/uploads\/2023\/04\/image-27-1024x768.png 1024w, https:\/\/www.agentiaimpreuna.ro\/cunoasterea-romului-de-langa-noi\/wp-content\/uploads\/2023\/04\/image-27-300x225.png 300w, https:\/\/www.agentiaimpreuna.ro\/cunoasterea-romului-de-langa-noi\/wp-content\/uploads\/2023\/04\/image-27-768x576.png 768w, https:\/\/www.agentiaimpreuna.ro\/cunoasterea-romului-de-langa-noi\/wp-content\/uploads\/2023\/04\/image-27-1536x1152.png 1536w, https:\/\/www.agentiaimpreuna.ro\/cunoasterea-romului-de-langa-noi\/wp-content\/uploads\/2023\/04\/image-27.png 2048w\" sizes=\"auto, (max-width: 1024px) 100vw, 1024px\" \/><\/figure>\n\n\n\n<figure class=\"wp-block-image size-large\"><img loading=\"lazy\" decoding=\"async\" width=\"1024\" height=\"768\" src=\"https:\/\/www.agentiaimpreuna.ro\/cunoasterea-romului-de-langa-noi\/wp-content\/uploads\/2023\/04\/image-28-1024x768.png\" alt=\"\" class=\"wp-image-1481\" srcset=\"https:\/\/www.agentiaimpreuna.ro\/cunoasterea-romului-de-langa-noi\/wp-content\/uploads\/2023\/04\/image-28-1024x768.png 1024w, https:\/\/www.agentiaimpreuna.ro\/cunoasterea-romului-de-langa-noi\/wp-content\/uploads\/2023\/04\/image-28-300x225.png 300w, https:\/\/www.agentiaimpreuna.ro\/cunoasterea-romului-de-langa-noi\/wp-content\/uploads\/2023\/04\/image-28-768x576.png 768w, https:\/\/www.agentiaimpreuna.ro\/cunoasterea-romului-de-langa-noi\/wp-content\/uploads\/2023\/04\/image-28-1536x1152.png 1536w, https:\/\/www.agentiaimpreuna.ro\/cunoasterea-romului-de-langa-noi\/wp-content\/uploads\/2023\/04\/image-28.png 2048w\" sizes=\"auto, (max-width: 1024px) 100vw, 1024px\" \/><\/figure>\n\n\n\n<figure class=\"wp-block-image size-large\"><img loading=\"lazy\" decoding=\"async\" width=\"1024\" height=\"768\" src=\"https:\/\/www.agentiaimpreuna.ro\/cunoasterea-romului-de-langa-noi\/wp-content\/uploads\/2023\/04\/image-29-1024x768.png\" alt=\"\" class=\"wp-image-1482\" srcset=\"https:\/\/www.agentiaimpreuna.ro\/cunoasterea-romului-de-langa-noi\/wp-content\/uploads\/2023\/04\/image-29-1024x768.png 1024w, https:\/\/www.agentiaimpreuna.ro\/cunoasterea-romului-de-langa-noi\/wp-content\/uploads\/2023\/04\/image-29-300x225.png 300w, https:\/\/www.agentiaimpreuna.ro\/cunoasterea-romului-de-langa-noi\/wp-content\/uploads\/2023\/04\/image-29-768x576.png 768w, https:\/\/www.agentiaimpreuna.ro\/cunoasterea-romului-de-langa-noi\/wp-content\/uploads\/2023\/04\/image-29-1536x1152.png 1536w, https:\/\/www.agentiaimpreuna.ro\/cunoasterea-romului-de-langa-noi\/wp-content\/uploads\/2023\/04\/image-29.png 2048w\" sizes=\"auto, (max-width: 1024px) 100vw, 1024px\" \/><\/figure>\n\n\n\n<figure class=\"wp-block-image size-large\"><img loading=\"lazy\" decoding=\"async\" width=\"1024\" height=\"576\" src=\"https:\/\/www.agentiaimpreuna.ro\/cunoasterea-romului-de-langa-noi\/wp-content\/uploads\/2023\/04\/image-30-1024x576.png\" alt=\"\" class=\"wp-image-1483\" srcset=\"https:\/\/www.agentiaimpreuna.ro\/cunoasterea-romului-de-langa-noi\/wp-content\/uploads\/2023\/04\/image-30-1024x576.png 1024w, https:\/\/www.agentiaimpreuna.ro\/cunoasterea-romului-de-langa-noi\/wp-content\/uploads\/2023\/04\/image-30-300x169.png 300w, https:\/\/www.agentiaimpreuna.ro\/cunoasterea-romului-de-langa-noi\/wp-content\/uploads\/2023\/04\/image-30-768x432.png 768w, https:\/\/www.agentiaimpreuna.ro\/cunoasterea-romului-de-langa-noi\/wp-content\/uploads\/2023\/04\/image-30-1536x864.png 1536w, https:\/\/www.agentiaimpreuna.ro\/cunoasterea-romului-de-langa-noi\/wp-content\/uploads\/2023\/04\/image-30.png 2016w\" sizes=\"auto, (max-width: 1024px) 100vw, 1024px\" \/><\/figure>\n","protected":false},"excerpt":{"rendered":"<p>Tot \u00een contextul zilei de 8 aprilie, am mers s\u0103pt\u0103m\u00e2na asta \u00een caravana \u201eCunoa\u0219terea (r)omului de l\u00e2ng\u0103 noi\u201d la \u0218coala Gimnazial\u0103 \u201eMihail Kog\u0103lniceanu\u201d (Buz\u0103u) s\u0103-i \u00eent\u00e2lnim pe elevi \u0219i s\u0103 celebr\u0103m \u00eempreun\u0103 Ziua Interna\u021bional\u0103 a Romilor. Le-am aflat pove\u0219tile, ne-am jucat \u0219i am m\u00e2ncat \u00eempreun\u0103, am vizionat \u00eempreun\u0103 \u201eDespre Masca Asta\u201d \u0219i \u201eS-a terminat cu [&hellip;]<\/p>\n","protected":false},"author":2,"featured_media":1482,"comment_status":"open","ping_status":"open","sticky":false,"template":"","format":"standard","meta":{"footnotes":""},"categories":[1],"tags":[],"class_list":["post-1479","post","type-post","status-publish","format-standard","has-post-thumbnail","hentry","category-negategorizat"],"blocksy_meta":{"styles_descriptor":{"styles":{"desktop":"","tablet":"","mobile":""},"google_fonts":[],"version":6}},"featured_image_urls":{"full":["https:\/\/www.agentiaimpreuna.ro\/cunoasterea-romului-de-langa-noi\/wp-content\/uploads\/2023\/04\/image-29.png",2048,1536,false],"thumbnail":["https:\/\/www.agentiaimpreuna.ro\/cunoasterea-romului-de-langa-noi\/wp-content\/uploads\/2023\/04\/image-29-150x150.png",150,150,true],"medium":["https:\/\/www.agentiaimpreuna.ro\/cunoasterea-romului-de-langa-noi\/wp-content\/uploads\/2023\/04\/image-29-300x225.png",300,225,true],"medium_large":["https:\/\/www.agentiaimpreuna.ro\/cunoasterea-romului-de-langa-noi\/wp-content\/uploads\/2023\/04\/image-29-768x576.png",768,576,true],"large":["https:\/\/www.agentiaimpreuna.ro\/cunoasterea-romului-de-langa-noi\/wp-content\/uploads\/2023\/04\/image-29-1024x768.png",1024,768,true],"1536x1536":["https:\/\/www.agentiaimpreuna.ro\/cunoasterea-romului-de-langa-noi\/wp-content\/uploads\/2023\/04\/image-29-1536x1152.png",1536,1152,true],"2048x2048":["https:\/\/www.agentiaimpreuna.ro\/cunoasterea-romului-de-langa-noi\/wp-content\/uploads\/2023\/04\/image-29.png",2048,1536,false]},"post_excerpt_stackable":"<p>Tot \u00een contextul zilei de 8 aprilie, am mers s\u0103pt\u0103m\u00e2na asta \u00een caravana \u201eCunoa\u0219terea (r)omului de l\u00e2ng\u0103 noi\u201d la \u0218coala Gimnazial\u0103 \u201eMihail Kog\u0103lniceanu\u201d (Buz\u0103u) s\u0103-i \u00eent\u00e2lnim pe elevi \u0219i s\u0103 celebr\u0103m \u00eempreun\u0103 Ziua Interna\u021bional\u0103 a Romilor. Le-am aflat pove\u0219tile, ne-am jucat \u0219i am m\u00e2ncat \u00eempreun\u0103, am vizionat \u00eempreun\u0103 \u201eDespre Masca Asta\u201d \u0219i \u201eS-a terminat cu rasismul\u201d, apoi am povestit despre etichete \u0219i prejudec\u0103\u021bi iar, la final, am l\u0103sat fiecare \u00een parte c\u00e2te un mesaj personalizat de 8 aprilie. *** P.S: \u00cen urm\u0103 cu 52 de ani, \u00een 1971, s-a luat ini\u021biativ\u0103 \u00een a marca Ziua Interna\u021bional\u0103 a Romilor, cu prilejul&hellip;<\/p>\n","category_list":"<a href=\"https:\/\/www.agentiaimpreuna.ro\/cunoasterea-romului-de-langa-noi\/category\/negategorizat\/\" rel=\"category tag\">Necategorizat<\/a>","author_info":{"name":"Georgiana Ionita","url":"https:\/\/www.agentiaimpreuna.ro\/cunoasterea-romului-de-langa-noi\/author\/georgiana\/"},"comments_num":"0 comments","_links":{"self":[{"href":"https:\/\/www.agentiaimpreuna.ro\/cunoasterea-romului-de-langa-noi\/wp-json\/wp\/v2\/posts\/1479","targetHints":{"allow":["GET"]}}],"collection":[{"href":"https:\/\/www.agentiaimpreuna.ro\/cunoasterea-romului-de-langa-noi\/wp-json\/wp\/v2\/posts"}],"about":[{"href":"https:\/\/www.agentiaimpreuna.ro\/cunoasterea-romului-de-langa-noi\/wp-json\/wp\/v2\/types\/post"}],"author":[{"embeddable":true,"href":"https:\/\/www.agentiaimpreuna.ro\/cunoasterea-romului-de-langa-noi\/wp-json\/wp\/v2\/users\/2"}],"replies":[{"embeddable":true,"href":"https:\/\/www.agentiaimpreuna.ro\/cunoasterea-romului-de-langa-noi\/wp-json\/wp\/v2\/comments?post=1479"}],"version-history":[{"count":1,"href":"https:\/\/www.agentiaimpreuna.ro\/cunoasterea-romului-de-langa-noi\/wp-json\/wp\/v2\/posts\/1479\/revisions"}],"predecessor-version":[{"id":1484,"href":"https:\/\/www.agentiaimpreuna.ro\/cunoasterea-romului-de-langa-noi\/wp-json\/wp\/v2\/posts\/1479\/revisions\/1484"}],"wp:featuredmedia":[{"embeddable":true,"href":"https:\/\/www.agentiaimpreuna.ro\/cunoasterea-romului-de-langa-noi\/wp-json\/wp\/v2\/media\/1482"}],"wp:attachment":[{"href":"https:\/\/www.agentiaimpreuna.ro\/cunoasterea-romului-de-langa-noi\/wp-json\/wp\/v2\/media?parent=1479"}],"wp:term":[{"taxonomy":"category","embeddable":true,"href":"https:\/\/www.agentiaimpreuna.ro\/cunoasterea-romului-de-langa-noi\/wp-json\/wp\/v2\/categories?post=1479"},{"taxonomy":"post_tag","embeddable":true,"href":"https:\/\/www.agentiaimpreuna.ro\/cunoasterea-romului-de-langa-noi\/wp-json\/wp\/v2\/tags?post=1479"}],"curies":[{"name":"wp","href":"https:\/\/api.w.org\/{rel}","templated":true}]}}