{"id":1473,"date":"2023-04-04T14:00:00","date_gmt":"2023-04-04T14:00:00","guid":{"rendered":"https:\/\/www.agentiaimpreuna.ro\/cunoasterea-romului-de-langa-noi\/?p=1473"},"modified":"2023-04-24T08:08:00","modified_gmt":"2023-04-24T08:08:00","slug":"campanie-8-tineri-de-etnie-roma-de-8-aprilie-4","status":"publish","type":"post","link":"https:\/\/www.agentiaimpreuna.ro\/cunoasterea-romului-de-langa-noi\/negategorizat\/campanie-8-tineri-de-etnie-roma-de-8-aprilie-4\/","title":{"rendered":"Campanie: 8 tineri de etnie rom\u0103 de 8 aprilie"},"content":{"rendered":"\n<p>\u201eEra 8 aprilie 2017, iar Florinel Caraivan, un b\u0103iat de 12 ani din F\u0103urei, \u00eemp\u0103r\u021bea scena teatrului \u201eMaria Filotti\u201d din Br\u0103ila cu bunicul lui, Ionel. \u00centr-o c\u0103ma\u0219\u0103 ro\u0219ie \u00een carouri, cu ochii doar pe clapele acordeonului care era jum\u0103tate din \u00een\u0103l\u021bimea lui, a\u0219ezat \u00een dreapta bunicului pe col\u021bul unui scaun portocaliu c\u00e2t s\u0103 se sprijine de el \u0219i s\u0103-\u0219i lase picioarele s\u0103 ating\u0103 scena, Florinel era la primul lui eveniment important: un concert de Ziua Interna\u021bional\u0103 a Romilor. <a><\/a>Odat\u0103 ce a atins acordeonul cu buricele degetelor, au disp\u0103rut toate emo\u021biile despre care-i povestise \u00eenainte bunicului. Au c\u00e2ntat \u00eempreun\u0103 o hor\u0103 olteneasc\u0103, o melodie modern\u0103 \u0219i o s\u00e2rb\u0103, apoi l-a l\u0103sat pe bunic s\u0103-\u0219i continue programul.\u201d<\/p>\n\n\n\n<p>Florinel Caraivan are 18 ani, este elev \u00een clasa a XI-a la Liceul Teoretic \u201eGeorge V\u00e2lsan\u201d din F\u0103urei \u0219i a \u00eenceput s\u0103 c\u00e2nte de la 8 ani, c\u00e2nd bunicul i-a cump\u0103rat prima lui org\u0103. La 12 ani \u021binea deja \u00een bra\u021be primul lui acordeon.<\/p>\n\n\n\n<p><strong>\u00centreg articolul aici:<\/strong> https:\/\/www.hotnews.ro\/stiri-esential-26175399-hai-mai-faci-noua-cantare-florinel-caraivan-baiatul-care-12-ani-tinea-brate-primul-lui-acordeon.htm<\/p>\n\n\n\n<figure class=\"wp-block-image size-large\"><img loading=\"lazy\" decoding=\"async\" width=\"1024\" height=\"768\" src=\"https:\/\/www.agentiaimpreuna.ro\/cunoasterea-romului-de-langa-noi\/wp-content\/uploads\/2023\/04\/Florinel-Caraivan_1-1024x768.jpeg\" alt=\"\" class=\"wp-image-1474\" srcset=\"https:\/\/www.agentiaimpreuna.ro\/cunoasterea-romului-de-langa-noi\/wp-content\/uploads\/2023\/04\/Florinel-Caraivan_1-1024x768.jpeg 1024w, https:\/\/www.agentiaimpreuna.ro\/cunoasterea-romului-de-langa-noi\/wp-content\/uploads\/2023\/04\/Florinel-Caraivan_1-300x225.jpeg 300w, https:\/\/www.agentiaimpreuna.ro\/cunoasterea-romului-de-langa-noi\/wp-content\/uploads\/2023\/04\/Florinel-Caraivan_1-768x576.jpeg 768w, https:\/\/www.agentiaimpreuna.ro\/cunoasterea-romului-de-langa-noi\/wp-content\/uploads\/2023\/04\/Florinel-Caraivan_1.jpeg 1224w\" sizes=\"auto, (max-width: 1024px) 100vw, 1024px\" \/><\/figure>\n","protected":false},"excerpt":{"rendered":"<p>\u201eEra 8 aprilie 2017, iar Florinel Caraivan, un b\u0103iat de 12 ani din F\u0103urei, \u00eemp\u0103r\u021bea scena teatrului \u201eMaria Filotti\u201d din Br\u0103ila cu bunicul lui, Ionel. \u00centr-o c\u0103ma\u0219\u0103 ro\u0219ie \u00een carouri, cu ochii doar pe clapele acordeonului care era jum\u0103tate din \u00een\u0103l\u021bimea lui, a\u0219ezat \u00een dreapta bunicului pe col\u021bul unui scaun portocaliu c\u00e2t s\u0103 se sprijine [&hellip;]<\/p>\n","protected":false},"author":2,"featured_media":1474,"comment_status":"open","ping_status":"open","sticky":false,"template":"","format":"standard","meta":{"footnotes":""},"categories":[1],"tags":[],"class_list":["post-1473","post","type-post","status-publish","format-standard","has-post-thumbnail","hentry","category-negategorizat"],"blocksy_meta":{"styles_descriptor":{"styles":{"desktop":"","tablet":"","mobile":""},"google_fonts":[],"version":6}},"featured_image_urls":{"full":["https:\/\/www.agentiaimpreuna.ro\/cunoasterea-romului-de-langa-noi\/wp-content\/uploads\/2023\/04\/Florinel-Caraivan_1.jpeg",1224,918,false],"thumbnail":["https:\/\/www.agentiaimpreuna.ro\/cunoasterea-romului-de-langa-noi\/wp-content\/uploads\/2023\/04\/Florinel-Caraivan_1-150x150.jpeg",150,150,true],"medium":["https:\/\/www.agentiaimpreuna.ro\/cunoasterea-romului-de-langa-noi\/wp-content\/uploads\/2023\/04\/Florinel-Caraivan_1-300x225.jpeg",300,225,true],"medium_large":["https:\/\/www.agentiaimpreuna.ro\/cunoasterea-romului-de-langa-noi\/wp-content\/uploads\/2023\/04\/Florinel-Caraivan_1-768x576.jpeg",768,576,true],"large":["https:\/\/www.agentiaimpreuna.ro\/cunoasterea-romului-de-langa-noi\/wp-content\/uploads\/2023\/04\/Florinel-Caraivan_1-1024x768.jpeg",1024,768,true],"1536x1536":["https:\/\/www.agentiaimpreuna.ro\/cunoasterea-romului-de-langa-noi\/wp-content\/uploads\/2023\/04\/Florinel-Caraivan_1.jpeg",1224,918,false],"2048x2048":["https:\/\/www.agentiaimpreuna.ro\/cunoasterea-romului-de-langa-noi\/wp-content\/uploads\/2023\/04\/Florinel-Caraivan_1.jpeg",1224,918,false]},"post_excerpt_stackable":"<p>\u201eEra 8 aprilie 2017, iar Florinel Caraivan, un b\u0103iat de 12 ani din F\u0103urei, \u00eemp\u0103r\u021bea scena teatrului \u201eMaria Filotti\u201d din Br\u0103ila cu bunicul lui, Ionel. \u00centr-o c\u0103ma\u0219\u0103 ro\u0219ie \u00een carouri, cu ochii doar pe clapele acordeonului care era jum\u0103tate din \u00een\u0103l\u021bimea lui, a\u0219ezat \u00een dreapta bunicului pe col\u021bul unui scaun portocaliu c\u00e2t s\u0103 se sprijine de el \u0219i s\u0103-\u0219i lase picioarele s\u0103 ating\u0103 scena, Florinel era la primul lui eveniment important: un concert de Ziua Interna\u021bional\u0103 a Romilor. Odat\u0103 ce a atins acordeonul cu buricele degetelor, au disp\u0103rut toate emo\u021biile despre care-i povestise \u00eenainte bunicului. Au c\u00e2ntat \u00eempreun\u0103 o hor\u0103&hellip;<\/p>\n","category_list":"<a href=\"https:\/\/www.agentiaimpreuna.ro\/cunoasterea-romului-de-langa-noi\/category\/negategorizat\/\" rel=\"category tag\">Necategorizat<\/a>","author_info":{"name":"Georgiana Ionita","url":"https:\/\/www.agentiaimpreuna.ro\/cunoasterea-romului-de-langa-noi\/author\/georgiana\/"},"comments_num":"0 comments","_links":{"self":[{"href":"https:\/\/www.agentiaimpreuna.ro\/cunoasterea-romului-de-langa-noi\/wp-json\/wp\/v2\/posts\/1473","targetHints":{"allow":["GET"]}}],"collection":[{"href":"https:\/\/www.agentiaimpreuna.ro\/cunoasterea-romului-de-langa-noi\/wp-json\/wp\/v2\/posts"}],"about":[{"href":"https:\/\/www.agentiaimpreuna.ro\/cunoasterea-romului-de-langa-noi\/wp-json\/wp\/v2\/types\/post"}],"author":[{"embeddable":true,"href":"https:\/\/www.agentiaimpreuna.ro\/cunoasterea-romului-de-langa-noi\/wp-json\/wp\/v2\/users\/2"}],"replies":[{"embeddable":true,"href":"https:\/\/www.agentiaimpreuna.ro\/cunoasterea-romului-de-langa-noi\/wp-json\/wp\/v2\/comments?post=1473"}],"version-history":[{"count":1,"href":"https:\/\/www.agentiaimpreuna.ro\/cunoasterea-romului-de-langa-noi\/wp-json\/wp\/v2\/posts\/1473\/revisions"}],"predecessor-version":[{"id":1475,"href":"https:\/\/www.agentiaimpreuna.ro\/cunoasterea-romului-de-langa-noi\/wp-json\/wp\/v2\/posts\/1473\/revisions\/1475"}],"wp:featuredmedia":[{"embeddable":true,"href":"https:\/\/www.agentiaimpreuna.ro\/cunoasterea-romului-de-langa-noi\/wp-json\/wp\/v2\/media\/1474"}],"wp:attachment":[{"href":"https:\/\/www.agentiaimpreuna.ro\/cunoasterea-romului-de-langa-noi\/wp-json\/wp\/v2\/media?parent=1473"}],"wp:term":[{"taxonomy":"category","embeddable":true,"href":"https:\/\/www.agentiaimpreuna.ro\/cunoasterea-romului-de-langa-noi\/wp-json\/wp\/v2\/categories?post=1473"},{"taxonomy":"post_tag","embeddable":true,"href":"https:\/\/www.agentiaimpreuna.ro\/cunoasterea-romului-de-langa-noi\/wp-json\/wp\/v2\/tags?post=1473"}],"curies":[{"name":"wp","href":"https:\/\/api.w.org\/{rel}","templated":true}]}}