{"id":1459,"date":"2023-04-02T00:00:00","date_gmt":"2023-04-02T00:00:00","guid":{"rendered":"https:\/\/www.agentiaimpreuna.ro\/cunoasterea-romului-de-langa-noi\/?p=1459"},"modified":"2023-04-24T07:57:57","modified_gmt":"2023-04-24T07:57:57","slug":"campanie-8-tineri-de-etnie-roma-de-8-aprilie-2","status":"publish","type":"post","link":"https:\/\/www.agentiaimpreuna.ro\/cunoasterea-romului-de-langa-noi\/negategorizat\/campanie-8-tineri-de-etnie-roma-de-8-aprilie-2\/","title":{"rendered":"Campanie: 8 tineri de etnie rom\u0103 de 8 aprilie"},"content":{"rendered":"\n<p>\u00centre 1 \u0219i 8 aprilie, g\u0103zdui\u021bi de HotNews.ro, spunem pove\u0219tile a opt tineri romi care se m\u00e2ndresc cu ceea ce sunt.<\/p>\n\n\n\n<p>A doua poveste este a Izabelei St\u0103nescu, student\u0103 la Universitatea Na\u021bional\u0103 de Muzic\u0103, sopran\u0103 la Opera Na\u021bional\u0103, o t\u00e2n\u0103r\u0103 care se bucur\u0103 de mult\u0103 apreciere la nivel interna\u021bional.<\/p>\n\n\n\n<p><img loading=\"lazy\" decoding=\"async\" height=\"16\" width=\"16\" alt=\"\ud83d\udcac\" src=\"https:\/\/static.xx.fbcdn.net\/images\/emoji.php\/v9\/td\/2\/16\/1f4ac.png\"> \u201eDac\u0103 reu\u0219esc s\u0103 schimb \u0219i 1% din perspectiva unui copil care nu e at\u00e2t de motivat sau nu \u00ee\u0219i dore\u0219te neap\u0103rat mai mult de la via\u021b\u0103 \u0219i dac\u0103 un copil dintr-o sut\u0103 zice c\u0103 \u201eda, eu <a><\/a>vreau s\u0103 fac ceva cu via\u021ba mea\u201d, eu consider c\u0103 nu mi-am r\u0103cit gura degeaba\u201d.<\/p>\n\n\n\n<p><img loading=\"lazy\" decoding=\"async\" height=\"16\" width=\"16\" src=\"https:\/\/static.xx.fbcdn.net\/images\/emoji.php\/v9\/t65\/2\/16\/270f.png\" alt=\"\u270f\ufe0f\"> <strong>Articolul integral aici<\/strong>: https:\/\/www.hotnews.ro\/stiri-esential-26175270-mereu-pic-mai-mult-povestea-unui-copil-muzical.htm<\/p>\n\n\n\n<figure class=\"wp-block-image size-large\"><img loading=\"lazy\" decoding=\"async\" width=\"1024\" height=\"683\" src=\"https:\/\/www.agentiaimpreuna.ro\/cunoasterea-romului-de-langa-noi\/wp-content\/uploads\/2023\/04\/Isabela-Stanescu_2-1024x683.jpeg\" alt=\"\" class=\"wp-image-1460\" srcset=\"https:\/\/www.agentiaimpreuna.ro\/cunoasterea-romului-de-langa-noi\/wp-content\/uploads\/2023\/04\/Isabela-Stanescu_2-1024x683.jpeg 1024w, https:\/\/www.agentiaimpreuna.ro\/cunoasterea-romului-de-langa-noi\/wp-content\/uploads\/2023\/04\/Isabela-Stanescu_2-300x200.jpeg 300w, https:\/\/www.agentiaimpreuna.ro\/cunoasterea-romului-de-langa-noi\/wp-content\/uploads\/2023\/04\/Isabela-Stanescu_2-768x512.jpeg 768w, https:\/\/www.agentiaimpreuna.ro\/cunoasterea-romului-de-langa-noi\/wp-content\/uploads\/2023\/04\/Isabela-Stanescu_2.jpeg 1080w\" sizes=\"auto, (max-width: 1024px) 100vw, 1024px\" \/><\/figure>\n","protected":false},"excerpt":{"rendered":"<p>\u00centre 1 \u0219i 8 aprilie, g\u0103zdui\u021bi de HotNews.ro, spunem pove\u0219tile a opt tineri romi care se m\u00e2ndresc cu ceea ce sunt. A doua poveste este a Izabelei St\u0103nescu, student\u0103 la Universitatea Na\u021bional\u0103 de Muzic\u0103, sopran\u0103 la Opera Na\u021bional\u0103, o t\u00e2n\u0103r\u0103 care se bucur\u0103 de mult\u0103 apreciere la nivel interna\u021bional. \u201eDac\u0103 reu\u0219esc s\u0103 schimb \u0219i 1% [&hellip;]<\/p>\n","protected":false},"author":2,"featured_media":1460,"comment_status":"open","ping_status":"open","sticky":false,"template":"","format":"standard","meta":{"footnotes":""},"categories":[1],"tags":[],"class_list":["post-1459","post","type-post","status-publish","format-standard","has-post-thumbnail","hentry","category-negategorizat"],"blocksy_meta":{"styles_descriptor":{"styles":{"desktop":"","tablet":"","mobile":""},"google_fonts":[],"version":6}},"featured_image_urls":{"full":["https:\/\/www.agentiaimpreuna.ro\/cunoasterea-romului-de-langa-noi\/wp-content\/uploads\/2023\/04\/Isabela-Stanescu_2.jpeg",1080,720,false],"thumbnail":["https:\/\/www.agentiaimpreuna.ro\/cunoasterea-romului-de-langa-noi\/wp-content\/uploads\/2023\/04\/Isabela-Stanescu_2-150x150.jpeg",150,150,true],"medium":["https:\/\/www.agentiaimpreuna.ro\/cunoasterea-romului-de-langa-noi\/wp-content\/uploads\/2023\/04\/Isabela-Stanescu_2-300x200.jpeg",300,200,true],"medium_large":["https:\/\/www.agentiaimpreuna.ro\/cunoasterea-romului-de-langa-noi\/wp-content\/uploads\/2023\/04\/Isabela-Stanescu_2-768x512.jpeg",768,512,true],"large":["https:\/\/www.agentiaimpreuna.ro\/cunoasterea-romului-de-langa-noi\/wp-content\/uploads\/2023\/04\/Isabela-Stanescu_2-1024x683.jpeg",1024,683,true],"1536x1536":["https:\/\/www.agentiaimpreuna.ro\/cunoasterea-romului-de-langa-noi\/wp-content\/uploads\/2023\/04\/Isabela-Stanescu_2.jpeg",1080,720,false],"2048x2048":["https:\/\/www.agentiaimpreuna.ro\/cunoasterea-romului-de-langa-noi\/wp-content\/uploads\/2023\/04\/Isabela-Stanescu_2.jpeg",1080,720,false]},"post_excerpt_stackable":"<p>\u00centre 1 \u0219i 8 aprilie, g\u0103zdui\u021bi de HotNews.ro, spunem pove\u0219tile a opt tineri romi care se m\u00e2ndresc cu ceea ce sunt. A doua poveste este a Izabelei St\u0103nescu, student\u0103 la Universitatea Na\u021bional\u0103 de Muzic\u0103, sopran\u0103 la Opera Na\u021bional\u0103, o t\u00e2n\u0103r\u0103 care se bucur\u0103 de mult\u0103 apreciere la nivel interna\u021bional. \u201eDac\u0103 reu\u0219esc s\u0103 schimb \u0219i 1% din perspectiva unui copil care nu e at\u00e2t de motivat sau nu \u00ee\u0219i dore\u0219te neap\u0103rat mai mult de la via\u021b\u0103 \u0219i dac\u0103 un copil dintr-o sut\u0103 zice c\u0103 \u201eda, eu vreau s\u0103 fac ceva cu via\u021ba mea\u201d, eu consider c\u0103 nu mi-am r\u0103cit gura degeaba\u201d.&hellip;<\/p>\n","category_list":"<a href=\"https:\/\/www.agentiaimpreuna.ro\/cunoasterea-romului-de-langa-noi\/category\/negategorizat\/\" rel=\"category tag\">Necategorizat<\/a>","author_info":{"name":"Georgiana Ionita","url":"https:\/\/www.agentiaimpreuna.ro\/cunoasterea-romului-de-langa-noi\/author\/georgiana\/"},"comments_num":"0 comments","_links":{"self":[{"href":"https:\/\/www.agentiaimpreuna.ro\/cunoasterea-romului-de-langa-noi\/wp-json\/wp\/v2\/posts\/1459","targetHints":{"allow":["GET"]}}],"collection":[{"href":"https:\/\/www.agentiaimpreuna.ro\/cunoasterea-romului-de-langa-noi\/wp-json\/wp\/v2\/posts"}],"about":[{"href":"https:\/\/www.agentiaimpreuna.ro\/cunoasterea-romului-de-langa-noi\/wp-json\/wp\/v2\/types\/post"}],"author":[{"embeddable":true,"href":"https:\/\/www.agentiaimpreuna.ro\/cunoasterea-romului-de-langa-noi\/wp-json\/wp\/v2\/users\/2"}],"replies":[{"embeddable":true,"href":"https:\/\/www.agentiaimpreuna.ro\/cunoasterea-romului-de-langa-noi\/wp-json\/wp\/v2\/comments?post=1459"}],"version-history":[{"count":1,"href":"https:\/\/www.agentiaimpreuna.ro\/cunoasterea-romului-de-langa-noi\/wp-json\/wp\/v2\/posts\/1459\/revisions"}],"predecessor-version":[{"id":1461,"href":"https:\/\/www.agentiaimpreuna.ro\/cunoasterea-romului-de-langa-noi\/wp-json\/wp\/v2\/posts\/1459\/revisions\/1461"}],"wp:featuredmedia":[{"embeddable":true,"href":"https:\/\/www.agentiaimpreuna.ro\/cunoasterea-romului-de-langa-noi\/wp-json\/wp\/v2\/media\/1460"}],"wp:attachment":[{"href":"https:\/\/www.agentiaimpreuna.ro\/cunoasterea-romului-de-langa-noi\/wp-json\/wp\/v2\/media?parent=1459"}],"wp:term":[{"taxonomy":"category","embeddable":true,"href":"https:\/\/www.agentiaimpreuna.ro\/cunoasterea-romului-de-langa-noi\/wp-json\/wp\/v2\/categories?post=1459"},{"taxonomy":"post_tag","embeddable":true,"href":"https:\/\/www.agentiaimpreuna.ro\/cunoasterea-romului-de-langa-noi\/wp-json\/wp\/v2\/tags?post=1459"}],"curies":[{"name":"wp","href":"https:\/\/api.w.org\/{rel}","templated":true}]}}