{"id":1455,"date":"2023-04-01T07:54:21","date_gmt":"2023-04-01T07:54:21","guid":{"rendered":"https:\/\/www.agentiaimpreuna.ro\/cunoasterea-romului-de-langa-noi\/?p=1455"},"modified":"2023-04-24T07:56:06","modified_gmt":"2023-04-24T07:56:06","slug":"campanie-8-tineri-de-etnie-roma-de-8-aprilie","status":"publish","type":"post","link":"https:\/\/www.agentiaimpreuna.ro\/cunoasterea-romului-de-langa-noi\/negategorizat\/campanie-8-tineri-de-etnie-roma-de-8-aprilie\/","title":{"rendered":"Campanie: 8 tineri de etnie rom\u0103 de 8 aprilie"},"content":{"rendered":"\n<p>De ast\u0103zi \u0219i p\u00e2n\u0103 pe 8 aprilie, g\u0103zdui\u021bi de HotNews.ro, lansam o campanie prin care ne dorim s\u0103 aducem \u00een fa\u021b\u0103 pove\u0219ti de via\u021b\u0103 ale unor tineri romi care se m\u00e2ndresc cu cine sunt. E felul nostru de a celebra romii de pretutindeni, \u00een luna Zilei Interna\u021bionale a Romilor <img loading=\"lazy\" decoding=\"async\" height=\"16\" width=\"16\" alt=\"\u2764\" src=\"https:\/\/static.xx.fbcdn.net\/images\/emoji.php\/v9\/ted\/2\/16\/2764.png\">.<\/p>\n\n\n\n<p>Primul este <strong>Alexandru Stan<\/strong>, t\u00e2n\u0103r activist rom, student la Facultatea de Drept \u0219i la Facultatea de Marketing de la Universitatea Bucure\u0219ti.<\/p>\n\n\n\n<p><img loading=\"lazy\" decoding=\"async\" height=\"16\" width=\"16\" alt=\"\ud83d\udcac\" src=\"https:\/\/static.xx.fbcdn.net\/images\/emoji.php\/v9\/td\/2\/16\/1f4ac.png\"> \u201eCa t\u00e2n\u0103r rom ai dou\u0103 op\u021biuni: s\u0103 \u00ee\u021bi asumi etnia sau s\u0103 o <a><\/a>ascunzi. Dac\u0103 decizi s\u0103 te ascunzi, vei pretinde toat\u0103 via\u021ba c\u0103 e\u0219ti altcineva. \u00cen schimb, dac\u0103 decizi s\u0103 fii rom public, se nasc alte trei op\u021biuni: s\u0103 reac\u021bionezi la discriminare devenind activist, s\u0103 pleci capul accept\u00e2nd s\u0103 fii plasat pe o pozi\u021bie de inferioritate sau s\u0103 pretinzi c\u0103 nu \u00ee\u021bi pas\u0103.\u201d<\/p>\n\n\n\n<p><strong>Articolul integral, aici:<\/strong> https:\/\/www.hotnews.ro\/stiri-esential-26175112-alexandru-stan-nu-stiu-sunt-rom-sunt-roman-sunt-cine-sunt.htm<\/p>\n\n\n\n<figure class=\"wp-block-image size-large\"><img loading=\"lazy\" decoding=\"async\" width=\"1024\" height=\"682\" src=\"https:\/\/www.agentiaimpreuna.ro\/cunoasterea-romului-de-langa-noi\/wp-content\/uploads\/2023\/04\/Alexandru-Stan-1024x682.jpeg\" alt=\"\" class=\"wp-image-1456\" srcset=\"https:\/\/www.agentiaimpreuna.ro\/cunoasterea-romului-de-langa-noi\/wp-content\/uploads\/2023\/04\/Alexandru-Stan-1024x682.jpeg 1024w, https:\/\/www.agentiaimpreuna.ro\/cunoasterea-romului-de-langa-noi\/wp-content\/uploads\/2023\/04\/Alexandru-Stan-300x200.jpeg 300w, https:\/\/www.agentiaimpreuna.ro\/cunoasterea-romului-de-langa-noi\/wp-content\/uploads\/2023\/04\/Alexandru-Stan-768x512.jpeg 768w, https:\/\/www.agentiaimpreuna.ro\/cunoasterea-romului-de-langa-noi\/wp-content\/uploads\/2023\/04\/Alexandru-Stan-1536x1023.jpeg 1536w, https:\/\/www.agentiaimpreuna.ro\/cunoasterea-romului-de-langa-noi\/wp-content\/uploads\/2023\/04\/Alexandru-Stan.jpeg 1600w\" sizes=\"auto, (max-width: 1024px) 100vw, 1024px\" \/><\/figure>\n","protected":false},"excerpt":{"rendered":"<p>De ast\u0103zi \u0219i p\u00e2n\u0103 pe 8 aprilie, g\u0103zdui\u021bi de HotNews.ro, lansam o campanie prin care ne dorim s\u0103 aducem \u00een fa\u021b\u0103 pove\u0219ti de via\u021b\u0103 ale unor tineri romi care se m\u00e2ndresc cu cine sunt. E felul nostru de a celebra romii de pretutindeni, \u00een luna Zilei Interna\u021bionale a Romilor . Primul este Alexandru Stan, t\u00e2n\u0103r [&hellip;]<\/p>\n","protected":false},"author":2,"featured_media":1456,"comment_status":"open","ping_status":"open","sticky":false,"template":"","format":"standard","meta":{"footnotes":""},"categories":[1],"tags":[],"class_list":["post-1455","post","type-post","status-publish","format-standard","has-post-thumbnail","hentry","category-negategorizat"],"blocksy_meta":{"styles_descriptor":{"styles":{"desktop":"","tablet":"","mobile":""},"google_fonts":[],"version":6}},"featured_image_urls":{"full":["https:\/\/www.agentiaimpreuna.ro\/cunoasterea-romului-de-langa-noi\/wp-content\/uploads\/2023\/04\/Alexandru-Stan.jpeg",1600,1066,false],"thumbnail":["https:\/\/www.agentiaimpreuna.ro\/cunoasterea-romului-de-langa-noi\/wp-content\/uploads\/2023\/04\/Alexandru-Stan-150x150.jpeg",150,150,true],"medium":["https:\/\/www.agentiaimpreuna.ro\/cunoasterea-romului-de-langa-noi\/wp-content\/uploads\/2023\/04\/Alexandru-Stan-300x200.jpeg",300,200,true],"medium_large":["https:\/\/www.agentiaimpreuna.ro\/cunoasterea-romului-de-langa-noi\/wp-content\/uploads\/2023\/04\/Alexandru-Stan-768x512.jpeg",768,512,true],"large":["https:\/\/www.agentiaimpreuna.ro\/cunoasterea-romului-de-langa-noi\/wp-content\/uploads\/2023\/04\/Alexandru-Stan-1024x682.jpeg",1024,682,true],"1536x1536":["https:\/\/www.agentiaimpreuna.ro\/cunoasterea-romului-de-langa-noi\/wp-content\/uploads\/2023\/04\/Alexandru-Stan-1536x1023.jpeg",1536,1023,true],"2048x2048":["https:\/\/www.agentiaimpreuna.ro\/cunoasterea-romului-de-langa-noi\/wp-content\/uploads\/2023\/04\/Alexandru-Stan.jpeg",1600,1066,false]},"post_excerpt_stackable":"<p>De ast\u0103zi \u0219i p\u00e2n\u0103 pe 8 aprilie, g\u0103zdui\u021bi de HotNews.ro, lansam o campanie prin care ne dorim s\u0103 aducem \u00een fa\u021b\u0103 pove\u0219ti de via\u021b\u0103 ale unor tineri romi care se m\u00e2ndresc cu cine sunt. E felul nostru de a celebra romii de pretutindeni, \u00een luna Zilei Interna\u021bionale a Romilor . Primul este Alexandru Stan, t\u00e2n\u0103r activist rom, student la Facultatea de Drept \u0219i la Facultatea de Marketing de la Universitatea Bucure\u0219ti. \u201eCa t\u00e2n\u0103r rom ai dou\u0103 op\u021biuni: s\u0103 \u00ee\u021bi asumi etnia sau s\u0103 o ascunzi. Dac\u0103 decizi s\u0103 te ascunzi, vei pretinde toat\u0103 via\u021ba c\u0103 e\u0219ti altcineva. \u00cen schimb, dac\u0103&hellip;<\/p>\n","category_list":"<a href=\"https:\/\/www.agentiaimpreuna.ro\/cunoasterea-romului-de-langa-noi\/category\/negategorizat\/\" rel=\"category tag\">Necategorizat<\/a>","author_info":{"name":"Georgiana Ionita","url":"https:\/\/www.agentiaimpreuna.ro\/cunoasterea-romului-de-langa-noi\/author\/georgiana\/"},"comments_num":"0 comments","_links":{"self":[{"href":"https:\/\/www.agentiaimpreuna.ro\/cunoasterea-romului-de-langa-noi\/wp-json\/wp\/v2\/posts\/1455","targetHints":{"allow":["GET"]}}],"collection":[{"href":"https:\/\/www.agentiaimpreuna.ro\/cunoasterea-romului-de-langa-noi\/wp-json\/wp\/v2\/posts"}],"about":[{"href":"https:\/\/www.agentiaimpreuna.ro\/cunoasterea-romului-de-langa-noi\/wp-json\/wp\/v2\/types\/post"}],"author":[{"embeddable":true,"href":"https:\/\/www.agentiaimpreuna.ro\/cunoasterea-romului-de-langa-noi\/wp-json\/wp\/v2\/users\/2"}],"replies":[{"embeddable":true,"href":"https:\/\/www.agentiaimpreuna.ro\/cunoasterea-romului-de-langa-noi\/wp-json\/wp\/v2\/comments?post=1455"}],"version-history":[{"count":1,"href":"https:\/\/www.agentiaimpreuna.ro\/cunoasterea-romului-de-langa-noi\/wp-json\/wp\/v2\/posts\/1455\/revisions"}],"predecessor-version":[{"id":1457,"href":"https:\/\/www.agentiaimpreuna.ro\/cunoasterea-romului-de-langa-noi\/wp-json\/wp\/v2\/posts\/1455\/revisions\/1457"}],"wp:featuredmedia":[{"embeddable":true,"href":"https:\/\/www.agentiaimpreuna.ro\/cunoasterea-romului-de-langa-noi\/wp-json\/wp\/v2\/media\/1456"}],"wp:attachment":[{"href":"https:\/\/www.agentiaimpreuna.ro\/cunoasterea-romului-de-langa-noi\/wp-json\/wp\/v2\/media?parent=1455"}],"wp:term":[{"taxonomy":"category","embeddable":true,"href":"https:\/\/www.agentiaimpreuna.ro\/cunoasterea-romului-de-langa-noi\/wp-json\/wp\/v2\/categories?post=1455"},{"taxonomy":"post_tag","embeddable":true,"href":"https:\/\/www.agentiaimpreuna.ro\/cunoasterea-romului-de-langa-noi\/wp-json\/wp\/v2\/tags?post=1455"}],"curies":[{"name":"wp","href":"https:\/\/api.w.org\/{rel}","templated":true}]}}