{"id":1451,"date":"2023-03-31T00:00:00","date_gmt":"2023-03-31T00:00:00","guid":{"rendered":"https:\/\/www.agentiaimpreuna.ro\/cunoasterea-romului-de-langa-noi\/?p=1451"},"modified":"2023-04-24T07:53:31","modified_gmt":"2023-04-24T07:53:31","slug":"caravana-cunoasterea-romului-de-langa-noi-facultatea-de-sociologie-si-asistenta-sociala-2","status":"publish","type":"post","link":"https:\/\/www.agentiaimpreuna.ro\/cunoasterea-romului-de-langa-noi\/negategorizat\/caravana-cunoasterea-romului-de-langa-noi-facultatea-de-sociologie-si-asistenta-sociala-2\/","title":{"rendered":"Caravana \u201eCunoa\u0219terea romului de l\u00e2ng\u0103 noi\u201d &#8211; Facultatea de Sociologie \u0219i Asisten\u021b\u0103 Social\u0103"},"content":{"rendered":"\n<p>Din nou la Facultatea de Sociologie \u0219i Asisten\u021b\u0103 Social\u0103 \u00een caravana \u201eCunoa\u0219terea romului de l\u00e2ng\u0103 noi\u201d, al\u0103turi de studen\u021bi deschi\u0219i, entuzia\u0219ti \u0219i curio\u0219i, pe care o s\u0103-i revedem cur\u00e2nd ca membrii ai comunit\u0103\u021bii tinerilor \u00een Bucure\u0219ti. Abia a\u0219tept\u0103m s\u0103 \u00eemp\u0103r\u021bim \u0219i seri, pove\u0219ti, tabere, filme ori muzic\u0103 bun\u0103 \u0219i nu doar vizite la seminariile lor.<\/p>\n\n\n\n<p><img loading=\"lazy\" decoding=\"async\" height=\"16\" width=\"16\" alt=\"\ud83d\udcac\" src=\"https:\/\/static.xx.fbcdn.net\/images\/emoji.php\/v9\/td\/2\/16\/1f4ac.png\"> \u00cen urm\u0103toarea perioad\u0103 vom tot fi \u00een dialog cu studen\u021bii, iar dac\u0103 vre\u021bi s\u0103 ne ave\u021bi al\u0103turi, v\u0103 pute\u021bi \u00eenscrie prin <a><\/a>intermediul urm\u0103torului formular:<a href=\"https:\/\/forms.gle\/rHa5s4Awa4ZTXnuy6?fbclid=IwAR1zJeeenmUOTRNuA_C1nzWKlikbMj89TCW5YiXxBknjnLbO8QmZFfFW21s\" rel=\"noreferrer noopener\" target=\"_blank\"> https:\/\/forms.gle\/rHa5s4Awa4ZTXnuy<\/a>6<\/p>\n\n\n\n<figure class=\"wp-block-image size-large\"><img loading=\"lazy\" decoding=\"async\" width=\"1024\" height=\"768\" src=\"https:\/\/www.agentiaimpreuna.ro\/cunoasterea-romului-de-langa-noi\/wp-content\/uploads\/2023\/04\/image-20-1024x768.png\" alt=\"\" class=\"wp-image-1452\" srcset=\"https:\/\/www.agentiaimpreuna.ro\/cunoasterea-romului-de-langa-noi\/wp-content\/uploads\/2023\/04\/image-20-1024x768.png 1024w, https:\/\/www.agentiaimpreuna.ro\/cunoasterea-romului-de-langa-noi\/wp-content\/uploads\/2023\/04\/image-20-300x225.png 300w, https:\/\/www.agentiaimpreuna.ro\/cunoasterea-romului-de-langa-noi\/wp-content\/uploads\/2023\/04\/image-20-768x576.png 768w, https:\/\/www.agentiaimpreuna.ro\/cunoasterea-romului-de-langa-noi\/wp-content\/uploads\/2023\/04\/image-20-1536x1152.png 1536w, https:\/\/www.agentiaimpreuna.ro\/cunoasterea-romului-de-langa-noi\/wp-content\/uploads\/2023\/04\/image-20.png 2048w\" sizes=\"auto, (max-width: 1024px) 100vw, 1024px\" \/><\/figure>\n","protected":false},"excerpt":{"rendered":"<p>Din nou la Facultatea de Sociologie \u0219i Asisten\u021b\u0103 Social\u0103 \u00een caravana \u201eCunoa\u0219terea romului de l\u00e2ng\u0103 noi\u201d, al\u0103turi de studen\u021bi deschi\u0219i, entuzia\u0219ti \u0219i curio\u0219i, pe care o s\u0103-i revedem cur\u00e2nd ca membrii ai comunit\u0103\u021bii tinerilor \u00een Bucure\u0219ti. Abia a\u0219tept\u0103m s\u0103 \u00eemp\u0103r\u021bim \u0219i seri, pove\u0219ti, tabere, filme ori muzic\u0103 bun\u0103 \u0219i nu doar vizite la seminariile lor. [&hellip;]<\/p>\n","protected":false},"author":2,"featured_media":1452,"comment_status":"open","ping_status":"open","sticky":false,"template":"","format":"standard","meta":{"footnotes":""},"categories":[1],"tags":[],"class_list":["post-1451","post","type-post","status-publish","format-standard","has-post-thumbnail","hentry","category-negategorizat"],"blocksy_meta":{"styles_descriptor":{"styles":{"desktop":"","tablet":"","mobile":""},"google_fonts":[],"version":6}},"featured_image_urls":{"full":["https:\/\/www.agentiaimpreuna.ro\/cunoasterea-romului-de-langa-noi\/wp-content\/uploads\/2023\/04\/image-20.png",2048,1536,false],"thumbnail":["https:\/\/www.agentiaimpreuna.ro\/cunoasterea-romului-de-langa-noi\/wp-content\/uploads\/2023\/04\/image-20-150x150.png",150,150,true],"medium":["https:\/\/www.agentiaimpreuna.ro\/cunoasterea-romului-de-langa-noi\/wp-content\/uploads\/2023\/04\/image-20-300x225.png",300,225,true],"medium_large":["https:\/\/www.agentiaimpreuna.ro\/cunoasterea-romului-de-langa-noi\/wp-content\/uploads\/2023\/04\/image-20-768x576.png",768,576,true],"large":["https:\/\/www.agentiaimpreuna.ro\/cunoasterea-romului-de-langa-noi\/wp-content\/uploads\/2023\/04\/image-20-1024x768.png",1024,768,true],"1536x1536":["https:\/\/www.agentiaimpreuna.ro\/cunoasterea-romului-de-langa-noi\/wp-content\/uploads\/2023\/04\/image-20-1536x1152.png",1536,1152,true],"2048x2048":["https:\/\/www.agentiaimpreuna.ro\/cunoasterea-romului-de-langa-noi\/wp-content\/uploads\/2023\/04\/image-20.png",2048,1536,false]},"post_excerpt_stackable":"<p>Din nou la Facultatea de Sociologie \u0219i Asisten\u021b\u0103 Social\u0103 \u00een caravana \u201eCunoa\u0219terea romului de l\u00e2ng\u0103 noi\u201d, al\u0103turi de studen\u021bi deschi\u0219i, entuzia\u0219ti \u0219i curio\u0219i, pe care o s\u0103-i revedem cur\u00e2nd ca membrii ai comunit\u0103\u021bii tinerilor \u00een Bucure\u0219ti. Abia a\u0219tept\u0103m s\u0103 \u00eemp\u0103r\u021bim \u0219i seri, pove\u0219ti, tabere, filme ori muzic\u0103 bun\u0103 \u0219i nu doar vizite la seminariile lor. \u00cen urm\u0103toarea perioad\u0103 vom tot fi \u00een dialog cu studen\u021bii, iar dac\u0103 vre\u021bi s\u0103 ne ave\u021bi al\u0103turi, v\u0103 pute\u021bi \u00eenscrie prin intermediul urm\u0103torului formular: https:\/\/forms.gle\/rHa5s4Awa4ZTXnuy6<\/p>\n","category_list":"<a href=\"https:\/\/www.agentiaimpreuna.ro\/cunoasterea-romului-de-langa-noi\/category\/negategorizat\/\" rel=\"category tag\">Necategorizat<\/a>","author_info":{"name":"Georgiana Ionita","url":"https:\/\/www.agentiaimpreuna.ro\/cunoasterea-romului-de-langa-noi\/author\/georgiana\/"},"comments_num":"0 comments","_links":{"self":[{"href":"https:\/\/www.agentiaimpreuna.ro\/cunoasterea-romului-de-langa-noi\/wp-json\/wp\/v2\/posts\/1451","targetHints":{"allow":["GET"]}}],"collection":[{"href":"https:\/\/www.agentiaimpreuna.ro\/cunoasterea-romului-de-langa-noi\/wp-json\/wp\/v2\/posts"}],"about":[{"href":"https:\/\/www.agentiaimpreuna.ro\/cunoasterea-romului-de-langa-noi\/wp-json\/wp\/v2\/types\/post"}],"author":[{"embeddable":true,"href":"https:\/\/www.agentiaimpreuna.ro\/cunoasterea-romului-de-langa-noi\/wp-json\/wp\/v2\/users\/2"}],"replies":[{"embeddable":true,"href":"https:\/\/www.agentiaimpreuna.ro\/cunoasterea-romului-de-langa-noi\/wp-json\/wp\/v2\/comments?post=1451"}],"version-history":[{"count":1,"href":"https:\/\/www.agentiaimpreuna.ro\/cunoasterea-romului-de-langa-noi\/wp-json\/wp\/v2\/posts\/1451\/revisions"}],"predecessor-version":[{"id":1453,"href":"https:\/\/www.agentiaimpreuna.ro\/cunoasterea-romului-de-langa-noi\/wp-json\/wp\/v2\/posts\/1451\/revisions\/1453"}],"wp:featuredmedia":[{"embeddable":true,"href":"https:\/\/www.agentiaimpreuna.ro\/cunoasterea-romului-de-langa-noi\/wp-json\/wp\/v2\/media\/1452"}],"wp:attachment":[{"href":"https:\/\/www.agentiaimpreuna.ro\/cunoasterea-romului-de-langa-noi\/wp-json\/wp\/v2\/media?parent=1451"}],"wp:term":[{"taxonomy":"category","embeddable":true,"href":"https:\/\/www.agentiaimpreuna.ro\/cunoasterea-romului-de-langa-noi\/wp-json\/wp\/v2\/categories?post=1451"},{"taxonomy":"post_tag","embeddable":true,"href":"https:\/\/www.agentiaimpreuna.ro\/cunoasterea-romului-de-langa-noi\/wp-json\/wp\/v2\/tags?post=1451"}],"curies":[{"name":"wp","href":"https:\/\/api.w.org\/{rel}","templated":true}]}}