{"id":1444,"date":"2023-03-28T00:00:00","date_gmt":"2023-03-28T00:00:00","guid":{"rendered":"https:\/\/www.agentiaimpreuna.ro\/cunoasterea-romului-de-langa-noi\/?p=1444"},"modified":"2023-04-24T07:52:03","modified_gmt":"2023-04-24T07:52:03","slug":"caravana-cunoasterea-romului-de-langa-noi-facultatea-de-sociologie-si-asistenta-sociala","status":"publish","type":"post","link":"https:\/\/www.agentiaimpreuna.ro\/cunoasterea-romului-de-langa-noi\/negategorizat\/caravana-cunoasterea-romului-de-langa-noi-facultatea-de-sociologie-si-asistenta-sociala\/","title":{"rendered":"Caravana \u201eCunoa\u0219terea (r)omului de l\u00e2ng\u0103 noi\u201d &#8211; facultatea de Sociologie \u0219i Asisten\u021b\u0103 Social\u0103"},"content":{"rendered":"\n<p>O nou\u0103 zi, o nou\u0103 vizit\u0103 la facultatea de Sociologie \u0219i Asisten\u021b\u0103 Social\u0103 din Bucure\u0219ti, \u00een caravana Cunoa\u0219terea (r)omului de l\u00e2ng\u0103 noi <img loading=\"lazy\" decoding=\"async\" height=\"16\" width=\"16\" alt=\"\ud83d\ude97\" src=\"https:\/\/static.xx.fbcdn.net\/images\/emoji.php\/v9\/t8b\/2\/16\/1f697.png\">.<\/p>\n\n\n\n<p>Am spart ghea\u021ba povestind cu studen\u021bii de anul II despre fricile noastre cele mai mari: teama de singur\u0103tate, de a pierde oamenii dragi nou\u0103, de albine, vorbit \u00een public sau lifturi. Unele dintre ele, repetate de mai multe ori la masa noastr\u0103 de discu\u021bii. Pentru c\u0103 la fel ca diversitatea fricilor noastre \u0219i diversitatea noastr\u0103<\/p>\n\n\n\n<p>ne aduce, la <a><\/a>finalul zilei, \u00eempreun\u0103.<\/p>\n\n\n\n<p>Am povestit mai apoi \u0219i despre prejudec\u0103\u021bi, episoade de discriminare, rom vs. \u021b*gan \u0219i locurile rezervate pentru romi \u00een universit\u0103\u021bi. O zi cu studen\u021bi calzi despre care, cu siguran\u021b\u0103, vom mai auzi. \u0218i al\u0103turi de care abia a\u0219tept\u0103m s\u0103 lucr\u0103m!<\/p>\n\n\n\n<p><img loading=\"lazy\" decoding=\"async\" height=\"16\" width=\"16\" alt=\"\ud83d\udcac\" src=\"https:\/\/static.xx.fbcdn.net\/images\/emoji.php\/v9\/td\/2\/16\/1f4ac.png\"> \u00cen urm\u0103toarea perioad\u0103 vom tot fi \u00een dialog cu studen\u021bii, iar dac\u0103 vre\u021bi s\u0103 ne ave\u021bi al\u0103turi la unul dintre seminariile voastre, v\u0103 pute\u021bi \u00eenscrie prin intermediul urm\u0103torului formular: <a href=\"https:\/\/forms.gle\/rHa5s4Awa4ZTXnuy6?fbclid=IwAR03vefplMDOx6ceaz85VRl9WNyvh9PcHMM36p7fUarKzQV60B4toCPwOzM\" rel=\"noreferrer noopener\" target=\"_blank\">https:\/\/forms.gle\/rHa5s4Awa4ZTXnuy6<\/a><\/p>\n\n\n\n<p><img loading=\"lazy\" decoding=\"async\" height=\"16\" width=\"16\" alt=\"\u2764\" src=\"https:\/\/static.xx.fbcdn.net\/images\/emoji.php\/v9\/ted\/2\/16\/2764.png\"> Noi abia a\u0219tept\u0103m s\u0103 v\u0103 cunoa\u0219tem \u0219i s\u0103 scriem pove\u0219ti \u00eempreun\u0103!<\/p>\n\n\n\n<figure class=\"wp-block-image size-large\"><img loading=\"lazy\" decoding=\"async\" width=\"1024\" height=\"768\" src=\"https:\/\/www.agentiaimpreuna.ro\/cunoasterea-romului-de-langa-noi\/wp-content\/uploads\/2023\/04\/image-15-1024x768.png\" alt=\"\" class=\"wp-image-1445\" srcset=\"https:\/\/www.agentiaimpreuna.ro\/cunoasterea-romului-de-langa-noi\/wp-content\/uploads\/2023\/04\/image-15-1024x768.png 1024w, https:\/\/www.agentiaimpreuna.ro\/cunoasterea-romului-de-langa-noi\/wp-content\/uploads\/2023\/04\/image-15-300x225.png 300w, https:\/\/www.agentiaimpreuna.ro\/cunoasterea-romului-de-langa-noi\/wp-content\/uploads\/2023\/04\/image-15-768x576.png 768w, https:\/\/www.agentiaimpreuna.ro\/cunoasterea-romului-de-langa-noi\/wp-content\/uploads\/2023\/04\/image-15-1536x1152.png 1536w, https:\/\/www.agentiaimpreuna.ro\/cunoasterea-romului-de-langa-noi\/wp-content\/uploads\/2023\/04\/image-15.png 2048w\" sizes=\"auto, (max-width: 1024px) 100vw, 1024px\" \/><\/figure>\n\n\n\n<figure class=\"wp-block-image size-large\"><img loading=\"lazy\" decoding=\"async\" width=\"768\" height=\"1024\" src=\"https:\/\/www.agentiaimpreuna.ro\/cunoasterea-romului-de-langa-noi\/wp-content\/uploads\/2023\/04\/image-16-768x1024.png\" alt=\"\" class=\"wp-image-1446\" srcset=\"https:\/\/www.agentiaimpreuna.ro\/cunoasterea-romului-de-langa-noi\/wp-content\/uploads\/2023\/04\/image-16-768x1024.png 768w, https:\/\/www.agentiaimpreuna.ro\/cunoasterea-romului-de-langa-noi\/wp-content\/uploads\/2023\/04\/image-16-225x300.png 225w, https:\/\/www.agentiaimpreuna.ro\/cunoasterea-romului-de-langa-noi\/wp-content\/uploads\/2023\/04\/image-16-1152x1536.png 1152w, https:\/\/www.agentiaimpreuna.ro\/cunoasterea-romului-de-langa-noi\/wp-content\/uploads\/2023\/04\/image-16.png 1536w\" sizes=\"auto, (max-width: 768px) 100vw, 768px\" \/><\/figure>\n\n\n\n<figure class=\"wp-block-image size-large\"><img loading=\"lazy\" decoding=\"async\" width=\"1024\" height=\"768\" src=\"https:\/\/www.agentiaimpreuna.ro\/cunoasterea-romului-de-langa-noi\/wp-content\/uploads\/2023\/04\/image-17-1024x768.png\" alt=\"\" class=\"wp-image-1447\" srcset=\"https:\/\/www.agentiaimpreuna.ro\/cunoasterea-romului-de-langa-noi\/wp-content\/uploads\/2023\/04\/image-17-1024x768.png 1024w, https:\/\/www.agentiaimpreuna.ro\/cunoasterea-romului-de-langa-noi\/wp-content\/uploads\/2023\/04\/image-17-300x225.png 300w, https:\/\/www.agentiaimpreuna.ro\/cunoasterea-romului-de-langa-noi\/wp-content\/uploads\/2023\/04\/image-17-768x576.png 768w, https:\/\/www.agentiaimpreuna.ro\/cunoasterea-romului-de-langa-noi\/wp-content\/uploads\/2023\/04\/image-17-1536x1152.png 1536w, https:\/\/www.agentiaimpreuna.ro\/cunoasterea-romului-de-langa-noi\/wp-content\/uploads\/2023\/04\/image-17.png 2048w\" sizes=\"auto, (max-width: 1024px) 100vw, 1024px\" \/><\/figure>\n\n\n\n<figure class=\"wp-block-image size-large\"><img loading=\"lazy\" decoding=\"async\" width=\"1024\" height=\"768\" src=\"https:\/\/www.agentiaimpreuna.ro\/cunoasterea-romului-de-langa-noi\/wp-content\/uploads\/2023\/04\/image-18-1024x768.png\" alt=\"\" class=\"wp-image-1448\" srcset=\"https:\/\/www.agentiaimpreuna.ro\/cunoasterea-romului-de-langa-noi\/wp-content\/uploads\/2023\/04\/image-18-1024x768.png 1024w, https:\/\/www.agentiaimpreuna.ro\/cunoasterea-romului-de-langa-noi\/wp-content\/uploads\/2023\/04\/image-18-300x225.png 300w, https:\/\/www.agentiaimpreuna.ro\/cunoasterea-romului-de-langa-noi\/wp-content\/uploads\/2023\/04\/image-18-768x576.png 768w, https:\/\/www.agentiaimpreuna.ro\/cunoasterea-romului-de-langa-noi\/wp-content\/uploads\/2023\/04\/image-18-1536x1152.png 1536w, https:\/\/www.agentiaimpreuna.ro\/cunoasterea-romului-de-langa-noi\/wp-content\/uploads\/2023\/04\/image-18.png 2048w\" sizes=\"auto, (max-width: 1024px) 100vw, 1024px\" \/><\/figure>\n","protected":false},"excerpt":{"rendered":"<p>O nou\u0103 zi, o nou\u0103 vizit\u0103 la facultatea de Sociologie \u0219i Asisten\u021b\u0103 Social\u0103 din Bucure\u0219ti, \u00een caravana Cunoa\u0219terea (r)omului de l\u00e2ng\u0103 noi . Am spart ghea\u021ba povestind cu studen\u021bii de anul II despre fricile noastre cele mai mari: teama de singur\u0103tate, de a pierde oamenii dragi nou\u0103, de albine, vorbit \u00een public sau lifturi. Unele [&hellip;]<\/p>\n","protected":false},"author":2,"featured_media":1447,"comment_status":"open","ping_status":"open","sticky":false,"template":"","format":"standard","meta":{"footnotes":""},"categories":[1],"tags":[],"class_list":["post-1444","post","type-post","status-publish","format-standard","has-post-thumbnail","hentry","category-negategorizat"],"blocksy_meta":{"styles_descriptor":{"styles":{"desktop":"","tablet":"","mobile":""},"google_fonts":[],"version":6}},"featured_image_urls":{"full":["https:\/\/www.agentiaimpreuna.ro\/cunoasterea-romului-de-langa-noi\/wp-content\/uploads\/2023\/04\/image-17.png",2048,1536,false],"thumbnail":["https:\/\/www.agentiaimpreuna.ro\/cunoasterea-romului-de-langa-noi\/wp-content\/uploads\/2023\/04\/image-17-150x150.png",150,150,true],"medium":["https:\/\/www.agentiaimpreuna.ro\/cunoasterea-romului-de-langa-noi\/wp-content\/uploads\/2023\/04\/image-17-300x225.png",300,225,true],"medium_large":["https:\/\/www.agentiaimpreuna.ro\/cunoasterea-romului-de-langa-noi\/wp-content\/uploads\/2023\/04\/image-17-768x576.png",768,576,true],"large":["https:\/\/www.agentiaimpreuna.ro\/cunoasterea-romului-de-langa-noi\/wp-content\/uploads\/2023\/04\/image-17-1024x768.png",1024,768,true],"1536x1536":["https:\/\/www.agentiaimpreuna.ro\/cunoasterea-romului-de-langa-noi\/wp-content\/uploads\/2023\/04\/image-17-1536x1152.png",1536,1152,true],"2048x2048":["https:\/\/www.agentiaimpreuna.ro\/cunoasterea-romului-de-langa-noi\/wp-content\/uploads\/2023\/04\/image-17.png",2048,1536,false]},"post_excerpt_stackable":"<p>O nou\u0103 zi, o nou\u0103 vizit\u0103 la facultatea de Sociologie \u0219i Asisten\u021b\u0103 Social\u0103 din Bucure\u0219ti, \u00een caravana Cunoa\u0219terea (r)omului de l\u00e2ng\u0103 noi . Am spart ghea\u021ba povestind cu studen\u021bii de anul II despre fricile noastre cele mai mari: teama de singur\u0103tate, de a pierde oamenii dragi nou\u0103, de albine, vorbit \u00een public sau lifturi. Unele dintre ele, repetate de mai multe ori la masa noastr\u0103 de discu\u021bii. Pentru c\u0103 la fel ca diversitatea fricilor noastre \u0219i diversitatea noastr\u0103 ne aduce, la finalul zilei, \u00eempreun\u0103. Am povestit mai apoi \u0219i despre prejudec\u0103\u021bi, episoade de discriminare, rom vs. \u021b*gan \u0219i locurile rezervate&hellip;<\/p>\n","category_list":"<a href=\"https:\/\/www.agentiaimpreuna.ro\/cunoasterea-romului-de-langa-noi\/category\/negategorizat\/\" rel=\"category tag\">Necategorizat<\/a>","author_info":{"name":"Georgiana Ionita","url":"https:\/\/www.agentiaimpreuna.ro\/cunoasterea-romului-de-langa-noi\/author\/georgiana\/"},"comments_num":"0 comments","_links":{"self":[{"href":"https:\/\/www.agentiaimpreuna.ro\/cunoasterea-romului-de-langa-noi\/wp-json\/wp\/v2\/posts\/1444","targetHints":{"allow":["GET"]}}],"collection":[{"href":"https:\/\/www.agentiaimpreuna.ro\/cunoasterea-romului-de-langa-noi\/wp-json\/wp\/v2\/posts"}],"about":[{"href":"https:\/\/www.agentiaimpreuna.ro\/cunoasterea-romului-de-langa-noi\/wp-json\/wp\/v2\/types\/post"}],"author":[{"embeddable":true,"href":"https:\/\/www.agentiaimpreuna.ro\/cunoasterea-romului-de-langa-noi\/wp-json\/wp\/v2\/users\/2"}],"replies":[{"embeddable":true,"href":"https:\/\/www.agentiaimpreuna.ro\/cunoasterea-romului-de-langa-noi\/wp-json\/wp\/v2\/comments?post=1444"}],"version-history":[{"count":1,"href":"https:\/\/www.agentiaimpreuna.ro\/cunoasterea-romului-de-langa-noi\/wp-json\/wp\/v2\/posts\/1444\/revisions"}],"predecessor-version":[{"id":1450,"href":"https:\/\/www.agentiaimpreuna.ro\/cunoasterea-romului-de-langa-noi\/wp-json\/wp\/v2\/posts\/1444\/revisions\/1450"}],"wp:featuredmedia":[{"embeddable":true,"href":"https:\/\/www.agentiaimpreuna.ro\/cunoasterea-romului-de-langa-noi\/wp-json\/wp\/v2\/media\/1447"}],"wp:attachment":[{"href":"https:\/\/www.agentiaimpreuna.ro\/cunoasterea-romului-de-langa-noi\/wp-json\/wp\/v2\/media?parent=1444"}],"wp:term":[{"taxonomy":"category","embeddable":true,"href":"https:\/\/www.agentiaimpreuna.ro\/cunoasterea-romului-de-langa-noi\/wp-json\/wp\/v2\/categories?post=1444"},{"taxonomy":"post_tag","embeddable":true,"href":"https:\/\/www.agentiaimpreuna.ro\/cunoasterea-romului-de-langa-noi\/wp-json\/wp\/v2\/tags?post=1444"}],"curies":[{"name":"wp","href":"https:\/\/api.w.org\/{rel}","templated":true}]}}