{"id":1426,"date":"2023-03-23T07:38:16","date_gmt":"2023-03-23T07:38:16","guid":{"rendered":"https:\/\/www.agentiaimpreuna.ro\/cunoasterea-romului-de-langa-noi\/?p=1426"},"modified":"2023-04-24T07:40:23","modified_gmt":"2023-04-24T07:40:23","slug":"caravana-cunoasterea-romului-de-langa-noi-in-universitati","status":"publish","type":"post","link":"https:\/\/www.agentiaimpreuna.ro\/cunoasterea-romului-de-langa-noi\/negategorizat\/caravana-cunoasterea-romului-de-langa-noi-in-universitati\/","title":{"rendered":"Caravana \u201eCunoa\u0219terea (r)omului de l\u00e2ng\u0103 noi\u201d&#8230; \u00een universit\u0103\u021bi."},"content":{"rendered":"\n<p>S\u0103pt\u0103m\u00e2na asta am dat startul caravanei \u201eCunoa\u0219terea (r)omului de l\u00e2ng\u0103 noi\u201d \u0219i \u00een universit\u0103\u021bile din Bucure\u0219ti!<\/p>\n\n\n\n<p>Am intrat la seminariile facult\u0103\u021bii de Sociologie \u0219i Asisten\u021b\u0103 Social\u0103, unde al\u0103turi de studen\u021bii din anul I am povestit despre buc\u0103\u021bi din istoria romilor, identitate, m\u0103suri afirmative \u0219i locuri rezervate pentru romi \u0219i am dezb\u0103tut despre cum fiecare dintre noi putem contribui \u00een a face din Rom\u00e2nia o \u021bar\u0103 \u00een care s\u0103 ne sim\u021bim, cu to\u021bii, acas\u0103. Am cunoscut tineri <a><\/a>din comunit\u0103\u021bi LGBTQIA+, tineri cu aparten\u021be etnice sau religioase diverse, tineri la \u00eenceput de drum care ne-au dat lec\u021bii despre curaj, entuziasm \u0219i diversitate.<\/p>\n\n\n\n<p>\u00cen urm\u0103toarea perioad\u0103 vom tot fi \u00een dialog cu studen\u021bii, iar dac\u0103 vre\u021bi s\u0103 ne ave\u021bi al\u0103turi la unul dintre seminariile voastre, v\u0103 pute\u021bi \u00eenscrie prin intermediul urm\u0103torului formular: <a href=\"https:\/\/docs.google.com\/forms\/d\/e\/1FAIpQLSdJWPc5C0TM0xKLuqE21HYhos4IrO43IPzSxfL39YoSuvKxqQ\/viewform?fbclid=IwAR03vefplMDOx6ceaz85VRl9WNyvh9PcHMM36p7fUarKzQV60B4toCPwOzM\" rel=\"noreferrer noopener\" target=\"_blank\">https:\/\/docs.google.com\/&#8230;\/1FAIpQLSdJWPc5C0TM0x&#8230;\/viewform<\/a><\/p>\n\n\n\n<p>Noi abia a\u0219tept\u0103m s\u0103 v\u0103 cunoa\u0219tem \u0219i s\u0103 scriem pove\u0219ti \u00eempreun\u0103! <img loading=\"lazy\" decoding=\"async\" height=\"16\" width=\"16\" alt=\"\u270f\ufe0f\" src=\"https:\/\/static.xx.fbcdn.net\/images\/emoji.php\/v9\/t65\/2\/16\/270f.png\"><\/p>\n\n\n\n<figure class=\"wp-block-image size-large\"><img loading=\"lazy\" decoding=\"async\" width=\"1024\" height=\"576\" src=\"https:\/\/www.agentiaimpreuna.ro\/cunoasterea-romului-de-langa-noi\/wp-content\/uploads\/2022\/10\/post-1024x576.jpeg\" alt=\"\" class=\"wp-image-1215\" srcset=\"https:\/\/www.agentiaimpreuna.ro\/cunoasterea-romului-de-langa-noi\/wp-content\/uploads\/2022\/10\/post-1024x576.jpeg 1024w, https:\/\/www.agentiaimpreuna.ro\/cunoasterea-romului-de-langa-noi\/wp-content\/uploads\/2022\/10\/post-300x169.jpeg 300w, https:\/\/www.agentiaimpreuna.ro\/cunoasterea-romului-de-langa-noi\/wp-content\/uploads\/2022\/10\/post-768x432.jpeg 768w, https:\/\/www.agentiaimpreuna.ro\/cunoasterea-romului-de-langa-noi\/wp-content\/uploads\/2022\/10\/post-1536x864.jpeg 1536w, https:\/\/www.agentiaimpreuna.ro\/cunoasterea-romului-de-langa-noi\/wp-content\/uploads\/2022\/10\/post.jpeg 1600w\" sizes=\"auto, (max-width: 1024px) 100vw, 1024px\" \/><\/figure>\n","protected":false},"excerpt":{"rendered":"<p>S\u0103pt\u0103m\u00e2na asta am dat startul caravanei \u201eCunoa\u0219terea (r)omului de l\u00e2ng\u0103 noi\u201d \u0219i \u00een universit\u0103\u021bile din Bucure\u0219ti! Am intrat la seminariile facult\u0103\u021bii de Sociologie \u0219i Asisten\u021b\u0103 Social\u0103, unde al\u0103turi de studen\u021bii din anul I am povestit despre buc\u0103\u021bi din istoria romilor, identitate, m\u0103suri afirmative \u0219i locuri rezervate pentru romi \u0219i am dezb\u0103tut despre cum fiecare dintre [&hellip;]<\/p>\n","protected":false},"author":2,"featured_media":1215,"comment_status":"open","ping_status":"open","sticky":false,"template":"","format":"standard","meta":{"footnotes":""},"categories":[1],"tags":[],"class_list":["post-1426","post","type-post","status-publish","format-standard","has-post-thumbnail","hentry","category-negategorizat"],"blocksy_meta":{"styles_descriptor":{"styles":{"desktop":"","tablet":"","mobile":""},"google_fonts":[],"version":6}},"featured_image_urls":{"full":["https:\/\/www.agentiaimpreuna.ro\/cunoasterea-romului-de-langa-noi\/wp-content\/uploads\/2022\/10\/post.jpeg",1600,900,false],"thumbnail":["https:\/\/www.agentiaimpreuna.ro\/cunoasterea-romului-de-langa-noi\/wp-content\/uploads\/2022\/10\/post-150x150.jpeg",150,150,true],"medium":["https:\/\/www.agentiaimpreuna.ro\/cunoasterea-romului-de-langa-noi\/wp-content\/uploads\/2022\/10\/post-300x169.jpeg",300,169,true],"medium_large":["https:\/\/www.agentiaimpreuna.ro\/cunoasterea-romului-de-langa-noi\/wp-content\/uploads\/2022\/10\/post-768x432.jpeg",768,432,true],"large":["https:\/\/www.agentiaimpreuna.ro\/cunoasterea-romului-de-langa-noi\/wp-content\/uploads\/2022\/10\/post-1024x576.jpeg",1024,576,true],"1536x1536":["https:\/\/www.agentiaimpreuna.ro\/cunoasterea-romului-de-langa-noi\/wp-content\/uploads\/2022\/10\/post-1536x864.jpeg",1536,864,true],"2048x2048":["https:\/\/www.agentiaimpreuna.ro\/cunoasterea-romului-de-langa-noi\/wp-content\/uploads\/2022\/10\/post.jpeg",1600,900,false]},"post_excerpt_stackable":"<p>S\u0103pt\u0103m\u00e2na asta am dat startul caravanei \u201eCunoa\u0219terea (r)omului de l\u00e2ng\u0103 noi\u201d \u0219i \u00een universit\u0103\u021bile din Bucure\u0219ti! Am intrat la seminariile facult\u0103\u021bii de Sociologie \u0219i Asisten\u021b\u0103 Social\u0103, unde al\u0103turi de studen\u021bii din anul I am povestit despre buc\u0103\u021bi din istoria romilor, identitate, m\u0103suri afirmative \u0219i locuri rezervate pentru romi \u0219i am dezb\u0103tut despre cum fiecare dintre noi putem contribui \u00een a face din Rom\u00e2nia o \u021bar\u0103 \u00een care s\u0103 ne sim\u021bim, cu to\u021bii, acas\u0103. Am cunoscut tineri din comunit\u0103\u021bi LGBTQIA+, tineri cu aparten\u021be etnice sau religioase diverse, tineri la \u00eenceput de drum care ne-au dat lec\u021bii despre curaj, entuziasm \u0219i diversitate.&hellip;<\/p>\n","category_list":"<a href=\"https:\/\/www.agentiaimpreuna.ro\/cunoasterea-romului-de-langa-noi\/category\/negategorizat\/\" rel=\"category tag\">Necategorizat<\/a>","author_info":{"name":"Georgiana Ionita","url":"https:\/\/www.agentiaimpreuna.ro\/cunoasterea-romului-de-langa-noi\/author\/georgiana\/"},"comments_num":"0 comments","_links":{"self":[{"href":"https:\/\/www.agentiaimpreuna.ro\/cunoasterea-romului-de-langa-noi\/wp-json\/wp\/v2\/posts\/1426","targetHints":{"allow":["GET"]}}],"collection":[{"href":"https:\/\/www.agentiaimpreuna.ro\/cunoasterea-romului-de-langa-noi\/wp-json\/wp\/v2\/posts"}],"about":[{"href":"https:\/\/www.agentiaimpreuna.ro\/cunoasterea-romului-de-langa-noi\/wp-json\/wp\/v2\/types\/post"}],"author":[{"embeddable":true,"href":"https:\/\/www.agentiaimpreuna.ro\/cunoasterea-romului-de-langa-noi\/wp-json\/wp\/v2\/users\/2"}],"replies":[{"embeddable":true,"href":"https:\/\/www.agentiaimpreuna.ro\/cunoasterea-romului-de-langa-noi\/wp-json\/wp\/v2\/comments?post=1426"}],"version-history":[{"count":1,"href":"https:\/\/www.agentiaimpreuna.ro\/cunoasterea-romului-de-langa-noi\/wp-json\/wp\/v2\/posts\/1426\/revisions"}],"predecessor-version":[{"id":1427,"href":"https:\/\/www.agentiaimpreuna.ro\/cunoasterea-romului-de-langa-noi\/wp-json\/wp\/v2\/posts\/1426\/revisions\/1427"}],"wp:featuredmedia":[{"embeddable":true,"href":"https:\/\/www.agentiaimpreuna.ro\/cunoasterea-romului-de-langa-noi\/wp-json\/wp\/v2\/media\/1215"}],"wp:attachment":[{"href":"https:\/\/www.agentiaimpreuna.ro\/cunoasterea-romului-de-langa-noi\/wp-json\/wp\/v2\/media?parent=1426"}],"wp:term":[{"taxonomy":"category","embeddable":true,"href":"https:\/\/www.agentiaimpreuna.ro\/cunoasterea-romului-de-langa-noi\/wp-json\/wp\/v2\/categories?post=1426"},{"taxonomy":"post_tag","embeddable":true,"href":"https:\/\/www.agentiaimpreuna.ro\/cunoasterea-romului-de-langa-noi\/wp-json\/wp\/v2\/tags?post=1426"}],"curies":[{"name":"wp","href":"https:\/\/api.w.org\/{rel}","templated":true}]}}