{"id":1421,"date":"2023-03-16T07:33:35","date_gmt":"2023-03-16T07:33:35","guid":{"rendered":"https:\/\/www.agentiaimpreuna.ro\/cunoasterea-romului-de-langa-noi\/?p=1421"},"modified":"2023-04-24T07:37:43","modified_gmt":"2023-04-24T07:37:43","slug":"ambasadorii-incluziunii-2","status":"publish","type":"post","link":"https:\/\/www.agentiaimpreuna.ro\/cunoasterea-romului-de-langa-noi\/negategorizat\/ambasadorii-incluziunii-2\/","title":{"rendered":"Ambasadorii incluziunii"},"content":{"rendered":"\n<p>Ambasadorii incluziunii au \u00eenceput deja activit\u0103\u021bile \u00een \u0219colile lor, iar cadrele didactice care le-au fost al\u0103turi ne-au l\u0103sat c\u00e2teva r\u00e2nduri (\u0219i c\u00e2teva vederi <img loading=\"lazy\" decoding=\"async\" height=\"16\" width=\"16\" alt=\"\ud83d\udcf7\" src=\"https:\/\/static.xx.fbcdn.net\/images\/emoji.php\/v9\/tfc\/2\/16\/1f4f7.png\">) despre cum s-au desf\u0103\u0219urat orele \u00een care tinerii le-au luat locurile la catedr\u0103 \u0219i le-au predat celorlal\u021bi colegi lec\u021bii despre diversitate \u0219i echitate.<\/p>\n\n\n\n<p><img loading=\"lazy\" decoding=\"async\" height=\"16\" width=\"16\" alt=\"\ud83d\udc8c\" src=\"https:\/\/static.xx.fbcdn.net\/images\/emoji.php\/v9\/t96\/2\/16\/1f48c.png\"> \u0218tef\u0103nica a sus\u021binut activitatea \u00een fa\u021ba colegilor \u0219i, din punctul meu de vedere, a fost o activitate foarte reu\u0219it\u0103. Mi-a pl\u0103cut foarte mult felul \u00een care <a><\/a>eleva a intrat \u00een rolul profesorului, felul \u00een care a prezentat informa\u021biile. V\u0103 mul\u021bumim pentru oportunitate!\u201d (Boto\u0219ani)<\/p>\n\n\n\n<p><img loading=\"lazy\" decoding=\"async\" height=\"16\" width=\"16\" alt=\"\ud83d\udc8c\" src=\"https:\/\/static.xx.fbcdn.net\/images\/emoji.php\/v9\/t96\/2\/16\/1f48c.png\"> A fost o or\u0103 captivant\u0103 \u0219i original\u0103. A fost o modalitate prin care elevii s-au cunoscut \u00eentre ei \u0219i un mod de predare foarte interesant. Antonela a fost bine documentat\u0103 \u0219i bine organizat\u0103. Pe unii elevi i-a f\u0103cut s\u0103 pl\u00e2ng\u0103 datorit\u0103 jocului care a avut un impact emo\u021bional pozitiv. (Bac\u0103u)<\/p>\n\n\n\n<p><img loading=\"lazy\" decoding=\"async\" height=\"16\" width=\"16\" alt=\"\ud83d\udc8c\" src=\"https:\/\/static.xx.fbcdn.net\/images\/emoji.php\/v9\/t96\/2\/16\/1f48c.png\"> Activitatea desf\u0103\u0219urat\u0103 a fost un succes, elevul meu fiind entuziasmat \u0219i confortabil din postura de ambasador al incluziunii romilor, transmi\u021b\u00e2nd noile cuno\u0219tin\u021bele despre diversitate \u0219i incluziunea romilor cu mare drag colegilor lui de clas\u0103 care au fost deschi\u0219i \u0219i doritori de a afla c\u00e2t mai multe despre aceast\u0103 etnie. \u00cen clasa a VIII-a nu exist\u0103 nici un elev de etnie rom\u0103, dar elevii dovedesc respect, toleran\u021b\u0103, promoveaz\u0103 diversitatea intercultural\u0103 \u0219i etnic\u0103. (Arge\u0219)<\/p>\n\n\n\n<p><img loading=\"lazy\" decoding=\"async\" height=\"16\" width=\"16\" alt=\"\ud83d\udc8c\" src=\"https:\/\/static.xx.fbcdn.net\/images\/emoji.php\/v9\/t96\/2\/16\/1f48c.png\"> A fost interesat si antrenant. Elevii au fost incantati si s-au implicat, manifestand interes pentru tem\u0103. Vom repeta experien\u021ba \u0219i la alte clase, mai ales c\u0103 ne-a\u021bi pus la dispozi\u021bie materiale foarte utile \u0219i interesante. V\u0103 mul\u021bumim pentru oportunitate \u0219i sper\u0103m \u0219i la o colaborare viitoare. (Ia\u0219i)<\/p>\n\n\n\n<figure class=\"wp-block-image size-large\"><img loading=\"lazy\" decoding=\"async\" width=\"1024\" height=\"577\" src=\"https:\/\/www.agentiaimpreuna.ro\/cunoasterea-romului-de-langa-noi\/wp-content\/uploads\/2023\/04\/image-4-1024x577.png\" alt=\"\" class=\"wp-image-1422\" srcset=\"https:\/\/www.agentiaimpreuna.ro\/cunoasterea-romului-de-langa-noi\/wp-content\/uploads\/2023\/04\/image-4-1024x577.png 1024w, https:\/\/www.agentiaimpreuna.ro\/cunoasterea-romului-de-langa-noi\/wp-content\/uploads\/2023\/04\/image-4-300x169.png 300w, https:\/\/www.agentiaimpreuna.ro\/cunoasterea-romului-de-langa-noi\/wp-content\/uploads\/2023\/04\/image-4-768x433.png 768w, https:\/\/www.agentiaimpreuna.ro\/cunoasterea-romului-de-langa-noi\/wp-content\/uploads\/2023\/04\/image-4-1536x866.png 1536w, https:\/\/www.agentiaimpreuna.ro\/cunoasterea-romului-de-langa-noi\/wp-content\/uploads\/2023\/04\/image-4.png 2048w\" sizes=\"auto, (max-width: 1024px) 100vw, 1024px\" \/><\/figure>\n\n\n\n<figure class=\"wp-block-image size-large\"><img loading=\"lazy\" decoding=\"async\" width=\"1024\" height=\"768\" src=\"https:\/\/www.agentiaimpreuna.ro\/cunoasterea-romului-de-langa-noi\/wp-content\/uploads\/2023\/04\/image-5-1024x768.png\" alt=\"\" class=\"wp-image-1423\" srcset=\"https:\/\/www.agentiaimpreuna.ro\/cunoasterea-romului-de-langa-noi\/wp-content\/uploads\/2023\/04\/image-5-1024x768.png 1024w, https:\/\/www.agentiaimpreuna.ro\/cunoasterea-romului-de-langa-noi\/wp-content\/uploads\/2023\/04\/image-5-300x225.png 300w, https:\/\/www.agentiaimpreuna.ro\/cunoasterea-romului-de-langa-noi\/wp-content\/uploads\/2023\/04\/image-5-768x576.png 768w, https:\/\/www.agentiaimpreuna.ro\/cunoasterea-romului-de-langa-noi\/wp-content\/uploads\/2023\/04\/image-5-1536x1152.png 1536w, https:\/\/www.agentiaimpreuna.ro\/cunoasterea-romului-de-langa-noi\/wp-content\/uploads\/2023\/04\/image-5.png 2048w\" sizes=\"auto, (max-width: 1024px) 100vw, 1024px\" \/><\/figure>\n\n\n\n<figure class=\"wp-block-image size-large\"><img loading=\"lazy\" decoding=\"async\" width=\"1024\" height=\"768\" src=\"https:\/\/www.agentiaimpreuna.ro\/cunoasterea-romului-de-langa-noi\/wp-content\/uploads\/2023\/04\/image-6-1024x768.png\" alt=\"\" class=\"wp-image-1424\" srcset=\"https:\/\/www.agentiaimpreuna.ro\/cunoasterea-romului-de-langa-noi\/wp-content\/uploads\/2023\/04\/image-6-1024x768.png 1024w, https:\/\/www.agentiaimpreuna.ro\/cunoasterea-romului-de-langa-noi\/wp-content\/uploads\/2023\/04\/image-6-300x225.png 300w, https:\/\/www.agentiaimpreuna.ro\/cunoasterea-romului-de-langa-noi\/wp-content\/uploads\/2023\/04\/image-6-768x576.png 768w, https:\/\/www.agentiaimpreuna.ro\/cunoasterea-romului-de-langa-noi\/wp-content\/uploads\/2023\/04\/image-6-1536x1152.png 1536w, https:\/\/www.agentiaimpreuna.ro\/cunoasterea-romului-de-langa-noi\/wp-content\/uploads\/2023\/04\/image-6.png 2048w\" sizes=\"auto, (max-width: 1024px) 100vw, 1024px\" \/><\/figure>\n","protected":false},"excerpt":{"rendered":"<p>Ambasadorii incluziunii au \u00eenceput deja activit\u0103\u021bile \u00een \u0219colile lor, iar cadrele didactice care le-au fost al\u0103turi ne-au l\u0103sat c\u00e2teva r\u00e2nduri (\u0219i c\u00e2teva vederi ) despre cum s-au desf\u0103\u0219urat orele \u00een care tinerii le-au luat locurile la catedr\u0103 \u0219i le-au predat celorlal\u021bi colegi lec\u021bii despre diversitate \u0219i echitate. \u0218tef\u0103nica a sus\u021binut activitatea \u00een fa\u021ba colegilor \u0219i, [&hellip;]<\/p>\n","protected":false},"author":2,"featured_media":1423,"comment_status":"open","ping_status":"open","sticky":false,"template":"","format":"standard","meta":{"footnotes":""},"categories":[1],"tags":[],"class_list":["post-1421","post","type-post","status-publish","format-standard","has-post-thumbnail","hentry","category-negategorizat"],"blocksy_meta":{"styles_descriptor":{"styles":{"desktop":"","tablet":"","mobile":""},"google_fonts":[],"version":6}},"featured_image_urls":{"full":["https:\/\/www.agentiaimpreuna.ro\/cunoasterea-romului-de-langa-noi\/wp-content\/uploads\/2023\/04\/image-5.png",2048,1536,false],"thumbnail":["https:\/\/www.agentiaimpreuna.ro\/cunoasterea-romului-de-langa-noi\/wp-content\/uploads\/2023\/04\/image-5-150x150.png",150,150,true],"medium":["https:\/\/www.agentiaimpreuna.ro\/cunoasterea-romului-de-langa-noi\/wp-content\/uploads\/2023\/04\/image-5-300x225.png",300,225,true],"medium_large":["https:\/\/www.agentiaimpreuna.ro\/cunoasterea-romului-de-langa-noi\/wp-content\/uploads\/2023\/04\/image-5-768x576.png",768,576,true],"large":["https:\/\/www.agentiaimpreuna.ro\/cunoasterea-romului-de-langa-noi\/wp-content\/uploads\/2023\/04\/image-5-1024x768.png",1024,768,true],"1536x1536":["https:\/\/www.agentiaimpreuna.ro\/cunoasterea-romului-de-langa-noi\/wp-content\/uploads\/2023\/04\/image-5-1536x1152.png",1536,1152,true],"2048x2048":["https:\/\/www.agentiaimpreuna.ro\/cunoasterea-romului-de-langa-noi\/wp-content\/uploads\/2023\/04\/image-5.png",2048,1536,false]},"post_excerpt_stackable":"<p>Ambasadorii incluziunii au \u00eenceput deja activit\u0103\u021bile \u00een \u0219colile lor, iar cadrele didactice care le-au fost al\u0103turi ne-au l\u0103sat c\u00e2teva r\u00e2nduri (\u0219i c\u00e2teva vederi ) despre cum s-au desf\u0103\u0219urat orele \u00een care tinerii le-au luat locurile la catedr\u0103 \u0219i le-au predat celorlal\u021bi colegi lec\u021bii despre diversitate \u0219i echitate. \u0218tef\u0103nica a sus\u021binut activitatea \u00een fa\u021ba colegilor \u0219i, din punctul meu de vedere, a fost o activitate foarte reu\u0219it\u0103. Mi-a pl\u0103cut foarte mult felul \u00een care eleva a intrat \u00een rolul profesorului, felul \u00een care a prezentat informa\u021biile. V\u0103 mul\u021bumim pentru oportunitate!\u201d (Boto\u0219ani) A fost o or\u0103 captivant\u0103 \u0219i original\u0103. A fost o&hellip;<\/p>\n","category_list":"<a href=\"https:\/\/www.agentiaimpreuna.ro\/cunoasterea-romului-de-langa-noi\/category\/negategorizat\/\" rel=\"category tag\">Necategorizat<\/a>","author_info":{"name":"Georgiana Ionita","url":"https:\/\/www.agentiaimpreuna.ro\/cunoasterea-romului-de-langa-noi\/author\/georgiana\/"},"comments_num":"0 comments","_links":{"self":[{"href":"https:\/\/www.agentiaimpreuna.ro\/cunoasterea-romului-de-langa-noi\/wp-json\/wp\/v2\/posts\/1421","targetHints":{"allow":["GET"]}}],"collection":[{"href":"https:\/\/www.agentiaimpreuna.ro\/cunoasterea-romului-de-langa-noi\/wp-json\/wp\/v2\/posts"}],"about":[{"href":"https:\/\/www.agentiaimpreuna.ro\/cunoasterea-romului-de-langa-noi\/wp-json\/wp\/v2\/types\/post"}],"author":[{"embeddable":true,"href":"https:\/\/www.agentiaimpreuna.ro\/cunoasterea-romului-de-langa-noi\/wp-json\/wp\/v2\/users\/2"}],"replies":[{"embeddable":true,"href":"https:\/\/www.agentiaimpreuna.ro\/cunoasterea-romului-de-langa-noi\/wp-json\/wp\/v2\/comments?post=1421"}],"version-history":[{"count":1,"href":"https:\/\/www.agentiaimpreuna.ro\/cunoasterea-romului-de-langa-noi\/wp-json\/wp\/v2\/posts\/1421\/revisions"}],"predecessor-version":[{"id":1425,"href":"https:\/\/www.agentiaimpreuna.ro\/cunoasterea-romului-de-langa-noi\/wp-json\/wp\/v2\/posts\/1421\/revisions\/1425"}],"wp:featuredmedia":[{"embeddable":true,"href":"https:\/\/www.agentiaimpreuna.ro\/cunoasterea-romului-de-langa-noi\/wp-json\/wp\/v2\/media\/1423"}],"wp:attachment":[{"href":"https:\/\/www.agentiaimpreuna.ro\/cunoasterea-romului-de-langa-noi\/wp-json\/wp\/v2\/media?parent=1421"}],"wp:term":[{"taxonomy":"category","embeddable":true,"href":"https:\/\/www.agentiaimpreuna.ro\/cunoasterea-romului-de-langa-noi\/wp-json\/wp\/v2\/categories?post=1421"},{"taxonomy":"post_tag","embeddable":true,"href":"https:\/\/www.agentiaimpreuna.ro\/cunoasterea-romului-de-langa-noi\/wp-json\/wp\/v2\/tags?post=1421"}],"curies":[{"name":"wp","href":"https:\/\/api.w.org\/{rel}","templated":true}]}}