{"id":1411,"date":"2023-02-22T12:01:53","date_gmt":"2023-02-22T12:01:53","guid":{"rendered":"https:\/\/www.agentiaimpreuna.ro\/cunoasterea-romului-de-langa-noi\/?p=1411"},"modified":"2023-02-22T12:02:55","modified_gmt":"2023-02-22T12:02:55","slug":"atelier-echipa-cadrelor-didactice-cool-2","status":"publish","type":"post","link":"https:\/\/www.agentiaimpreuna.ro\/cunoasterea-romului-de-langa-noi\/negategorizat\/atelier-echipa-cadrelor-didactice-cool-2\/","title":{"rendered":"atelier: Echipa cadrelor didactice cool"},"content":{"rendered":"\n<p><img loading=\"lazy\" decoding=\"async\" height=\"16\" width=\"16\" alt=\"\u23f0\" src=\"https:\/\/static.xx.fbcdn.net\/images\/emoji.php\/v9\/tb5\/2\/16\/23f0.png\"> Bun\u0103 ziua\u2026 ast\u0103zi de la atelierele cu profesorii no\u0219tri cool!<\/p>\n\n\n\n<p><img loading=\"lazy\" decoding=\"async\" height=\"16\" width=\"16\" alt=\"\ud83d\udcac\" src=\"https:\/\/static.xx.fbcdn.net\/images\/emoji.php\/v9\/td\/2\/16\/1f4ac.png\"> Ne-am \u00eent\u00e2lnit cu alte aproape 20 de cadre didactice, care \u00ee\u0219i doresc s\u0103 fac\u0103 din (cel pu\u021bin) unul dintre elevii lor un ambasador al incluziunii. \u201eS\u0103 le oferim o fereastr\u0103 prin care s\u0103 vad\u0103 lumea, \u00een toat\u0103 complexitatea ei\u201d, ne-a spus una dintre profesoarele prezente la atelier, c\u0103 ar fi a\u0219teptarea ei legat\u0103 de activitate.<\/p>\n\n\n\n<p>Tot s\u0103pt\u0103m\u00e2na asta am \u00eenceput \u0219i atelierele cu tinerii care se preg\u0103tesc s\u0103 devin\u0103 <a><\/a>ambasadori ai incluziunii la ei \u00een \u0219coal\u0103.<\/p>\n\n\n\n<p><img loading=\"lazy\" decoding=\"async\" height=\"16\" width=\"16\" src=\"https:\/\/static.xx.fbcdn.net\/images\/emoji.php\/v9\/t6b\/2\/16\/1f4dd.png\" alt=\"\ud83d\udcdd\"> Ne-am adunat online, cu tineri vii, care ne bucur\u0103 de fiecare dat\u0103 cu lucrurile pe care le au de spus \u0219i valorile \u00een care cred. Dup\u0103 aceast\u0103 formare, e r\u00e2ndul lor s\u0103 dea mai departe \u0219i colegilor lucrurile pe care le-au \u00eenv\u0103\u021bat \u0219i s\u0103 \u00eenceap\u0103 s\u0103 pun\u0103 bazele unui atelier la ei la clas\u0103. Lec\u021bia pe care o vor preda? Acceptarea diversit\u0103\u021bii \u0219i schimbarea prejudec\u0103\u021bilor.<\/p>\n\n\n\n<figure class=\"wp-block-image size-full\"><img loading=\"lazy\" decoding=\"async\" width=\"940\" height=\"788\" src=\"https:\/\/www.agentiaimpreuna.ro\/cunoasterea-romului-de-langa-noi\/wp-content\/uploads\/2023\/01\/image-4.png\" alt=\"\" class=\"wp-image-1234\" srcset=\"https:\/\/www.agentiaimpreuna.ro\/cunoasterea-romului-de-langa-noi\/wp-content\/uploads\/2023\/01\/image-4.png 940w, https:\/\/www.agentiaimpreuna.ro\/cunoasterea-romului-de-langa-noi\/wp-content\/uploads\/2023\/01\/image-4-300x251.png 300w, https:\/\/www.agentiaimpreuna.ro\/cunoasterea-romului-de-langa-noi\/wp-content\/uploads\/2023\/01\/image-4-768x644.png 768w\" sizes=\"auto, (max-width: 940px) 100vw, 940px\" \/><\/figure>\n","protected":false},"excerpt":{"rendered":"<p>Bun\u0103 ziua\u2026 ast\u0103zi de la atelierele cu profesorii no\u0219tri cool! Ne-am \u00eent\u00e2lnit cu alte aproape 20 de cadre didactice, care \u00ee\u0219i doresc s\u0103 fac\u0103 din (cel pu\u021bin) unul dintre elevii lor un ambasador al incluziunii. \u201eS\u0103 le oferim o fereastr\u0103 prin care s\u0103 vad\u0103 lumea, \u00een toat\u0103 complexitatea ei\u201d, ne-a spus una dintre profesoarele prezente [&hellip;]<\/p>\n","protected":false},"author":2,"featured_media":1391,"comment_status":"open","ping_status":"open","sticky":false,"template":"","format":"standard","meta":{"footnotes":""},"categories":[1],"tags":[],"class_list":["post-1411","post","type-post","status-publish","format-standard","has-post-thumbnail","hentry","category-negategorizat"],"blocksy_meta":{"styles_descriptor":{"styles":{"desktop":"","tablet":"","mobile":""},"google_fonts":[],"version":6}},"featured_image_urls":{"full":["https:\/\/www.agentiaimpreuna.ro\/cunoasterea-romului-de-langa-noi\/wp-content\/uploads\/2023\/02\/image.png",940,788,false],"thumbnail":["https:\/\/www.agentiaimpreuna.ro\/cunoasterea-romului-de-langa-noi\/wp-content\/uploads\/2023\/02\/image-150x150.png",150,150,true],"medium":["https:\/\/www.agentiaimpreuna.ro\/cunoasterea-romului-de-langa-noi\/wp-content\/uploads\/2023\/02\/image-300x251.png",300,251,true],"medium_large":["https:\/\/www.agentiaimpreuna.ro\/cunoasterea-romului-de-langa-noi\/wp-content\/uploads\/2023\/02\/image-768x644.png",768,644,true],"large":["https:\/\/www.agentiaimpreuna.ro\/cunoasterea-romului-de-langa-noi\/wp-content\/uploads\/2023\/02\/image.png",940,788,false],"1536x1536":["https:\/\/www.agentiaimpreuna.ro\/cunoasterea-romului-de-langa-noi\/wp-content\/uploads\/2023\/02\/image.png",940,788,false],"2048x2048":["https:\/\/www.agentiaimpreuna.ro\/cunoasterea-romului-de-langa-noi\/wp-content\/uploads\/2023\/02\/image.png",940,788,false]},"post_excerpt_stackable":"<p>Bun\u0103 ziua\u2026 ast\u0103zi de la atelierele cu profesorii no\u0219tri cool! Ne-am \u00eent\u00e2lnit cu alte aproape 20 de cadre didactice, care \u00ee\u0219i doresc s\u0103 fac\u0103 din (cel pu\u021bin) unul dintre elevii lor un ambasador al incluziunii. \u201eS\u0103 le oferim o fereastr\u0103 prin care s\u0103 vad\u0103 lumea, \u00een toat\u0103 complexitatea ei\u201d, ne-a spus una dintre profesoarele prezente la atelier, c\u0103 ar fi a\u0219teptarea ei legat\u0103 de activitate. Tot s\u0103pt\u0103m\u00e2na asta am \u00eenceput \u0219i atelierele cu tinerii care se preg\u0103tesc s\u0103 devin\u0103 ambasadori ai incluziunii la ei \u00een \u0219coal\u0103. Ne-am adunat online, cu tineri vii, care ne bucur\u0103 de fiecare dat\u0103 cu lucrurile&hellip;<\/p>\n","category_list":"<a href=\"https:\/\/www.agentiaimpreuna.ro\/cunoasterea-romului-de-langa-noi\/category\/negategorizat\/\" rel=\"category tag\">Necategorizat<\/a>","author_info":{"name":"Georgiana Ionita","url":"https:\/\/www.agentiaimpreuna.ro\/cunoasterea-romului-de-langa-noi\/author\/georgiana\/"},"comments_num":"0 comments","_links":{"self":[{"href":"https:\/\/www.agentiaimpreuna.ro\/cunoasterea-romului-de-langa-noi\/wp-json\/wp\/v2\/posts\/1411","targetHints":{"allow":["GET"]}}],"collection":[{"href":"https:\/\/www.agentiaimpreuna.ro\/cunoasterea-romului-de-langa-noi\/wp-json\/wp\/v2\/posts"}],"about":[{"href":"https:\/\/www.agentiaimpreuna.ro\/cunoasterea-romului-de-langa-noi\/wp-json\/wp\/v2\/types\/post"}],"author":[{"embeddable":true,"href":"https:\/\/www.agentiaimpreuna.ro\/cunoasterea-romului-de-langa-noi\/wp-json\/wp\/v2\/users\/2"}],"replies":[{"embeddable":true,"href":"https:\/\/www.agentiaimpreuna.ro\/cunoasterea-romului-de-langa-noi\/wp-json\/wp\/v2\/comments?post=1411"}],"version-history":[{"count":1,"href":"https:\/\/www.agentiaimpreuna.ro\/cunoasterea-romului-de-langa-noi\/wp-json\/wp\/v2\/posts\/1411\/revisions"}],"predecessor-version":[{"id":1412,"href":"https:\/\/www.agentiaimpreuna.ro\/cunoasterea-romului-de-langa-noi\/wp-json\/wp\/v2\/posts\/1411\/revisions\/1412"}],"wp:featuredmedia":[{"embeddable":true,"href":"https:\/\/www.agentiaimpreuna.ro\/cunoasterea-romului-de-langa-noi\/wp-json\/wp\/v2\/media\/1391"}],"wp:attachment":[{"href":"https:\/\/www.agentiaimpreuna.ro\/cunoasterea-romului-de-langa-noi\/wp-json\/wp\/v2\/media?parent=1411"}],"wp:term":[{"taxonomy":"category","embeddable":true,"href":"https:\/\/www.agentiaimpreuna.ro\/cunoasterea-romului-de-langa-noi\/wp-json\/wp\/v2\/categories?post=1411"},{"taxonomy":"post_tag","embeddable":true,"href":"https:\/\/www.agentiaimpreuna.ro\/cunoasterea-romului-de-langa-noi\/wp-json\/wp\/v2\/tags?post=1411"}],"curies":[{"name":"wp","href":"https:\/\/api.w.org\/{rel}","templated":true}]}}