{"id":1406,"date":"2023-02-17T11:56:38","date_gmt":"2023-02-17T11:56:38","guid":{"rendered":"https:\/\/www.agentiaimpreuna.ro\/cunoasterea-romului-de-langa-noi\/?p=1406"},"modified":"2023-02-22T11:59:04","modified_gmt":"2023-02-22T11:59:04","slug":"ambasadori-incluziunii-la-braila-si-giurgiu","status":"publish","type":"post","link":"https:\/\/www.agentiaimpreuna.ro\/cunoasterea-romului-de-langa-noi\/negategorizat\/ambasadori-incluziunii-la-braila-si-giurgiu\/","title":{"rendered":"Ambasadori incluziunii la&#8230; Br\u0103ila \u0219i Giurgiu"},"content":{"rendered":"\n<p>Atelierele cu viitorii ambasadori ai inlcuziunii&#8230; \u00een imagini <img loading=\"lazy\" decoding=\"async\" height=\"16\" width=\"16\" alt=\"\ud83d\udcf8\" src=\"https:\/\/static.xx.fbcdn.net\/images\/emoji.php\/v9\/t7d\/2\/16\/1f4f8.png\">.<\/p>\n\n\n\n<p><img loading=\"lazy\" decoding=\"async\" height=\"16\" width=\"16\" alt=\"\ud83d\udccc\" src=\"https:\/\/static.xx.fbcdn.net\/images\/emoji.php\/v9\/t4b\/2\/16\/1f4cc.png\"> Ieri ne-am oprit \u00een \u0219colile din Br\u0103ila \u0219i Gala\u021bi, unde ne-am adunat cu tinerii \u0219i am povestit despre stereotipuri \u0219i prejudec\u0103\u021bi, am f\u0103cut pauze de exerci\u021bii \u0219i jocuri, ne-am \u00eemp\u0103rt\u0103\u0219it ce visuri avem \u0219i ce ne-ar pl\u0103cea s\u0103 devenim c\u00e2nd vom fi mari, am notat c\u00e2\u021biva pa\u0219ii mici pentru a-i cunoa\u0219te pe cei diferi\u021bi de noi \u0219i a le da spa\u021biu s\u0103 fie a\u0219a cum sunt, iar la final am m\u00e2ncat pizza \u00eempreun\u0103. Acum, am <a><\/a>predat \u0219tafeta tinerilor, care vor organiza propriile ateliere \u00een care vor da mai departe colegilor ce au \u00eenv\u0103\u021bat.<\/p>\n\n\n\n<p><img loading=\"lazy\" decoding=\"async\" height=\"16\" width=\"16\" src=\"https:\/\/static.xx.fbcdn.net\/images\/emoji.php\/v9\/tee\/2\/16\/2600.png\" alt=\"\u2600\ufe0f\"> A fost o zi care ne-a ajutat s\u0103 ne lu\u0103m energie pentru urm\u0103toarea perioad\u0103, \u00een care vom continua s\u0103 fim pe teren (\u0219i \u00een online) \u0219i ne vom \u00eent\u00e2lni cu tinerii care vor s\u0103 devin\u0103 voci active ale diversit\u0103\u021bii \u0219i incluziunii.<\/p>\n\n\n\n<figure class=\"wp-block-image size-large\"><img loading=\"lazy\" decoding=\"async\" width=\"1024\" height=\"768\" src=\"https:\/\/www.agentiaimpreuna.ro\/cunoasterea-romului-de-langa-noi\/wp-content\/uploads\/2023\/02\/image-5-1024x768.png\" alt=\"\" class=\"wp-image-1407\" srcset=\"https:\/\/www.agentiaimpreuna.ro\/cunoasterea-romului-de-langa-noi\/wp-content\/uploads\/2023\/02\/image-5-1024x768.png 1024w, https:\/\/www.agentiaimpreuna.ro\/cunoasterea-romului-de-langa-noi\/wp-content\/uploads\/2023\/02\/image-5-300x225.png 300w, https:\/\/www.agentiaimpreuna.ro\/cunoasterea-romului-de-langa-noi\/wp-content\/uploads\/2023\/02\/image-5-768x576.png 768w, https:\/\/www.agentiaimpreuna.ro\/cunoasterea-romului-de-langa-noi\/wp-content\/uploads\/2023\/02\/image-5-1536x1152.png 1536w, https:\/\/www.agentiaimpreuna.ro\/cunoasterea-romului-de-langa-noi\/wp-content\/uploads\/2023\/02\/image-5.png 2048w\" sizes=\"auto, (max-width: 1024px) 100vw, 1024px\" \/><\/figure>\n\n\n\n<figure class=\"wp-block-image size-large\"><img loading=\"lazy\" decoding=\"async\" width=\"1024\" height=\"768\" src=\"https:\/\/www.agentiaimpreuna.ro\/cunoasterea-romului-de-langa-noi\/wp-content\/uploads\/2023\/02\/image-6-1024x768.png\" alt=\"\" class=\"wp-image-1408\" srcset=\"https:\/\/www.agentiaimpreuna.ro\/cunoasterea-romului-de-langa-noi\/wp-content\/uploads\/2023\/02\/image-6-1024x768.png 1024w, https:\/\/www.agentiaimpreuna.ro\/cunoasterea-romului-de-langa-noi\/wp-content\/uploads\/2023\/02\/image-6-300x225.png 300w, https:\/\/www.agentiaimpreuna.ro\/cunoasterea-romului-de-langa-noi\/wp-content\/uploads\/2023\/02\/image-6-768x576.png 768w, https:\/\/www.agentiaimpreuna.ro\/cunoasterea-romului-de-langa-noi\/wp-content\/uploads\/2023\/02\/image-6-1536x1152.png 1536w, https:\/\/www.agentiaimpreuna.ro\/cunoasterea-romului-de-langa-noi\/wp-content\/uploads\/2023\/02\/image-6.png 2048w\" sizes=\"auto, (max-width: 1024px) 100vw, 1024px\" \/><\/figure>\n\n\n\n<figure class=\"wp-block-image size-large\"><img loading=\"lazy\" decoding=\"async\" width=\"1024\" height=\"768\" src=\"https:\/\/www.agentiaimpreuna.ro\/cunoasterea-romului-de-langa-noi\/wp-content\/uploads\/2023\/02\/image-7-1024x768.png\" alt=\"\" class=\"wp-image-1409\" srcset=\"https:\/\/www.agentiaimpreuna.ro\/cunoasterea-romului-de-langa-noi\/wp-content\/uploads\/2023\/02\/image-7-1024x768.png 1024w, https:\/\/www.agentiaimpreuna.ro\/cunoasterea-romului-de-langa-noi\/wp-content\/uploads\/2023\/02\/image-7-300x225.png 300w, https:\/\/www.agentiaimpreuna.ro\/cunoasterea-romului-de-langa-noi\/wp-content\/uploads\/2023\/02\/image-7-768x576.png 768w, https:\/\/www.agentiaimpreuna.ro\/cunoasterea-romului-de-langa-noi\/wp-content\/uploads\/2023\/02\/image-7-1536x1152.png 1536w, https:\/\/www.agentiaimpreuna.ro\/cunoasterea-romului-de-langa-noi\/wp-content\/uploads\/2023\/02\/image-7.png 2048w\" sizes=\"auto, (max-width: 1024px) 100vw, 1024px\" \/><\/figure>\n","protected":false},"excerpt":{"rendered":"<p>Atelierele cu viitorii ambasadori ai inlcuziunii&#8230; \u00een imagini . Ieri ne-am oprit \u00een \u0219colile din Br\u0103ila \u0219i Gala\u021bi, unde ne-am adunat cu tinerii \u0219i am povestit despre stereotipuri \u0219i prejudec\u0103\u021bi, am f\u0103cut pauze de exerci\u021bii \u0219i jocuri, ne-am \u00eemp\u0103rt\u0103\u0219it ce visuri avem \u0219i ce ne-ar pl\u0103cea s\u0103 devenim c\u00e2nd vom fi mari, am notat c\u00e2\u021biva [&hellip;]<\/p>\n","protected":false},"author":2,"featured_media":1409,"comment_status":"open","ping_status":"open","sticky":false,"template":"","format":"standard","meta":{"footnotes":""},"categories":[1],"tags":[],"class_list":["post-1406","post","type-post","status-publish","format-standard","has-post-thumbnail","hentry","category-negategorizat"],"blocksy_meta":{"styles_descriptor":{"styles":{"desktop":"","tablet":"","mobile":""},"google_fonts":[],"version":6}},"featured_image_urls":{"full":["https:\/\/www.agentiaimpreuna.ro\/cunoasterea-romului-de-langa-noi\/wp-content\/uploads\/2023\/02\/image-7.png",2048,1536,false],"thumbnail":["https:\/\/www.agentiaimpreuna.ro\/cunoasterea-romului-de-langa-noi\/wp-content\/uploads\/2023\/02\/image-7-150x150.png",150,150,true],"medium":["https:\/\/www.agentiaimpreuna.ro\/cunoasterea-romului-de-langa-noi\/wp-content\/uploads\/2023\/02\/image-7-300x225.png",300,225,true],"medium_large":["https:\/\/www.agentiaimpreuna.ro\/cunoasterea-romului-de-langa-noi\/wp-content\/uploads\/2023\/02\/image-7-768x576.png",768,576,true],"large":["https:\/\/www.agentiaimpreuna.ro\/cunoasterea-romului-de-langa-noi\/wp-content\/uploads\/2023\/02\/image-7-1024x768.png",1024,768,true],"1536x1536":["https:\/\/www.agentiaimpreuna.ro\/cunoasterea-romului-de-langa-noi\/wp-content\/uploads\/2023\/02\/image-7-1536x1152.png",1536,1152,true],"2048x2048":["https:\/\/www.agentiaimpreuna.ro\/cunoasterea-romului-de-langa-noi\/wp-content\/uploads\/2023\/02\/image-7.png",2048,1536,false]},"post_excerpt_stackable":"<p>Atelierele cu viitorii ambasadori ai inlcuziunii&#8230; \u00een imagini . Ieri ne-am oprit \u00een \u0219colile din Br\u0103ila \u0219i Gala\u021bi, unde ne-am adunat cu tinerii \u0219i am povestit despre stereotipuri \u0219i prejudec\u0103\u021bi, am f\u0103cut pauze de exerci\u021bii \u0219i jocuri, ne-am \u00eemp\u0103rt\u0103\u0219it ce visuri avem \u0219i ce ne-ar pl\u0103cea s\u0103 devenim c\u00e2nd vom fi mari, am notat c\u00e2\u021biva pa\u0219ii mici pentru a-i cunoa\u0219te pe cei diferi\u021bi de noi \u0219i a le da spa\u021biu s\u0103 fie a\u0219a cum sunt, iar la final am m\u00e2ncat pizza \u00eempreun\u0103. Acum, am predat \u0219tafeta tinerilor, care vor organiza propriile ateliere \u00een care vor da mai departe colegilor ce&hellip;<\/p>\n","category_list":"<a href=\"https:\/\/www.agentiaimpreuna.ro\/cunoasterea-romului-de-langa-noi\/category\/negategorizat\/\" rel=\"category tag\">Necategorizat<\/a>","author_info":{"name":"Georgiana Ionita","url":"https:\/\/www.agentiaimpreuna.ro\/cunoasterea-romului-de-langa-noi\/author\/georgiana\/"},"comments_num":"0 comments","_links":{"self":[{"href":"https:\/\/www.agentiaimpreuna.ro\/cunoasterea-romului-de-langa-noi\/wp-json\/wp\/v2\/posts\/1406","targetHints":{"allow":["GET"]}}],"collection":[{"href":"https:\/\/www.agentiaimpreuna.ro\/cunoasterea-romului-de-langa-noi\/wp-json\/wp\/v2\/posts"}],"about":[{"href":"https:\/\/www.agentiaimpreuna.ro\/cunoasterea-romului-de-langa-noi\/wp-json\/wp\/v2\/types\/post"}],"author":[{"embeddable":true,"href":"https:\/\/www.agentiaimpreuna.ro\/cunoasterea-romului-de-langa-noi\/wp-json\/wp\/v2\/users\/2"}],"replies":[{"embeddable":true,"href":"https:\/\/www.agentiaimpreuna.ro\/cunoasterea-romului-de-langa-noi\/wp-json\/wp\/v2\/comments?post=1406"}],"version-history":[{"count":1,"href":"https:\/\/www.agentiaimpreuna.ro\/cunoasterea-romului-de-langa-noi\/wp-json\/wp\/v2\/posts\/1406\/revisions"}],"predecessor-version":[{"id":1410,"href":"https:\/\/www.agentiaimpreuna.ro\/cunoasterea-romului-de-langa-noi\/wp-json\/wp\/v2\/posts\/1406\/revisions\/1410"}],"wp:featuredmedia":[{"embeddable":true,"href":"https:\/\/www.agentiaimpreuna.ro\/cunoasterea-romului-de-langa-noi\/wp-json\/wp\/v2\/media\/1409"}],"wp:attachment":[{"href":"https:\/\/www.agentiaimpreuna.ro\/cunoasterea-romului-de-langa-noi\/wp-json\/wp\/v2\/media?parent=1406"}],"wp:term":[{"taxonomy":"category","embeddable":true,"href":"https:\/\/www.agentiaimpreuna.ro\/cunoasterea-romului-de-langa-noi\/wp-json\/wp\/v2\/categories?post=1406"},{"taxonomy":"post_tag","embeddable":true,"href":"https:\/\/www.agentiaimpreuna.ro\/cunoasterea-romului-de-langa-noi\/wp-json\/wp\/v2\/tags?post=1406"}],"curies":[{"name":"wp","href":"https:\/\/api.w.org\/{rel}","templated":true}]}}