{"id":987,"date":"2022-06-24T10:11:38","date_gmt":"2022-06-24T10:11:38","guid":{"rendered":"https:\/\/www.agentiaimpreuna.ro\/capacitarea-romilor\/?p=987"},"modified":"2022-06-24T10:49:59","modified_gmt":"2022-06-24T10:49:59","slug":"al-treilea-ong-infiintat-in-judetul-braila-2","status":"publish","type":"post","link":"https:\/\/www.agentiaimpreuna.ro\/capacitarea-romilor\/2022\/06\/24\/al-treilea-ong-infiintat-in-judetul-braila-2\/","title":{"rendered":"Eveniment derulat de Asocia\u021bia de Dezvoltare Comunitar\u0103 \u201eUnirea-Valea C\u00e2nepii\u201d"},"content":{"rendered":"\n<p>Pe 22 iunie a avut loc primul eveniment derulat de Asocia\u021bia de Dezvoltare Comunitar\u0103 \u201eUnirea-Valea C\u00e2nepii\u201d, organiza\u021bie \u00eenfiin\u021bat\u0103 \u00een cadrul acestui proiect, a c\u0103rui misiune este de a ac\u021biona \u00een folosul comunit\u0103\u021bilor de romi.<\/p>\n\n\n\n<p>Astfel, peste 20 de copii au participat la prima activitate extra\u0219colar\u0103 organizat\u0103 \u00een parteneriat cu prim\u0103ria Unirea: un meci de fotbal, pentru care fiecare echip\u0103 a primit echipament sportiv. La acest eveniment au participat \u0219i p\u0103rin\u021bii elevilor, care au primit o serie de informa\u021bii despre activit\u0103\u021bile derulate \u00een cadrul acestui proiect, dar \u0219i informa\u021bii cu privire la respectarea drepturilor omului, discriminare \u0219i importan\u021ba educa\u021biei \u00een via\u021ba tinerilor.<\/p>\n\n\n\n<figure class=\"wp-block-gallery has-nested-images columns-default is-cropped wp-block-gallery-1 is-layout-flex wp-block-gallery-is-layout-flex\">\n<figure class=\"wp-block-image size-large\"><img loading=\"lazy\" decoding=\"async\" width=\"1024\" height=\"461\" data-id=\"988\" src=\"https:\/\/www.agentiaimpreuna.ro\/capacitarea-romilor\/wp-content\/uploads\/2022\/06\/c1-2-1024x461.jpeg\" alt=\"\" class=\"wp-image-988\" srcset=\"https:\/\/www.agentiaimpreuna.ro\/capacitarea-romilor\/wp-content\/uploads\/2022\/06\/c1-2-1024x461.jpeg 1024w, https:\/\/www.agentiaimpreuna.ro\/capacitarea-romilor\/wp-content\/uploads\/2022\/06\/c1-2-300x135.jpeg 300w, https:\/\/www.agentiaimpreuna.ro\/capacitarea-romilor\/wp-content\/uploads\/2022\/06\/c1-2-768x346.jpeg 768w, https:\/\/www.agentiaimpreuna.ro\/capacitarea-romilor\/wp-content\/uploads\/2022\/06\/c1-2-1536x692.jpeg 1536w, https:\/\/www.agentiaimpreuna.ro\/capacitarea-romilor\/wp-content\/uploads\/2022\/06\/c1-2-18x8.jpeg 18w, https:\/\/www.agentiaimpreuna.ro\/capacitarea-romilor\/wp-content\/uploads\/2022\/06\/c1-2.jpeg 2048w\" sizes=\"auto, (max-width: 1024px) 100vw, 1024px\" \/><\/figure>\n\n\n\n<figure class=\"wp-block-image size-large\"><img loading=\"lazy\" decoding=\"async\" width=\"1024\" height=\"461\" data-id=\"993\" src=\"https:\/\/www.agentiaimpreuna.ro\/capacitarea-romilor\/wp-content\/uploads\/2022\/06\/c2-2-1024x461.jpeg\" alt=\"\" class=\"wp-image-993\" srcset=\"https:\/\/www.agentiaimpreuna.ro\/capacitarea-romilor\/wp-content\/uploads\/2022\/06\/c2-2-1024x461.jpeg 1024w, https:\/\/www.agentiaimpreuna.ro\/capacitarea-romilor\/wp-content\/uploads\/2022\/06\/c2-2-300x135.jpeg 300w, https:\/\/www.agentiaimpreuna.ro\/capacitarea-romilor\/wp-content\/uploads\/2022\/06\/c2-2-768x346.jpeg 768w, https:\/\/www.agentiaimpreuna.ro\/capacitarea-romilor\/wp-content\/uploads\/2022\/06\/c2-2-1536x692.jpeg 1536w, https:\/\/www.agentiaimpreuna.ro\/capacitarea-romilor\/wp-content\/uploads\/2022\/06\/c2-2-18x8.jpeg 18w, https:\/\/www.agentiaimpreuna.ro\/capacitarea-romilor\/wp-content\/uploads\/2022\/06\/c2-2.jpeg 2048w\" sizes=\"auto, (max-width: 1024px) 100vw, 1024px\" \/><\/figure>\n\n\n\n<figure class=\"wp-block-image size-large\"><img loading=\"lazy\" decoding=\"async\" width=\"1024\" height=\"461\" data-id=\"990\" src=\"https:\/\/www.agentiaimpreuna.ro\/capacitarea-romilor\/wp-content\/uploads\/2022\/06\/c3-2-1024x461.jpeg\" alt=\"\" class=\"wp-image-990\" srcset=\"https:\/\/www.agentiaimpreuna.ro\/capacitarea-romilor\/wp-content\/uploads\/2022\/06\/c3-2-1024x461.jpeg 1024w, https:\/\/www.agentiaimpreuna.ro\/capacitarea-romilor\/wp-content\/uploads\/2022\/06\/c3-2-300x135.jpeg 300w, https:\/\/www.agentiaimpreuna.ro\/capacitarea-romilor\/wp-content\/uploads\/2022\/06\/c3-2-768x346.jpeg 768w, https:\/\/www.agentiaimpreuna.ro\/capacitarea-romilor\/wp-content\/uploads\/2022\/06\/c3-2-1536x692.jpeg 1536w, https:\/\/www.agentiaimpreuna.ro\/capacitarea-romilor\/wp-content\/uploads\/2022\/06\/c3-2-18x8.jpeg 18w, https:\/\/www.agentiaimpreuna.ro\/capacitarea-romilor\/wp-content\/uploads\/2022\/06\/c3-2.jpeg 2048w\" sizes=\"auto, (max-width: 1024px) 100vw, 1024px\" \/><\/figure>\n\n\n\n<figure class=\"wp-block-image size-large\"><img loading=\"lazy\" decoding=\"async\" width=\"1024\" height=\"461\" data-id=\"991\" src=\"https:\/\/www.agentiaimpreuna.ro\/capacitarea-romilor\/wp-content\/uploads\/2022\/06\/c4-2-1024x461.jpeg\" alt=\"\" class=\"wp-image-991\" srcset=\"https:\/\/www.agentiaimpreuna.ro\/capacitarea-romilor\/wp-content\/uploads\/2022\/06\/c4-2-1024x461.jpeg 1024w, https:\/\/www.agentiaimpreuna.ro\/capacitarea-romilor\/wp-content\/uploads\/2022\/06\/c4-2-300x135.jpeg 300w, https:\/\/www.agentiaimpreuna.ro\/capacitarea-romilor\/wp-content\/uploads\/2022\/06\/c4-2-768x346.jpeg 768w, https:\/\/www.agentiaimpreuna.ro\/capacitarea-romilor\/wp-content\/uploads\/2022\/06\/c4-2-1536x692.jpeg 1536w, https:\/\/www.agentiaimpreuna.ro\/capacitarea-romilor\/wp-content\/uploads\/2022\/06\/c4-2-18x8.jpeg 18w, https:\/\/www.agentiaimpreuna.ro\/capacitarea-romilor\/wp-content\/uploads\/2022\/06\/c4-2.jpeg 2048w\" sizes=\"auto, (max-width: 1024px) 100vw, 1024px\" \/><\/figure>\n\n\n\n<figure class=\"wp-block-image size-large\"><img loading=\"lazy\" decoding=\"async\" width=\"1024\" height=\"461\" data-id=\"989\" src=\"https:\/\/www.agentiaimpreuna.ro\/capacitarea-romilor\/wp-content\/uploads\/2022\/06\/c5-2-1024x461.jpeg\" alt=\"\" class=\"wp-image-989\" srcset=\"https:\/\/www.agentiaimpreuna.ro\/capacitarea-romilor\/wp-content\/uploads\/2022\/06\/c5-2-1024x461.jpeg 1024w, https:\/\/www.agentiaimpreuna.ro\/capacitarea-romilor\/wp-content\/uploads\/2022\/06\/c5-2-300x135.jpeg 300w, https:\/\/www.agentiaimpreuna.ro\/capacitarea-romilor\/wp-content\/uploads\/2022\/06\/c5-2-768x346.jpeg 768w, https:\/\/www.agentiaimpreuna.ro\/capacitarea-romilor\/wp-content\/uploads\/2022\/06\/c5-2-1536x692.jpeg 1536w, https:\/\/www.agentiaimpreuna.ro\/capacitarea-romilor\/wp-content\/uploads\/2022\/06\/c5-2-18x8.jpeg 18w, https:\/\/www.agentiaimpreuna.ro\/capacitarea-romilor\/wp-content\/uploads\/2022\/06\/c5-2.jpeg 2048w\" sizes=\"auto, (max-width: 1024px) 100vw, 1024px\" \/><\/figure>\n\n\n\n<figure class=\"wp-block-image size-large\"><img loading=\"lazy\" decoding=\"async\" width=\"1024\" height=\"461\" data-id=\"992\" src=\"https:\/\/www.agentiaimpreuna.ro\/capacitarea-romilor\/wp-content\/uploads\/2022\/06\/c6-1-1024x461.jpeg\" alt=\"\" class=\"wp-image-992\" srcset=\"https:\/\/www.agentiaimpreuna.ro\/capacitarea-romilor\/wp-content\/uploads\/2022\/06\/c6-1-1024x461.jpeg 1024w, https:\/\/www.agentiaimpreuna.ro\/capacitarea-romilor\/wp-content\/uploads\/2022\/06\/c6-1-300x135.jpeg 300w, https:\/\/www.agentiaimpreuna.ro\/capacitarea-romilor\/wp-content\/uploads\/2022\/06\/c6-1-768x346.jpeg 768w, https:\/\/www.agentiaimpreuna.ro\/capacitarea-romilor\/wp-content\/uploads\/2022\/06\/c6-1-1536x692.jpeg 1536w, https:\/\/www.agentiaimpreuna.ro\/capacitarea-romilor\/wp-content\/uploads\/2022\/06\/c6-1-18x8.jpeg 18w, https:\/\/www.agentiaimpreuna.ro\/capacitarea-romilor\/wp-content\/uploads\/2022\/06\/c6-1.jpeg 2048w\" sizes=\"auto, (max-width: 1024px) 100vw, 1024px\" \/><\/figure>\n\n\n\n<figure class=\"wp-block-image size-large\"><img loading=\"lazy\" decoding=\"async\" width=\"1024\" height=\"461\" data-id=\"994\" src=\"https:\/\/www.agentiaimpreuna.ro\/capacitarea-romilor\/wp-content\/uploads\/2022\/06\/c7-1-1024x461.jpeg\" alt=\"\" class=\"wp-image-994\" srcset=\"https:\/\/www.agentiaimpreuna.ro\/capacitarea-romilor\/wp-content\/uploads\/2022\/06\/c7-1-1024x461.jpeg 1024w, https:\/\/www.agentiaimpreuna.ro\/capacitarea-romilor\/wp-content\/uploads\/2022\/06\/c7-1-300x135.jpeg 300w, https:\/\/www.agentiaimpreuna.ro\/capacitarea-romilor\/wp-content\/uploads\/2022\/06\/c7-1-768x346.jpeg 768w, https:\/\/www.agentiaimpreuna.ro\/capacitarea-romilor\/wp-content\/uploads\/2022\/06\/c7-1-1536x692.jpeg 1536w, https:\/\/www.agentiaimpreuna.ro\/capacitarea-romilor\/wp-content\/uploads\/2022\/06\/c7-1-18x8.jpeg 18w, https:\/\/www.agentiaimpreuna.ro\/capacitarea-romilor\/wp-content\/uploads\/2022\/06\/c7-1.jpeg 2048w\" sizes=\"auto, (max-width: 1024px) 100vw, 1024px\" \/><\/figure>\n\n\n\n<figure class=\"wp-block-image size-large\"><img loading=\"lazy\" decoding=\"async\" width=\"1024\" height=\"461\" data-id=\"995\" src=\"https:\/\/www.agentiaimpreuna.ro\/capacitarea-romilor\/wp-content\/uploads\/2022\/06\/c8-1-1024x461.jpeg\" alt=\"\" class=\"wp-image-995\" srcset=\"https:\/\/www.agentiaimpreuna.ro\/capacitarea-romilor\/wp-content\/uploads\/2022\/06\/c8-1-1024x461.jpeg 1024w, https:\/\/www.agentiaimpreuna.ro\/capacitarea-romilor\/wp-content\/uploads\/2022\/06\/c8-1-300x135.jpeg 300w, https:\/\/www.agentiaimpreuna.ro\/capacitarea-romilor\/wp-content\/uploads\/2022\/06\/c8-1-768x346.jpeg 768w, https:\/\/www.agentiaimpreuna.ro\/capacitarea-romilor\/wp-content\/uploads\/2022\/06\/c8-1-1536x692.jpeg 1536w, https:\/\/www.agentiaimpreuna.ro\/capacitarea-romilor\/wp-content\/uploads\/2022\/06\/c8-1-18x8.jpeg 18w, https:\/\/www.agentiaimpreuna.ro\/capacitarea-romilor\/wp-content\/uploads\/2022\/06\/c8-1.jpeg 2048w\" sizes=\"auto, (max-width: 1024px) 100vw, 1024px\" \/><\/figure>\n\n\n\n<figure class=\"wp-block-image size-large\"><img loading=\"lazy\" decoding=\"async\" width=\"1024\" height=\"461\" data-id=\"996\" src=\"https:\/\/www.agentiaimpreuna.ro\/capacitarea-romilor\/wp-content\/uploads\/2022\/06\/c9-1-1024x461.jpeg\" alt=\"\" class=\"wp-image-996\" srcset=\"https:\/\/www.agentiaimpreuna.ro\/capacitarea-romilor\/wp-content\/uploads\/2022\/06\/c9-1-1024x461.jpeg 1024w, https:\/\/www.agentiaimpreuna.ro\/capacitarea-romilor\/wp-content\/uploads\/2022\/06\/c9-1-300x135.jpeg 300w, https:\/\/www.agentiaimpreuna.ro\/capacitarea-romilor\/wp-content\/uploads\/2022\/06\/c9-1-768x346.jpeg 768w, https:\/\/www.agentiaimpreuna.ro\/capacitarea-romilor\/wp-content\/uploads\/2022\/06\/c9-1-1536x692.jpeg 1536w, https:\/\/www.agentiaimpreuna.ro\/capacitarea-romilor\/wp-content\/uploads\/2022\/06\/c9-1-18x8.jpeg 18w, https:\/\/www.agentiaimpreuna.ro\/capacitarea-romilor\/wp-content\/uploads\/2022\/06\/c9-1.jpeg 2048w\" sizes=\"auto, (max-width: 1024px) 100vw, 1024px\" \/><\/figure>\n<\/figure>\n","protected":false},"excerpt":{"rendered":"<p>Pe 22 iunie a avut loc primul eveniment derulat de Asocia\u021bia de Dezvoltare Comunitar\u0103 \u201eUnirea-Valea C\u00e2nepii\u201d, organiza\u021bie \u00eenfiin\u021bat\u0103 \u00een cadrul acestui proiect, a c\u0103rui misiune este de a ac\u021biona \u00een folosul comunit\u0103\u021bilor de romi. Astfel, peste 20 de copii au participat la prima activitate extra\u0219colar\u0103 organizat\u0103 \u00een parteneriat cu prim\u0103ria Unirea: un meci de fotbal, pentru care fiecare echip\u0103 a primit echipament sportiv. La acest eveniment au participat \u0219i p\u0103rin\u021bii elevilor, care au primit o serie de informa\u021bii despre activit\u0103\u021bile derulate \u00een cadrul acestui proiect, dar \u0219i informa\u021bii cu privire la respectarea drepturilor omului, discriminare \u0219i importan\u021ba educa\u021biei \u00een via\u021ba\u2026<\/p>\n","protected":false},"author":1,"featured_media":995,"comment_status":"open","ping_status":"open","sticky":false,"template":"","format":"standard","meta":{"qubely_global_settings":"","qubely_interactions":"","footnotes":""},"categories":[2],"tags":[],"class_list":["post-987","post","type-post","status-publish","format-standard","has-post-thumbnail","hentry","category-news"],"blocksy_meta":{"styles_descriptor":{"styles":{"desktop":"","tablet":"","mobile":""},"google_fonts":[]}},"qubely_featured_image_url":{"full":["https:\/\/www.agentiaimpreuna.ro\/capacitarea-romilor\/wp-content\/uploads\/2022\/06\/c8-1.jpeg",2048,922,false],"landscape":["https:\/\/www.agentiaimpreuna.ro\/capacitarea-romilor\/wp-content\/uploads\/2022\/06\/c8-1-1200x750.jpeg",1200,750,true],"portraits":["https:\/\/www.agentiaimpreuna.ro\/capacitarea-romilor\/wp-content\/uploads\/2022\/06\/c8-1-540x320.jpeg",540,320,true],"thumbnail":["https:\/\/www.agentiaimpreuna.ro\/capacitarea-romilor\/wp-content\/uploads\/2022\/06\/c8-1-150x150.jpeg",150,150,true],"medium":["https:\/\/www.agentiaimpreuna.ro\/capacitarea-romilor\/wp-content\/uploads\/2022\/06\/c8-1-300x135.jpeg",300,135,true],"medium_large":["https:\/\/www.agentiaimpreuna.ro\/capacitarea-romilor\/wp-content\/uploads\/2022\/06\/c8-1-768x346.jpeg",768,346,true],"large":["https:\/\/www.agentiaimpreuna.ro\/capacitarea-romilor\/wp-content\/uploads\/2022\/06\/c8-1-1024x461.jpeg",1024,461,true],"1536x1536":["https:\/\/www.agentiaimpreuna.ro\/capacitarea-romilor\/wp-content\/uploads\/2022\/06\/c8-1-1536x692.jpeg",1536,692,true],"2048x2048":["https:\/\/www.agentiaimpreuna.ro\/capacitarea-romilor\/wp-content\/uploads\/2022\/06\/c8-1.jpeg",2048,922,false],"trp-custom-language-flag":["https:\/\/www.agentiaimpreuna.ro\/capacitarea-romilor\/wp-content\/uploads\/2022\/06\/c8-1-18x8.jpeg",18,8,true],"qubely_landscape":["https:\/\/www.agentiaimpreuna.ro\/capacitarea-romilor\/wp-content\/uploads\/2022\/06\/c8-1-1200x750.jpeg",1200,750,true],"qubely_portrait":["https:\/\/www.agentiaimpreuna.ro\/capacitarea-romilor\/wp-content\/uploads\/2022\/06\/c8-1-540x320.jpeg",540,320,true],"qubely_thumbnail":["https:\/\/www.agentiaimpreuna.ro\/capacitarea-romilor\/wp-content\/uploads\/2022\/06\/c8-1-140x100.jpeg",140,100,true]},"qubely_author":{"display_name":"agenadmin","author_link":"https:\/\/www.agentiaimpreuna.ro\/capacitarea-romilor\/author\/agenadmin\/"},"qubely_comment":0,"qubely_category":"<a href=\"https:\/\/www.agentiaimpreuna.ro\/capacitarea-romilor\/category\/news\/\" rel=\"category tag\">News<\/a>","qubely_excerpt":"Pe 22 iunie a avut loc primul eveniment derulat de Asocia\u021bia de Dezvoltare Comunitar\u0103 \u201eUnirea-Valea C\u00e2nepii\u201d, organiza\u021bie \u00eenfiin\u021bat\u0103 \u00een cadrul acestui proiect, a c\u0103rui misiune este de a ac\u021biona \u00een folosul comunit\u0103\u021bilor de romi. Astfel, peste 20 de copii au participat la prima activitate extra\u0219colar\u0103 organizat\u0103 \u00een parteneriat cu prim\u0103ria Unirea: un meci de fotbal,&hellip;","featured_image_urls":{"full":["https:\/\/www.agentiaimpreuna.ro\/capacitarea-romilor\/wp-content\/uploads\/2022\/06\/c8-1.jpeg",2048,922,false],"thumbnail":["https:\/\/www.agentiaimpreuna.ro\/capacitarea-romilor\/wp-content\/uploads\/2022\/06\/c8-1-150x150.jpeg",150,150,true],"medium":["https:\/\/www.agentiaimpreuna.ro\/capacitarea-romilor\/wp-content\/uploads\/2022\/06\/c8-1-300x135.jpeg",300,135,true],"medium_large":["https:\/\/www.agentiaimpreuna.ro\/capacitarea-romilor\/wp-content\/uploads\/2022\/06\/c8-1-768x346.jpeg",768,346,true],"large":["https:\/\/www.agentiaimpreuna.ro\/capacitarea-romilor\/wp-content\/uploads\/2022\/06\/c8-1-1024x461.jpeg",1024,461,true],"1536x1536":["https:\/\/www.agentiaimpreuna.ro\/capacitarea-romilor\/wp-content\/uploads\/2022\/06\/c8-1-1536x692.jpeg",1536,692,true],"2048x2048":["https:\/\/www.agentiaimpreuna.ro\/capacitarea-romilor\/wp-content\/uploads\/2022\/06\/c8-1.jpeg",2048,922,false],"trp-custom-language-flag":["https:\/\/www.agentiaimpreuna.ro\/capacitarea-romilor\/wp-content\/uploads\/2022\/06\/c8-1-18x8.jpeg",18,8,true],"qubely_landscape":["https:\/\/www.agentiaimpreuna.ro\/capacitarea-romilor\/wp-content\/uploads\/2022\/06\/c8-1-1200x750.jpeg",1200,750,true],"qubely_portrait":["https:\/\/www.agentiaimpreuna.ro\/capacitarea-romilor\/wp-content\/uploads\/2022\/06\/c8-1-540x320.jpeg",540,320,true],"qubely_thumbnail":["https:\/\/www.agentiaimpreuna.ro\/capacitarea-romilor\/wp-content\/uploads\/2022\/06\/c8-1-140x100.jpeg",140,100,true]},"post_excerpt_stackable":"<p>Pe 22 iunie a avut loc primul eveniment derulat de Asocia\u021bia de Dezvoltare Comunitar\u0103 \u201eUnirea-Valea C\u00e2nepii\u201d, organiza\u021bie \u00eenfiin\u021bat\u0103 \u00een cadrul acestui proiect, a c\u0103rui misiune este de a ac\u021biona \u00een folosul comunit\u0103\u021bilor de romi. Astfel, peste 20 de copii au participat la prima activitate extra\u0219colar\u0103 organizat\u0103 \u00een parteneriat cu prim\u0103ria Unirea: un meci de fotbal, pentru care fiecare echip\u0103 a primit echipament sportiv. La acest eveniment au participat \u0219i p\u0103rin\u021bii elevilor, care au primit o serie de informa\u021bii despre activit\u0103\u021bile derulate \u00een cadrul acestui proiect, dar \u0219i informa\u021bii cu privire la respectarea drepturilor omului, discriminare \u0219i importan\u021ba educa\u021biei \u00een via\u021ba&hellip;<\/p>\n","category_list":"<a href=\"https:\/\/www.agentiaimpreuna.ro\/capacitarea-romilor\/category\/news\/\" rel=\"category tag\">News<\/a>","author_info":{"name":"agenadmin","url":"https:\/\/www.agentiaimpreuna.ro\/capacitarea-romilor\/author\/agenadmin\/"},"comments_num":"0 comments","featured_image_urls_v2":{"full":["https:\/\/www.agentiaimpreuna.ro\/capacitarea-romilor\/wp-content\/uploads\/2022\/06\/c8-1.jpeg",2048,922,false],"thumbnail":["https:\/\/www.agentiaimpreuna.ro\/capacitarea-romilor\/wp-content\/uploads\/2022\/06\/c8-1-150x150.jpeg",150,150,true],"medium":["https:\/\/www.agentiaimpreuna.ro\/capacitarea-romilor\/wp-content\/uploads\/2022\/06\/c8-1-300x135.jpeg",300,135,true],"medium_large":["https:\/\/www.agentiaimpreuna.ro\/capacitarea-romilor\/wp-content\/uploads\/2022\/06\/c8-1-768x346.jpeg",768,346,true],"large":["https:\/\/www.agentiaimpreuna.ro\/capacitarea-romilor\/wp-content\/uploads\/2022\/06\/c8-1-1024x461.jpeg",1024,461,true],"1536x1536":["https:\/\/www.agentiaimpreuna.ro\/capacitarea-romilor\/wp-content\/uploads\/2022\/06\/c8-1-1536x692.jpeg",1536,692,true],"2048x2048":["https:\/\/www.agentiaimpreuna.ro\/capacitarea-romilor\/wp-content\/uploads\/2022\/06\/c8-1.jpeg",2048,922,false],"trp-custom-language-flag":["https:\/\/www.agentiaimpreuna.ro\/capacitarea-romilor\/wp-content\/uploads\/2022\/06\/c8-1-18x8.jpeg",18,8,true],"qubely_landscape":["https:\/\/www.agentiaimpreuna.ro\/capacitarea-romilor\/wp-content\/uploads\/2022\/06\/c8-1-1200x750.jpeg",1200,750,true],"qubely_portrait":["https:\/\/www.agentiaimpreuna.ro\/capacitarea-romilor\/wp-content\/uploads\/2022\/06\/c8-1-540x320.jpeg",540,320,true],"qubely_thumbnail":["https:\/\/www.agentiaimpreuna.ro\/capacitarea-romilor\/wp-content\/uploads\/2022\/06\/c8-1-140x100.jpeg",140,100,true]},"post_excerpt_stackable_v2":"<p>Pe 22 iunie a avut loc primul eveniment derulat de Asocia\u021bia de Dezvoltare Comunitar\u0103 \u201eUnirea-Valea C\u00e2nepii\u201d, organiza\u021bie \u00eenfiin\u021bat\u0103 \u00een cadrul acestui proiect, a c\u0103rui misiune este de a ac\u021biona \u00een folosul comunit\u0103\u021bilor de romi. Astfel, peste 20 de copii au participat la prima activitate extra\u0219colar\u0103 organizat\u0103 \u00een parteneriat cu prim\u0103ria Unirea: un meci de fotbal, pentru care fiecare echip\u0103 a primit echipament sportiv. La acest eveniment au participat \u0219i p\u0103rin\u021bii elevilor, care au primit o serie de informa\u021bii despre activit\u0103\u021bile derulate \u00een cadrul acestui proiect, dar \u0219i informa\u021bii cu privire la respectarea drepturilor omului, discriminare \u0219i importan\u021ba educa\u021biei \u00een via\u021ba&hellip;<\/p>\n","category_list_v2":"<a href=\"https:\/\/www.agentiaimpreuna.ro\/capacitarea-romilor\/category\/news\/\" rel=\"category tag\">News<\/a>","author_info_v2":{"name":"agenadmin","url":"https:\/\/www.agentiaimpreuna.ro\/capacitarea-romilor\/author\/agenadmin\/"},"comments_num_v2":"0 comments","_links":{"self":[{"href":"https:\/\/www.agentiaimpreuna.ro\/capacitarea-romilor\/wp-json\/wp\/v2\/posts\/987","targetHints":{"allow":["GET"]}}],"collection":[{"href":"https:\/\/www.agentiaimpreuna.ro\/capacitarea-romilor\/wp-json\/wp\/v2\/posts"}],"about":[{"href":"https:\/\/www.agentiaimpreuna.ro\/capacitarea-romilor\/wp-json\/wp\/v2\/types\/post"}],"author":[{"embeddable":true,"href":"https:\/\/www.agentiaimpreuna.ro\/capacitarea-romilor\/wp-json\/wp\/v2\/users\/1"}],"replies":[{"embeddable":true,"href":"https:\/\/www.agentiaimpreuna.ro\/capacitarea-romilor\/wp-json\/wp\/v2\/comments?post=987"}],"version-history":[{"count":3,"href":"https:\/\/www.agentiaimpreuna.ro\/capacitarea-romilor\/wp-json\/wp\/v2\/posts\/987\/revisions"}],"predecessor-version":[{"id":999,"href":"https:\/\/www.agentiaimpreuna.ro\/capacitarea-romilor\/wp-json\/wp\/v2\/posts\/987\/revisions\/999"}],"wp:featuredmedia":[{"embeddable":true,"href":"https:\/\/www.agentiaimpreuna.ro\/capacitarea-romilor\/wp-json\/wp\/v2\/media\/995"}],"wp:attachment":[{"href":"https:\/\/www.agentiaimpreuna.ro\/capacitarea-romilor\/wp-json\/wp\/v2\/media?parent=987"}],"wp:term":[{"taxonomy":"category","embeddable":true,"href":"https:\/\/www.agentiaimpreuna.ro\/capacitarea-romilor\/wp-json\/wp\/v2\/categories?post=987"},{"taxonomy":"post_tag","embeddable":true,"href":"https:\/\/www.agentiaimpreuna.ro\/capacitarea-romilor\/wp-json\/wp\/v2\/tags?post=987"}],"curies":[{"name":"wp","href":"https:\/\/api.w.org\/{rel}","templated":true}]}}