{"id":975,"date":"2022-06-21T10:45:08","date_gmt":"2022-06-21T10:45:08","guid":{"rendered":"https:\/\/www.agentiaimpreuna.ro\/capacitarea-romilor\/?p=975"},"modified":"2022-07-19T08:21:35","modified_gmt":"2022-07-19T08:21:35","slug":"cursuri-adresate-expertilor-si-liderilor-romi-constanta","status":"publish","type":"post","link":"https:\/\/www.agentiaimpreuna.ro\/capacitarea-romilor\/2022\/06\/21\/cursuri-adresate-expertilor-si-liderilor-romi-constanta\/","title":{"rendered":"Cursuri adresate exper\u021bilor \u0219i liderilor romi (Constan\u021ba)"},"content":{"rendered":"\n<p>\u00cen perioada 15-19 iunie 2022, partenerii <a href=\"https:\/\/www.facebook.com\/CEDOBucuresti\/?__cft__[0]=AZUYnjcV-P4mS0Xpi8Y_1g6ruq-RJ2k52g88keEbtwXaarbUa0gI_jD76eK9u3wN847N1JP9jDAjQNoCehYyDG32Eg8EtUkvcLMXfszOp72Tj28PKKyJtaAsayB4c294Q5sYgcMoQ2dTzOMIaMnf7cwKmxpz8WtYXejpRjPpQeKxlQ&amp;__tn__=kK-R\" target=\"_blank\" rel=\"noopener\">Center for Education and Human Rights<\/a> \u0219i Organizatia Sastipen au desf\u0103\u0219urat cursurile adresate exper\u021bilor \u0219i liderilor romi locali \u00een localitatea Constan\u021ba.<\/p>\n\n\n\n<p>A\u0219adar, cele dou\u0103 cursuri au fost:<\/p>\n\n\n\n<p>1. Participare \u0219i reprezentare;<\/p>\n\n\n\n<p>2. Comunicare \u0219i Advocacy.<\/p>\n\n\n\n<p>\u00cen cadrul cursului \u201eParticipare \u0219i reprezentare\u201d, participan\u021bii au \u00eenv\u0103\u021bat care este rolul unui lider local, cum ar trebui s\u0103 se pozi\u021bioneze \u00een rela\u021bia dintre APL \u0219i comunitate, cum s\u0103 reprezinte localitatea la nivel local, c\u00e2t de importante sunt Grupurile de Ini\u021biativ\u0103 Local\u0103 pentru comunitate, cum s\u0103 gestioneze un buget, care sunt responsabilit\u0103\u021bile unui consilier local, dar \u0219i cum func\u021bioneaz\u0103 Consiliul Local \u0219i cum se iau deciziile la nivel local.<\/p>\n\n\n\n<p>Pe de alt\u0103 parte, \u00een cadrul cursului \u201eComunicare \u0219i Advocacy\u201d, participan\u021bii au parcurs principiile comunic\u0103rii problemelor \u0219i nevoilor comunit\u0103\u021bii \u00een rela\u021bia cu autorit\u0103\u021bile locale, precum \u0219i modalit\u0103\u021bile prin care pot influen\u021ba deciziile acestora din urm\u0103, referitoare la aplicarea unor politici sociale sau privind drepturile omului care s\u0103 \u021bin\u0103 cont de popula\u021bia rom\u0103.<\/p>\n\n\n\n<figure class=\"wp-block-gallery has-nested-images columns-default is-cropped wp-block-gallery-1 is-layout-flex wp-block-gallery-is-layout-flex\">\n<figure class=\"wp-block-image size-large\"><img loading=\"lazy\" decoding=\"async\" width=\"1024\" height=\"768\" data-id=\"981\" src=\"https:\/\/www.agentiaimpreuna.ro\/capacitarea-romilor\/wp-content\/uploads\/2022\/06\/1-2.jpeg\" alt=\"\" class=\"wp-image-981\" srcset=\"https:\/\/www.agentiaimpreuna.ro\/capacitarea-romilor\/wp-content\/uploads\/2022\/06\/1-2.jpeg 1024w, https:\/\/www.agentiaimpreuna.ro\/capacitarea-romilor\/wp-content\/uploads\/2022\/06\/1-2-300x225.jpeg 300w, https:\/\/www.agentiaimpreuna.ro\/capacitarea-romilor\/wp-content\/uploads\/2022\/06\/1-2-768x576.jpeg 768w, https:\/\/www.agentiaimpreuna.ro\/capacitarea-romilor\/wp-content\/uploads\/2022\/06\/1-2-16x12.jpeg 16w\" sizes=\"auto, (max-width: 1024px) 100vw, 1024px\" \/><\/figure>\n\n\n\n<figure class=\"wp-block-image size-large\"><img loading=\"lazy\" decoding=\"async\" width=\"1024\" height=\"768\" data-id=\"977\" src=\"https:\/\/www.agentiaimpreuna.ro\/capacitarea-romilor\/wp-content\/uploads\/2022\/06\/2-2.jpeg\" alt=\"\" class=\"wp-image-977\" srcset=\"https:\/\/www.agentiaimpreuna.ro\/capacitarea-romilor\/wp-content\/uploads\/2022\/06\/2-2.jpeg 1024w, https:\/\/www.agentiaimpreuna.ro\/capacitarea-romilor\/wp-content\/uploads\/2022\/06\/2-2-300x225.jpeg 300w, https:\/\/www.agentiaimpreuna.ro\/capacitarea-romilor\/wp-content\/uploads\/2022\/06\/2-2-768x576.jpeg 768w, https:\/\/www.agentiaimpreuna.ro\/capacitarea-romilor\/wp-content\/uploads\/2022\/06\/2-2-16x12.jpeg 16w\" sizes=\"auto, (max-width: 1024px) 100vw, 1024px\" \/><\/figure>\n\n\n\n<figure class=\"wp-block-image size-large\"><img loading=\"lazy\" decoding=\"async\" width=\"1024\" height=\"768\" data-id=\"976\" src=\"https:\/\/www.agentiaimpreuna.ro\/capacitarea-romilor\/wp-content\/uploads\/2022\/06\/3-2.jpeg\" alt=\"\" class=\"wp-image-976\" srcset=\"https:\/\/www.agentiaimpreuna.ro\/capacitarea-romilor\/wp-content\/uploads\/2022\/06\/3-2.jpeg 1024w, https:\/\/www.agentiaimpreuna.ro\/capacitarea-romilor\/wp-content\/uploads\/2022\/06\/3-2-300x225.jpeg 300w, https:\/\/www.agentiaimpreuna.ro\/capacitarea-romilor\/wp-content\/uploads\/2022\/06\/3-2-768x576.jpeg 768w, https:\/\/www.agentiaimpreuna.ro\/capacitarea-romilor\/wp-content\/uploads\/2022\/06\/3-2-16x12.jpeg 16w\" sizes=\"auto, (max-width: 1024px) 100vw, 1024px\" \/><\/figure>\n\n\n\n<figure class=\"wp-block-image size-large\"><img loading=\"lazy\" decoding=\"async\" width=\"1024\" height=\"768\" data-id=\"980\" src=\"https:\/\/www.agentiaimpreuna.ro\/capacitarea-romilor\/wp-content\/uploads\/2022\/06\/4-2.jpeg\" alt=\"\" class=\"wp-image-980\" srcset=\"https:\/\/www.agentiaimpreuna.ro\/capacitarea-romilor\/wp-content\/uploads\/2022\/06\/4-2.jpeg 1024w, https:\/\/www.agentiaimpreuna.ro\/capacitarea-romilor\/wp-content\/uploads\/2022\/06\/4-2-300x225.jpeg 300w, https:\/\/www.agentiaimpreuna.ro\/capacitarea-romilor\/wp-content\/uploads\/2022\/06\/4-2-768x576.jpeg 768w, https:\/\/www.agentiaimpreuna.ro\/capacitarea-romilor\/wp-content\/uploads\/2022\/06\/4-2-16x12.jpeg 16w\" sizes=\"auto, (max-width: 1024px) 100vw, 1024px\" \/><\/figure>\n\n\n\n<figure class=\"wp-block-image size-large\"><img loading=\"lazy\" decoding=\"async\" width=\"1024\" height=\"768\" data-id=\"978\" src=\"https:\/\/www.agentiaimpreuna.ro\/capacitarea-romilor\/wp-content\/uploads\/2022\/06\/5-2.jpeg\" alt=\"\" class=\"wp-image-978\" srcset=\"https:\/\/www.agentiaimpreuna.ro\/capacitarea-romilor\/wp-content\/uploads\/2022\/06\/5-2.jpeg 1024w, https:\/\/www.agentiaimpreuna.ro\/capacitarea-romilor\/wp-content\/uploads\/2022\/06\/5-2-300x225.jpeg 300w, https:\/\/www.agentiaimpreuna.ro\/capacitarea-romilor\/wp-content\/uploads\/2022\/06\/5-2-768x576.jpeg 768w, https:\/\/www.agentiaimpreuna.ro\/capacitarea-romilor\/wp-content\/uploads\/2022\/06\/5-2-16x12.jpeg 16w\" sizes=\"auto, (max-width: 1024px) 100vw, 1024px\" \/><\/figure>\n\n\n\n<figure class=\"wp-block-image size-large\"><img loading=\"lazy\" decoding=\"async\" width=\"1024\" height=\"768\" data-id=\"979\" src=\"https:\/\/www.agentiaimpreuna.ro\/capacitarea-romilor\/wp-content\/uploads\/2022\/06\/6-2.jpeg\" alt=\"\" class=\"wp-image-979\" srcset=\"https:\/\/www.agentiaimpreuna.ro\/capacitarea-romilor\/wp-content\/uploads\/2022\/06\/6-2.jpeg 1024w, https:\/\/www.agentiaimpreuna.ro\/capacitarea-romilor\/wp-content\/uploads\/2022\/06\/6-2-300x225.jpeg 300w, https:\/\/www.agentiaimpreuna.ro\/capacitarea-romilor\/wp-content\/uploads\/2022\/06\/6-2-768x576.jpeg 768w, https:\/\/www.agentiaimpreuna.ro\/capacitarea-romilor\/wp-content\/uploads\/2022\/06\/6-2-16x12.jpeg 16w\" sizes=\"auto, (max-width: 1024px) 100vw, 1024px\" \/><\/figure>\n\n\n\n<figure class=\"wp-block-image size-large\"><img loading=\"lazy\" decoding=\"async\" width=\"1024\" height=\"768\" data-id=\"982\" src=\"https:\/\/www.agentiaimpreuna.ro\/capacitarea-romilor\/wp-content\/uploads\/2022\/06\/7-2.jpeg\" alt=\"\" class=\"wp-image-982\" srcset=\"https:\/\/www.agentiaimpreuna.ro\/capacitarea-romilor\/wp-content\/uploads\/2022\/06\/7-2.jpeg 1024w, https:\/\/www.agentiaimpreuna.ro\/capacitarea-romilor\/wp-content\/uploads\/2022\/06\/7-2-300x225.jpeg 300w, https:\/\/www.agentiaimpreuna.ro\/capacitarea-romilor\/wp-content\/uploads\/2022\/06\/7-2-768x576.jpeg 768w, https:\/\/www.agentiaimpreuna.ro\/capacitarea-romilor\/wp-content\/uploads\/2022\/06\/7-2-16x12.jpeg 16w\" sizes=\"auto, (max-width: 1024px) 100vw, 1024px\" \/><\/figure>\n\n\n\n<figure class=\"wp-block-image size-large\"><img loading=\"lazy\" decoding=\"async\" width=\"1024\" height=\"768\" data-id=\"983\" src=\"https:\/\/www.agentiaimpreuna.ro\/capacitarea-romilor\/wp-content\/uploads\/2022\/06\/8-2.jpeg\" alt=\"\" class=\"wp-image-983\" srcset=\"https:\/\/www.agentiaimpreuna.ro\/capacitarea-romilor\/wp-content\/uploads\/2022\/06\/8-2.jpeg 1024w, https:\/\/www.agentiaimpreuna.ro\/capacitarea-romilor\/wp-content\/uploads\/2022\/06\/8-2-300x225.jpeg 300w, https:\/\/www.agentiaimpreuna.ro\/capacitarea-romilor\/wp-content\/uploads\/2022\/06\/8-2-768x576.jpeg 768w, https:\/\/www.agentiaimpreuna.ro\/capacitarea-romilor\/wp-content\/uploads\/2022\/06\/8-2-16x12.jpeg 16w\" sizes=\"auto, (max-width: 1024px) 100vw, 1024px\" \/><\/figure>\n<\/figure>\n","protected":false},"excerpt":{"rendered":"<p>\u00cen perioada 15-19 iunie 2022, partenerii Center for Education and Human Rights \u0219i Organizatia Sastipen au desf\u0103\u0219urat cursurile adresate exper\u021bilor \u0219i liderilor romi locali \u00een localitatea Constan\u021ba. A\u0219adar, cele dou\u0103 cursuri au fost: 1. Participare \u0219i reprezentare; 2. Comunicare \u0219i Advocacy. \u00cen cadrul cursului \u201eParticipare \u0219i reprezentare\u201d, participan\u021bii au \u00eenv\u0103\u021bat care este rolul unui lider local, cum ar trebui s\u0103 se pozi\u021bioneze \u00een rela\u021bia dintre APL \u0219i comunitate, cum s\u0103 reprezinte localitatea la nivel local, c\u00e2t de importante sunt Grupurile de Ini\u021biativ\u0103 Local\u0103 pentru comunitate, cum s\u0103 gestioneze un buget, care sunt responsabilit\u0103\u021bile unui consilier local, dar \u0219i cum func\u021bioneaz\u0103\u2026<\/p>\n","protected":false},"author":1,"featured_media":984,"comment_status":"open","ping_status":"open","sticky":false,"template":"","format":"standard","meta":{"qubely_global_settings":"","qubely_interactions":"","footnotes":""},"categories":[2],"tags":[],"class_list":["post-975","post","type-post","status-publish","format-standard","has-post-thumbnail","hentry","category-news"],"blocksy_meta":{"styles_descriptor":{"styles":{"desktop":"","tablet":"","mobile":""},"google_fonts":[]}},"qubely_featured_image_url":{"full":["https:\/\/www.agentiaimpreuna.ro\/capacitarea-romilor\/wp-content\/uploads\/2022\/06\/2-3.jpeg",1024,768,false],"landscape":["https:\/\/www.agentiaimpreuna.ro\/capacitarea-romilor\/wp-content\/uploads\/2022\/06\/2-3-1024x750.jpeg",1024,750,true],"portraits":["https:\/\/www.agentiaimpreuna.ro\/capacitarea-romilor\/wp-content\/uploads\/2022\/06\/2-3-540x320.jpeg",540,320,true],"thumbnail":["https:\/\/www.agentiaimpreuna.ro\/capacitarea-romilor\/wp-content\/uploads\/2022\/06\/2-3-150x150.jpeg",150,150,true],"medium":["https:\/\/www.agentiaimpreuna.ro\/capacitarea-romilor\/wp-content\/uploads\/2022\/06\/2-3-300x225.jpeg",300,225,true],"medium_large":["https:\/\/www.agentiaimpreuna.ro\/capacitarea-romilor\/wp-content\/uploads\/2022\/06\/2-3-768x576.jpeg",768,576,true],"large":["https:\/\/www.agentiaimpreuna.ro\/capacitarea-romilor\/wp-content\/uploads\/2022\/06\/2-3.jpeg",1024,768,false],"1536x1536":["https:\/\/www.agentiaimpreuna.ro\/capacitarea-romilor\/wp-content\/uploads\/2022\/06\/2-3.jpeg",1024,768,false],"2048x2048":["https:\/\/www.agentiaimpreuna.ro\/capacitarea-romilor\/wp-content\/uploads\/2022\/06\/2-3.jpeg",1024,768,false],"trp-custom-language-flag":["https:\/\/www.agentiaimpreuna.ro\/capacitarea-romilor\/wp-content\/uploads\/2022\/06\/2-3-16x12.jpeg",16,12,true],"qubely_landscape":["https:\/\/www.agentiaimpreuna.ro\/capacitarea-romilor\/wp-content\/uploads\/2022\/06\/2-3-1024x750.jpeg",1024,750,true],"qubely_portrait":["https:\/\/www.agentiaimpreuna.ro\/capacitarea-romilor\/wp-content\/uploads\/2022\/06\/2-3-540x320.jpeg",540,320,true],"qubely_thumbnail":["https:\/\/www.agentiaimpreuna.ro\/capacitarea-romilor\/wp-content\/uploads\/2022\/06\/2-3-140x100.jpeg",140,100,true]},"qubely_author":{"display_name":"agenadmin","author_link":"https:\/\/www.agentiaimpreuna.ro\/capacitarea-romilor\/author\/agenadmin\/"},"qubely_comment":0,"qubely_category":"<a href=\"https:\/\/www.agentiaimpreuna.ro\/capacitarea-romilor\/category\/news\/\" rel=\"category tag\">News<\/a>","qubely_excerpt":"\u00cen perioada 15-19 iunie 2022, partenerii Center for Education and Human Rights \u0219i Organizatia Sastipen au desf\u0103\u0219urat cursurile adresate exper\u021bilor \u0219i liderilor romi locali \u00een localitatea Constan\u021ba. A\u0219adar, cele dou\u0103 cursuri au fost: 1. Participare \u0219i reprezentare; 2. Comunicare \u0219i Advocacy. \u00cen cadrul cursului \u201eParticipare \u0219i reprezentare\u201d, participan\u021bii au \u00eenv\u0103\u021bat care este rolul unui lider&hellip;","featured_image_urls":{"full":["https:\/\/www.agentiaimpreuna.ro\/capacitarea-romilor\/wp-content\/uploads\/2022\/06\/2-3.jpeg",1024,768,false],"thumbnail":["https:\/\/www.agentiaimpreuna.ro\/capacitarea-romilor\/wp-content\/uploads\/2022\/06\/2-3-150x150.jpeg",150,150,true],"medium":["https:\/\/www.agentiaimpreuna.ro\/capacitarea-romilor\/wp-content\/uploads\/2022\/06\/2-3-300x225.jpeg",300,225,true],"medium_large":["https:\/\/www.agentiaimpreuna.ro\/capacitarea-romilor\/wp-content\/uploads\/2022\/06\/2-3-768x576.jpeg",768,576,true],"large":["https:\/\/www.agentiaimpreuna.ro\/capacitarea-romilor\/wp-content\/uploads\/2022\/06\/2-3.jpeg",1024,768,false],"1536x1536":["https:\/\/www.agentiaimpreuna.ro\/capacitarea-romilor\/wp-content\/uploads\/2022\/06\/2-3.jpeg",1024,768,false],"2048x2048":["https:\/\/www.agentiaimpreuna.ro\/capacitarea-romilor\/wp-content\/uploads\/2022\/06\/2-3.jpeg",1024,768,false],"trp-custom-language-flag":["https:\/\/www.agentiaimpreuna.ro\/capacitarea-romilor\/wp-content\/uploads\/2022\/06\/2-3-16x12.jpeg",16,12,true],"qubely_landscape":["https:\/\/www.agentiaimpreuna.ro\/capacitarea-romilor\/wp-content\/uploads\/2022\/06\/2-3-1024x750.jpeg",1024,750,true],"qubely_portrait":["https:\/\/www.agentiaimpreuna.ro\/capacitarea-romilor\/wp-content\/uploads\/2022\/06\/2-3-540x320.jpeg",540,320,true],"qubely_thumbnail":["https:\/\/www.agentiaimpreuna.ro\/capacitarea-romilor\/wp-content\/uploads\/2022\/06\/2-3-140x100.jpeg",140,100,true]},"post_excerpt_stackable":"<p>\u00cen perioada 15-19 iunie 2022, partenerii Center for Education and Human Rights \u0219i Organizatia Sastipen au desf\u0103\u0219urat cursurile adresate exper\u021bilor \u0219i liderilor romi locali \u00een localitatea Constan\u021ba. A\u0219adar, cele dou\u0103 cursuri au fost: 1. Participare \u0219i reprezentare; 2. Comunicare \u0219i Advocacy. \u00cen cadrul cursului \u201eParticipare \u0219i reprezentare\u201d, participan\u021bii au \u00eenv\u0103\u021bat care este rolul unui lider local, cum ar trebui s\u0103 se pozi\u021bioneze \u00een rela\u021bia dintre APL \u0219i comunitate, cum s\u0103 reprezinte localitatea la nivel local, c\u00e2t de importante sunt Grupurile de Ini\u021biativ\u0103 Local\u0103 pentru comunitate, cum s\u0103 gestioneze un buget, care sunt responsabilit\u0103\u021bile unui consilier local, dar \u0219i cum func\u021bioneaz\u0103&hellip;<\/p>\n","category_list":"<a href=\"https:\/\/www.agentiaimpreuna.ro\/capacitarea-romilor\/category\/news\/\" rel=\"category tag\">News<\/a>","author_info":{"name":"agenadmin","url":"https:\/\/www.agentiaimpreuna.ro\/capacitarea-romilor\/author\/agenadmin\/"},"comments_num":"0 comments","featured_image_urls_v2":{"full":["https:\/\/www.agentiaimpreuna.ro\/capacitarea-romilor\/wp-content\/uploads\/2022\/06\/2-3.jpeg",1024,768,false],"thumbnail":["https:\/\/www.agentiaimpreuna.ro\/capacitarea-romilor\/wp-content\/uploads\/2022\/06\/2-3-150x150.jpeg",150,150,true],"medium":["https:\/\/www.agentiaimpreuna.ro\/capacitarea-romilor\/wp-content\/uploads\/2022\/06\/2-3-300x225.jpeg",300,225,true],"medium_large":["https:\/\/www.agentiaimpreuna.ro\/capacitarea-romilor\/wp-content\/uploads\/2022\/06\/2-3-768x576.jpeg",768,576,true],"large":["https:\/\/www.agentiaimpreuna.ro\/capacitarea-romilor\/wp-content\/uploads\/2022\/06\/2-3.jpeg",1024,768,false],"1536x1536":["https:\/\/www.agentiaimpreuna.ro\/capacitarea-romilor\/wp-content\/uploads\/2022\/06\/2-3.jpeg",1024,768,false],"2048x2048":["https:\/\/www.agentiaimpreuna.ro\/capacitarea-romilor\/wp-content\/uploads\/2022\/06\/2-3.jpeg",1024,768,false],"trp-custom-language-flag":["https:\/\/www.agentiaimpreuna.ro\/capacitarea-romilor\/wp-content\/uploads\/2022\/06\/2-3-16x12.jpeg",16,12,true],"qubely_landscape":["https:\/\/www.agentiaimpreuna.ro\/capacitarea-romilor\/wp-content\/uploads\/2022\/06\/2-3-1024x750.jpeg",1024,750,true],"qubely_portrait":["https:\/\/www.agentiaimpreuna.ro\/capacitarea-romilor\/wp-content\/uploads\/2022\/06\/2-3-540x320.jpeg",540,320,true],"qubely_thumbnail":["https:\/\/www.agentiaimpreuna.ro\/capacitarea-romilor\/wp-content\/uploads\/2022\/06\/2-3-140x100.jpeg",140,100,true]},"post_excerpt_stackable_v2":"<p>\u00cen perioada 15-19 iunie 2022, partenerii Center for Education and Human Rights \u0219i Organizatia Sastipen au desf\u0103\u0219urat cursurile adresate exper\u021bilor \u0219i liderilor romi locali \u00een localitatea Constan\u021ba. A\u0219adar, cele dou\u0103 cursuri au fost: 1. Participare \u0219i reprezentare; 2. Comunicare \u0219i Advocacy. \u00cen cadrul cursului \u201eParticipare \u0219i reprezentare\u201d, participan\u021bii au \u00eenv\u0103\u021bat care este rolul unui lider local, cum ar trebui s\u0103 se pozi\u021bioneze \u00een rela\u021bia dintre APL \u0219i comunitate, cum s\u0103 reprezinte localitatea la nivel local, c\u00e2t de importante sunt Grupurile de Ini\u021biativ\u0103 Local\u0103 pentru comunitate, cum s\u0103 gestioneze un buget, care sunt responsabilit\u0103\u021bile unui consilier local, dar \u0219i cum func\u021bioneaz\u0103&hellip;<\/p>\n","category_list_v2":"<a href=\"https:\/\/www.agentiaimpreuna.ro\/capacitarea-romilor\/category\/news\/\" rel=\"category tag\">News<\/a>","author_info_v2":{"name":"agenadmin","url":"https:\/\/www.agentiaimpreuna.ro\/capacitarea-romilor\/author\/agenadmin\/"},"comments_num_v2":"0 comments","_links":{"self":[{"href":"https:\/\/www.agentiaimpreuna.ro\/capacitarea-romilor\/wp-json\/wp\/v2\/posts\/975","targetHints":{"allow":["GET"]}}],"collection":[{"href":"https:\/\/www.agentiaimpreuna.ro\/capacitarea-romilor\/wp-json\/wp\/v2\/posts"}],"about":[{"href":"https:\/\/www.agentiaimpreuna.ro\/capacitarea-romilor\/wp-json\/wp\/v2\/types\/post"}],"author":[{"embeddable":true,"href":"https:\/\/www.agentiaimpreuna.ro\/capacitarea-romilor\/wp-json\/wp\/v2\/users\/1"}],"replies":[{"embeddable":true,"href":"https:\/\/www.agentiaimpreuna.ro\/capacitarea-romilor\/wp-json\/wp\/v2\/comments?post=975"}],"version-history":[{"count":1,"href":"https:\/\/www.agentiaimpreuna.ro\/capacitarea-romilor\/wp-json\/wp\/v2\/posts\/975\/revisions"}],"predecessor-version":[{"id":985,"href":"https:\/\/www.agentiaimpreuna.ro\/capacitarea-romilor\/wp-json\/wp\/v2\/posts\/975\/revisions\/985"}],"wp:featuredmedia":[{"embeddable":true,"href":"https:\/\/www.agentiaimpreuna.ro\/capacitarea-romilor\/wp-json\/wp\/v2\/media\/984"}],"wp:attachment":[{"href":"https:\/\/www.agentiaimpreuna.ro\/capacitarea-romilor\/wp-json\/wp\/v2\/media?parent=975"}],"wp:term":[{"taxonomy":"category","embeddable":true,"href":"https:\/\/www.agentiaimpreuna.ro\/capacitarea-romilor\/wp-json\/wp\/v2\/categories?post=975"},{"taxonomy":"post_tag","embeddable":true,"href":"https:\/\/www.agentiaimpreuna.ro\/capacitarea-romilor\/wp-json\/wp\/v2\/tags?post=975"}],"curies":[{"name":"wp","href":"https:\/\/api.w.org\/{rel}","templated":true}]}}