{"id":922,"date":"2022-04-05T11:46:00","date_gmt":"2022-04-05T11:46:00","guid":{"rendered":"https:\/\/www.agentiaimpreuna.ro\/capacitarea-romilor\/?p=922"},"modified":"2022-07-19T08:15:03","modified_gmt":"2022-07-19T08:15:03","slug":"ziua-internationala-a-romilor-in-localitatile-curcani-chirnogi-manastirea-si-ulmeni-judetul-calarasi","status":"publish","type":"post","link":"https:\/\/www.agentiaimpreuna.ro\/capacitarea-romilor\/2022\/04\/05\/ziua-internationala-a-romilor-in-localitatile-curcani-chirnogi-manastirea-si-ulmeni-judetul-calarasi\/","title":{"rendered":"Ziua Interna\u021bional\u0103 a Romilor \u00een localit\u0103\u021bile Curcani, Chirnogi, M\u00e2n\u0103stirea \u0219i Ulmeni \u2013 jude\u021bul C\u0103l\u0103ra\u0219i."},"content":{"rendered":"\n<p>Anul acesta celebr\u0103m Ziua Interna\u021bional\u0103 a Romilor \u00een localit\u0103\u021bile Curcani, Chirnogi, M\u00e2n\u0103stirea \u0219i Ulmeni \u2013 jude\u021bul C\u0103l\u0103ra\u0219i.<\/p>\n\n\n\n<p>\u00cen fiecare an, pe 8 aprilie, s\u0103rb\u0103torim Ziua Interna\u021bional\u0103 a Romilor, ziua \u00een care ne apropiem de cultura romani, istoria \u0219i drepturile romilor de pretutindeni.<\/p>\n\n\n\n<p>Celebr\u0103m ziua de 8 aprilie pentru c\u0103 ne dorim s\u0103 promov\u0103m diversitatea \u0219i incluziunea, s\u0103 ne apropiem de pove\u0219tile romilor de l\u00e2ng\u0103 noi, dar \u0219i s\u0103 atragem aten\u021bia asupra problemelor cu care se confrunt\u0103 comunitatea rom\u0103.<\/p>\n\n\n\n<figure class=\"wp-block-gallery has-nested-images columns-default is-cropped wp-block-gallery-1 is-layout-flex wp-block-gallery-is-layout-flex\">\n<figure class=\"wp-block-image size-large\"><img loading=\"lazy\" decoding=\"async\" width=\"940\" height=\"788\" data-id=\"923\" src=\"https:\/\/www.agentiaimpreuna.ro\/capacitarea-romilor\/wp-content\/uploads\/2022\/06\/8-APRILIE.png\" alt=\"\" class=\"wp-image-923\" srcset=\"https:\/\/www.agentiaimpreuna.ro\/capacitarea-romilor\/wp-content\/uploads\/2022\/06\/8-APRILIE.png 940w, https:\/\/www.agentiaimpreuna.ro\/capacitarea-romilor\/wp-content\/uploads\/2022\/06\/8-APRILIE-300x251.png 300w, https:\/\/www.agentiaimpreuna.ro\/capacitarea-romilor\/wp-content\/uploads\/2022\/06\/8-APRILIE-768x644.png 768w, https:\/\/www.agentiaimpreuna.ro\/capacitarea-romilor\/wp-content\/uploads\/2022\/06\/8-APRILIE-14x12.png 14w\" sizes=\"auto, (max-width: 940px) 100vw, 940px\" \/><\/figure>\n<\/figure>\n\n\n\n<p>Ini\u021biativa privind marcarea Zilei Interna\u021bionale a Romilor a ap\u0103rut \u00een 1971, \u00een urm\u0103 cu 51 de ani, cu prilejul primului Congres Interna\u021bional al Romilor de pretutindeni, care a avut loc la Londra. Tot \u00een 1971 au fost adoptate simbolurile etniei rome, \u0219i anume: roata cu spi\u021be \u201echakra\u201d \u0219i Imnul interna\u021bional al romilor, \u201eGelem, gelem\u201d. De asemenea, a fost adoptat \u0219i steagul interna\u021bional al romilor, av\u00e2nd jum\u0103tatea de jos verde, simbol al c\u00e2mpurilor \u00eenverzite, jum\u0103tatea de sus albastr\u0103, simbol al cerului senin, iar \u00een mijloc roata, simboliz\u00e2nd at\u00e2t soarta, c\u00e2t \u0219i nomadismul tradi\u021bional.<\/p>\n\n\n\n<p>De asemenea, tot cu \u00eenceputul aceluia\u0219i an, au avut loc mai multe congrese mondiale, care au avut ca scop oficializarea limbii romani, cre\u0219terea gradului de con\u0219tientizare asupra persecu\u021biilor \u0219i abuzurilor asupra romilor din timpul Holocaustului \u00een cel de-al Doilea R\u0103zboi Mondial, revendicarea drepturilor civile ale romilor sau p\u0103strarea culturii \u0219i limbii romani. Din 2006, data de 8 aprilie devenea oficial \u201eS\u0103rb\u0103torirea etniei romilor din Rom\u00e2nia\u201d.<\/p>\n\n\n\n<p>Sper\u0103m ca 8 aprilie s\u0103 fie un prilej de a \u00eenv\u0103\u021ba s\u0103 tr\u0103im unul \u00een sprijinul celuilalt, d\u00e2nd la o parte stereotipurile \u0219i prejudec\u0103\u021bile. Credem cu t\u0103rie \u00eentr-o lume \u00een care putem tr\u0103i \u00eempreun\u0103, \u00een care s\u0103 nu ne mai fie team\u0103 s\u0103 ne identific\u0103m ca fiind de etnie rom\u0103, \u00een care pove\u0219tile s\u0103 ne apropie \u0219i s\u0103 ne exerseze empatia. Sper\u0103m ca Ziua Interna\u021bional\u0103 a Romilor s\u0103 fie un prilej de a \u00eenv\u0103\u021ba s\u0103 lucr\u0103m, tr\u0103im, r\u00e2dem, pl\u00e2ngem, convie\u021buim <a href=\"https:\/\/www.facebook.com\/hashtag\/%C3%AEmpreun%C4%83?__eep__=6&amp;__cft__[0]=AZUw27dx6mD0CTHrQAoRWcCjAziAzTkNxZhJBugk5KMtvJbQVIYMTSu-f_9uom8-Nk7c9l01GMclUOInTNcZ0F_uWFuh-JMydH7CDAVkzb638YFSvw5IwPepJ6Ymj5dmk_Nw_1TlbIqrHDjK7E4RCHeTWrfKQxPALytmXcxH1tbZpUR01YsHEquBdpHEvthlsiuZ3strVrRUqAItwWibcV2V&amp;__tn__=*NK-R\" target=\"_blank\" rel=\"noopener\">#\u00ceMPREUN\u0102<\/a>.<\/p>\n\n\n\n<p>La mul\u021bi ani romilor de pretutindeni!<\/p>\n","protected":false},"excerpt":{"rendered":"<p>Anul acesta celebr\u0103m Ziua Interna\u021bional\u0103 a Romilor \u00een localit\u0103\u021bile Curcani, Chirnogi, M\u00e2n\u0103stirea \u0219i Ulmeni \u2013 jude\u021bul C\u0103l\u0103ra\u0219i. \u00cen fiecare an, pe 8 aprilie, s\u0103rb\u0103torim Ziua Interna\u021bional\u0103 a Romilor, ziua \u00een care ne apropiem de cultura romani, istoria \u0219i drepturile romilor de pretutindeni. Celebr\u0103m ziua de 8 aprilie pentru c\u0103 ne dorim s\u0103 promov\u0103m diversitatea \u0219i incluziunea, s\u0103 ne apropiem de pove\u0219tile romilor de l\u00e2ng\u0103 noi, dar \u0219i s\u0103 atragem aten\u021bia asupra problemelor cu care se confrunt\u0103 comunitatea rom\u0103. Ini\u021biativa privind marcarea Zilei Interna\u021bionale a Romilor a ap\u0103rut \u00een 1971, \u00een urm\u0103 cu 51 de ani, cu prilejul primului Congres Interna\u021bional\u2026<\/p>\n","protected":false},"author":1,"featured_media":923,"comment_status":"open","ping_status":"open","sticky":false,"template":"","format":"standard","meta":{"qubely_global_settings":"","qubely_interactions":"","footnotes":""},"categories":[2],"tags":[],"class_list":["post-922","post","type-post","status-publish","format-standard","has-post-thumbnail","hentry","category-news"],"blocksy_meta":{"styles_descriptor":{"styles":{"desktop":"","tablet":"","mobile":""},"google_fonts":[]}},"qubely_featured_image_url":{"full":["https:\/\/www.agentiaimpreuna.ro\/capacitarea-romilor\/wp-content\/uploads\/2022\/06\/8-APRILIE.png",940,788,false],"landscape":["https:\/\/www.agentiaimpreuna.ro\/capacitarea-romilor\/wp-content\/uploads\/2022\/06\/8-APRILIE-940x750.png",940,750,true],"portraits":["https:\/\/www.agentiaimpreuna.ro\/capacitarea-romilor\/wp-content\/uploads\/2022\/06\/8-APRILIE-540x320.png",540,320,true],"thumbnail":["https:\/\/www.agentiaimpreuna.ro\/capacitarea-romilor\/wp-content\/uploads\/2022\/06\/8-APRILIE-150x150.png",150,150,true],"medium":["https:\/\/www.agentiaimpreuna.ro\/capacitarea-romilor\/wp-content\/uploads\/2022\/06\/8-APRILIE-300x251.png",300,251,true],"medium_large":["https:\/\/www.agentiaimpreuna.ro\/capacitarea-romilor\/wp-content\/uploads\/2022\/06\/8-APRILIE-768x644.png",768,644,true],"large":["https:\/\/www.agentiaimpreuna.ro\/capacitarea-romilor\/wp-content\/uploads\/2022\/06\/8-APRILIE.png",940,788,false],"1536x1536":["https:\/\/www.agentiaimpreuna.ro\/capacitarea-romilor\/wp-content\/uploads\/2022\/06\/8-APRILIE.png",940,788,false],"2048x2048":["https:\/\/www.agentiaimpreuna.ro\/capacitarea-romilor\/wp-content\/uploads\/2022\/06\/8-APRILIE.png",940,788,false],"trp-custom-language-flag":["https:\/\/www.agentiaimpreuna.ro\/capacitarea-romilor\/wp-content\/uploads\/2022\/06\/8-APRILIE-14x12.png",14,12,true],"qubely_landscape":["https:\/\/www.agentiaimpreuna.ro\/capacitarea-romilor\/wp-content\/uploads\/2022\/06\/8-APRILIE-940x750.png",940,750,true],"qubely_portrait":["https:\/\/www.agentiaimpreuna.ro\/capacitarea-romilor\/wp-content\/uploads\/2022\/06\/8-APRILIE-540x320.png",540,320,true],"qubely_thumbnail":["https:\/\/www.agentiaimpreuna.ro\/capacitarea-romilor\/wp-content\/uploads\/2022\/06\/8-APRILIE-140x100.png",140,100,true]},"qubely_author":{"display_name":"agenadmin","author_link":"https:\/\/www.agentiaimpreuna.ro\/capacitarea-romilor\/author\/agenadmin\/"},"qubely_comment":0,"qubely_category":"<a href=\"https:\/\/www.agentiaimpreuna.ro\/capacitarea-romilor\/category\/news\/\" rel=\"category tag\">News<\/a>","qubely_excerpt":"Anul acesta celebr\u0103m Ziua Interna\u021bional\u0103 a Romilor \u00een localit\u0103\u021bile Curcani, Chirnogi, M\u00e2n\u0103stirea \u0219i Ulmeni \u2013 jude\u021bul C\u0103l\u0103ra\u0219i. \u00cen fiecare an, pe 8 aprilie, s\u0103rb\u0103torim Ziua Interna\u021bional\u0103 a Romilor, ziua \u00een care ne apropiem de cultura romani, istoria \u0219i drepturile romilor de pretutindeni. Celebr\u0103m ziua de 8 aprilie pentru c\u0103 ne dorim s\u0103 promov\u0103m diversitatea \u0219i&hellip;","featured_image_urls":{"full":["https:\/\/www.agentiaimpreuna.ro\/capacitarea-romilor\/wp-content\/uploads\/2022\/06\/8-APRILIE.png",940,788,false],"thumbnail":["https:\/\/www.agentiaimpreuna.ro\/capacitarea-romilor\/wp-content\/uploads\/2022\/06\/8-APRILIE-150x150.png",150,150,true],"medium":["https:\/\/www.agentiaimpreuna.ro\/capacitarea-romilor\/wp-content\/uploads\/2022\/06\/8-APRILIE-300x251.png",300,251,true],"medium_large":["https:\/\/www.agentiaimpreuna.ro\/capacitarea-romilor\/wp-content\/uploads\/2022\/06\/8-APRILIE-768x644.png",768,644,true],"large":["https:\/\/www.agentiaimpreuna.ro\/capacitarea-romilor\/wp-content\/uploads\/2022\/06\/8-APRILIE.png",940,788,false],"1536x1536":["https:\/\/www.agentiaimpreuna.ro\/capacitarea-romilor\/wp-content\/uploads\/2022\/06\/8-APRILIE.png",940,788,false],"2048x2048":["https:\/\/www.agentiaimpreuna.ro\/capacitarea-romilor\/wp-content\/uploads\/2022\/06\/8-APRILIE.png",940,788,false],"trp-custom-language-flag":["https:\/\/www.agentiaimpreuna.ro\/capacitarea-romilor\/wp-content\/uploads\/2022\/06\/8-APRILIE-14x12.png",14,12,true],"qubely_landscape":["https:\/\/www.agentiaimpreuna.ro\/capacitarea-romilor\/wp-content\/uploads\/2022\/06\/8-APRILIE-940x750.png",940,750,true],"qubely_portrait":["https:\/\/www.agentiaimpreuna.ro\/capacitarea-romilor\/wp-content\/uploads\/2022\/06\/8-APRILIE-540x320.png",540,320,true],"qubely_thumbnail":["https:\/\/www.agentiaimpreuna.ro\/capacitarea-romilor\/wp-content\/uploads\/2022\/06\/8-APRILIE-140x100.png",140,100,true]},"post_excerpt_stackable":"<p>Anul acesta celebr\u0103m Ziua Interna\u021bional\u0103 a Romilor \u00een localit\u0103\u021bile Curcani, Chirnogi, M\u00e2n\u0103stirea \u0219i Ulmeni \u2013 jude\u021bul C\u0103l\u0103ra\u0219i. \u00cen fiecare an, pe 8 aprilie, s\u0103rb\u0103torim Ziua Interna\u021bional\u0103 a Romilor, ziua \u00een care ne apropiem de cultura romani, istoria \u0219i drepturile romilor de pretutindeni. Celebr\u0103m ziua de 8 aprilie pentru c\u0103 ne dorim s\u0103 promov\u0103m diversitatea \u0219i incluziunea, s\u0103 ne apropiem de pove\u0219tile romilor de l\u00e2ng\u0103 noi, dar \u0219i s\u0103 atragem aten\u021bia asupra problemelor cu care se confrunt\u0103 comunitatea rom\u0103. Ini\u021biativa privind marcarea Zilei Interna\u021bionale a Romilor a ap\u0103rut \u00een 1971, \u00een urm\u0103 cu 51 de ani, cu prilejul primului Congres Interna\u021bional&hellip;<\/p>\n","category_list":"<a href=\"https:\/\/www.agentiaimpreuna.ro\/capacitarea-romilor\/category\/news\/\" rel=\"category tag\">News<\/a>","author_info":{"name":"agenadmin","url":"https:\/\/www.agentiaimpreuna.ro\/capacitarea-romilor\/author\/agenadmin\/"},"comments_num":"0 comments","featured_image_urls_v2":{"full":["https:\/\/www.agentiaimpreuna.ro\/capacitarea-romilor\/wp-content\/uploads\/2022\/06\/8-APRILIE.png",940,788,false],"thumbnail":["https:\/\/www.agentiaimpreuna.ro\/capacitarea-romilor\/wp-content\/uploads\/2022\/06\/8-APRILIE-150x150.png",150,150,true],"medium":["https:\/\/www.agentiaimpreuna.ro\/capacitarea-romilor\/wp-content\/uploads\/2022\/06\/8-APRILIE-300x251.png",300,251,true],"medium_large":["https:\/\/www.agentiaimpreuna.ro\/capacitarea-romilor\/wp-content\/uploads\/2022\/06\/8-APRILIE-768x644.png",768,644,true],"large":["https:\/\/www.agentiaimpreuna.ro\/capacitarea-romilor\/wp-content\/uploads\/2022\/06\/8-APRILIE.png",940,788,false],"1536x1536":["https:\/\/www.agentiaimpreuna.ro\/capacitarea-romilor\/wp-content\/uploads\/2022\/06\/8-APRILIE.png",940,788,false],"2048x2048":["https:\/\/www.agentiaimpreuna.ro\/capacitarea-romilor\/wp-content\/uploads\/2022\/06\/8-APRILIE.png",940,788,false],"trp-custom-language-flag":["https:\/\/www.agentiaimpreuna.ro\/capacitarea-romilor\/wp-content\/uploads\/2022\/06\/8-APRILIE-14x12.png",14,12,true],"qubely_landscape":["https:\/\/www.agentiaimpreuna.ro\/capacitarea-romilor\/wp-content\/uploads\/2022\/06\/8-APRILIE-940x750.png",940,750,true],"qubely_portrait":["https:\/\/www.agentiaimpreuna.ro\/capacitarea-romilor\/wp-content\/uploads\/2022\/06\/8-APRILIE-540x320.png",540,320,true],"qubely_thumbnail":["https:\/\/www.agentiaimpreuna.ro\/capacitarea-romilor\/wp-content\/uploads\/2022\/06\/8-APRILIE-140x100.png",140,100,true]},"post_excerpt_stackable_v2":"<p>Anul acesta celebr\u0103m Ziua Interna\u021bional\u0103 a Romilor \u00een localit\u0103\u021bile Curcani, Chirnogi, M\u00e2n\u0103stirea \u0219i Ulmeni \u2013 jude\u021bul C\u0103l\u0103ra\u0219i. \u00cen fiecare an, pe 8 aprilie, s\u0103rb\u0103torim Ziua Interna\u021bional\u0103 a Romilor, ziua \u00een care ne apropiem de cultura romani, istoria \u0219i drepturile romilor de pretutindeni. Celebr\u0103m ziua de 8 aprilie pentru c\u0103 ne dorim s\u0103 promov\u0103m diversitatea \u0219i incluziunea, s\u0103 ne apropiem de pove\u0219tile romilor de l\u00e2ng\u0103 noi, dar \u0219i s\u0103 atragem aten\u021bia asupra problemelor cu care se confrunt\u0103 comunitatea rom\u0103. Ini\u021biativa privind marcarea Zilei Interna\u021bionale a Romilor a ap\u0103rut \u00een 1971, \u00een urm\u0103 cu 51 de ani, cu prilejul primului Congres Interna\u021bional&hellip;<\/p>\n","category_list_v2":"<a href=\"https:\/\/www.agentiaimpreuna.ro\/capacitarea-romilor\/category\/news\/\" rel=\"category tag\">News<\/a>","author_info_v2":{"name":"agenadmin","url":"https:\/\/www.agentiaimpreuna.ro\/capacitarea-romilor\/author\/agenadmin\/"},"comments_num_v2":"0 comments","_links":{"self":[{"href":"https:\/\/www.agentiaimpreuna.ro\/capacitarea-romilor\/wp-json\/wp\/v2\/posts\/922","targetHints":{"allow":["GET"]}}],"collection":[{"href":"https:\/\/www.agentiaimpreuna.ro\/capacitarea-romilor\/wp-json\/wp\/v2\/posts"}],"about":[{"href":"https:\/\/www.agentiaimpreuna.ro\/capacitarea-romilor\/wp-json\/wp\/v2\/types\/post"}],"author":[{"embeddable":true,"href":"https:\/\/www.agentiaimpreuna.ro\/capacitarea-romilor\/wp-json\/wp\/v2\/users\/1"}],"replies":[{"embeddable":true,"href":"https:\/\/www.agentiaimpreuna.ro\/capacitarea-romilor\/wp-json\/wp\/v2\/comments?post=922"}],"version-history":[{"count":1,"href":"https:\/\/www.agentiaimpreuna.ro\/capacitarea-romilor\/wp-json\/wp\/v2\/posts\/922\/revisions"}],"predecessor-version":[{"id":924,"href":"https:\/\/www.agentiaimpreuna.ro\/capacitarea-romilor\/wp-json\/wp\/v2\/posts\/922\/revisions\/924"}],"wp:featuredmedia":[{"embeddable":true,"href":"https:\/\/www.agentiaimpreuna.ro\/capacitarea-romilor\/wp-json\/wp\/v2\/media\/923"}],"wp:attachment":[{"href":"https:\/\/www.agentiaimpreuna.ro\/capacitarea-romilor\/wp-json\/wp\/v2\/media?parent=922"}],"wp:term":[{"taxonomy":"category","embeddable":true,"href":"https:\/\/www.agentiaimpreuna.ro\/capacitarea-romilor\/wp-json\/wp\/v2\/categories?post=922"},{"taxonomy":"post_tag","embeddable":true,"href":"https:\/\/www.agentiaimpreuna.ro\/capacitarea-romilor\/wp-json\/wp\/v2\/tags?post=922"}],"curies":[{"name":"wp","href":"https:\/\/api.w.org\/{rel}","templated":true}]}}