{"id":908,"date":"2022-01-12T11:37:00","date_gmt":"2022-01-12T11:37:00","guid":{"rendered":"https:\/\/www.agentiaimpreuna.ro\/capacitarea-romilor\/?p=908"},"modified":"2022-07-19T08:47:15","modified_gmt":"2022-07-19T08:47:15","slug":"analiza-nevoilor-celor-12-comunitati-implicate","status":"publish","type":"post","link":"https:\/\/www.agentiaimpreuna.ro\/capacitarea-romilor\/2022\/01\/12\/analiza-nevoilor-celor-12-comunitati-implicate\/","title":{"rendered":"Analiza nevoilor celor 12 comunit\u0103\u021bi implicate"},"content":{"rendered":"\n<p>Analiza nevoilor celor 12 comunit\u0103\u021bi implicate \u00een proiect a fost finalizat\u0103 pe 12 ianuarie.<\/p>\n\n\n\n<p>Datele au fost culese pe baza unui chestionar completat de membrii comunit\u0103\u021bilor, cuprinz\u00e2nd indicatori despre educa\u021bie, s\u0103n\u0103tate, infrastructur\u0103, locuire, ocupare, cultur\u0103 \u0219i discriminare.<\/p>\n\n\n\n<p>\u00cen urma analizei, membrii grupurilor de ini\u021biativ\u0103 au prioritizat nevoile comunit\u0103\u021bilor. <\/p>\n\n\n\n<p>De\u0219i nevoile fiec\u0103rei comunit\u0103\u021bi sunt distincte, exist\u0103 domenii comune pentru care membrii din mai multe comunit\u0103\u021bi solicit\u0103 \u00eembun\u0103t\u0103\u021biri.<\/p>\n\n\n\n<figure class=\"wp-block-gallery has-nested-images columns-default is-cropped wp-block-gallery-1 is-layout-flex wp-block-gallery-is-layout-flex\">\n<figure class=\"wp-block-image size-large\"><img loading=\"lazy\" decoding=\"async\" width=\"940\" height=\"788\" data-id=\"909\" src=\"https:\/\/www.agentiaimpreuna.ro\/capacitarea-romilor\/wp-content\/uploads\/2022\/06\/nc1.png\" alt=\"\" class=\"wp-image-909\" srcset=\"https:\/\/www.agentiaimpreuna.ro\/capacitarea-romilor\/wp-content\/uploads\/2022\/06\/nc1.png 940w, https:\/\/www.agentiaimpreuna.ro\/capacitarea-romilor\/wp-content\/uploads\/2022\/06\/nc1-300x251.png 300w, https:\/\/www.agentiaimpreuna.ro\/capacitarea-romilor\/wp-content\/uploads\/2022\/06\/nc1-768x644.png 768w, https:\/\/www.agentiaimpreuna.ro\/capacitarea-romilor\/wp-content\/uploads\/2022\/06\/nc1-14x12.png 14w\" sizes=\"auto, (max-width: 940px) 100vw, 940px\" \/><\/figure>\n\n\n\n<figure class=\"wp-block-image size-large\"><img loading=\"lazy\" decoding=\"async\" width=\"940\" height=\"788\" data-id=\"910\" src=\"https:\/\/www.agentiaimpreuna.ro\/capacitarea-romilor\/wp-content\/uploads\/2022\/06\/nc2.png\" alt=\"\" class=\"wp-image-910\" srcset=\"https:\/\/www.agentiaimpreuna.ro\/capacitarea-romilor\/wp-content\/uploads\/2022\/06\/nc2.png 940w, https:\/\/www.agentiaimpreuna.ro\/capacitarea-romilor\/wp-content\/uploads\/2022\/06\/nc2-300x251.png 300w, https:\/\/www.agentiaimpreuna.ro\/capacitarea-romilor\/wp-content\/uploads\/2022\/06\/nc2-768x644.png 768w, https:\/\/www.agentiaimpreuna.ro\/capacitarea-romilor\/wp-content\/uploads\/2022\/06\/nc2-14x12.png 14w\" sizes=\"auto, (max-width: 940px) 100vw, 940px\" \/><\/figure>\n<\/figure>\n\n\n\n<p><a href=\"https:\/\/www.facebook.com\/hashtag\/capacitarea%C8%99iabilitarearomilor?__eep__=6&amp;__cft__[0]=AZURE9Z34aCLnHOSvc8bRbImNluQj9wDGv2al4YqNoxV20rH7OlA3V7NoetZM8augATmnxQf3C2A-06p7GZbLZqi35glkzZ03bXPhRfQdA_m4tPQ4Hmg51o8qWvdVip8Arz-24l4P59nNCVdcxmWBMebr2cKUh17dgrJYL2B82orlbuh6KWw-sxks2rZl_J4TFHOqDGhwS-KGcY0myCNQ9H7&amp;__tn__=*NK-R\" target=\"_blank\" rel=\"noopener\">#Capacitarea\u0218iAbilitareaRomilor<\/a><\/p>\n\n\n\n<p><a href=\"https:\/\/www.facebook.com\/hashtag\/haide?__eep__=6&amp;__cft__[0]=AZURE9Z34aCLnHOSvc8bRbImNluQj9wDGv2al4YqNoxV20rH7OlA3V7NoetZM8augATmnxQf3C2A-06p7GZbLZqi35glkzZ03bXPhRfQdA_m4tPQ4Hmg51o8qWvdVip8Arz-24l4P59nNCVdcxmWBMebr2cKUh17dgrJYL2B82orlbuh6KWw-sxks2rZl_J4TFHOqDGhwS-KGcY0myCNQ9H7&amp;__tn__=*NK-R\" target=\"_blank\" rel=\"noopener\">#haide<\/a><a href=\"https:\/\/www.facebook.com\/hashtag\/activecitizensfund?__eep__=6&amp;__cft__[0]=AZURE9Z34aCLnHOSvc8bRbImNluQj9wDGv2al4YqNoxV20rH7OlA3V7NoetZM8augATmnxQf3C2A-06p7GZbLZqi35glkzZ03bXPhRfQdA_m4tPQ4Hmg51o8qWvdVip8Arz-24l4P59nNCVdcxmWBMebr2cKUh17dgrJYL2B82orlbuh6KWw-sxks2rZl_J4TFHOqDGhwS-KGcY0myCNQ9H7&amp;__tn__=*NK-R\" target=\"_blank\" rel=\"noopener\">#ActiveCitizensFund<\/a><a href=\"https:\/\/www.facebook.com\/hashtag\/romania?__eep__=6&amp;__cft__[0]=AZURE9Z34aCLnHOSvc8bRbImNluQj9wDGv2al4YqNoxV20rH7OlA3V7NoetZM8augATmnxQf3C2A-06p7GZbLZqi35glkzZ03bXPhRfQdA_m4tPQ4Hmg51o8qWvdVip8Arz-24l4P59nNCVdcxmWBMebr2cKUh17dgrJYL2B82orlbuh6KWw-sxks2rZl_J4TFHOqDGhwS-KGcY0myCNQ9H7&amp;__tn__=*NK-R\" target=\"_blank\" rel=\"noopener\">#Romania<\/a><a href=\"https:\/\/www.facebook.com\/hashtag\/activecitizens?__eep__=6&amp;__cft__[0]=AZURE9Z34aCLnHOSvc8bRbImNluQj9wDGv2al4YqNoxV20rH7OlA3V7NoetZM8augATmnxQf3C2A-06p7GZbLZqi35glkzZ03bXPhRfQdA_m4tPQ4Hmg51o8qWvdVip8Arz-24l4P59nNCVdcxmWBMebr2cKUh17dgrJYL2B82orlbuh6KWw-sxks2rZl_J4TFHOqDGhwS-KGcY0myCNQ9H7&amp;__tn__=*NK-R\" target=\"_blank\" rel=\"noopener\">#activecitizens<\/a><a href=\"https:\/\/www.facebook.com\/hashtag\/eeanorwaygrants?__eep__=6&amp;__cft__[0]=AZURE9Z34aCLnHOSvc8bRbImNluQj9wDGv2al4YqNoxV20rH7OlA3V7NoetZM8augATmnxQf3C2A-06p7GZbLZqi35glkzZ03bXPhRfQdA_m4tPQ4Hmg51o8qWvdVip8Arz-24l4P59nNCVdcxmWBMebr2cKUh17dgrJYL2B82orlbuh6KWw-sxks2rZl_J4TFHOqDGhwS-KGcY0myCNQ9H7&amp;__tn__=*NK-R\" target=\"_blank\" rel=\"noopener\">#EEANorwayGrants<\/a><\/p>\n","protected":false},"excerpt":{"rendered":"<p>Analiza nevoilor celor 12 comunit\u0103\u021bi implicate \u00een proiect a fost finalizat\u0103 pe 12 ianuarie. Datele au fost culese pe baza unui chestionar completat de membrii comunit\u0103\u021bilor, cuprinz\u00e2nd indicatori despre educa\u021bie, s\u0103n\u0103tate, infrastructur\u0103, locuire, ocupare, cultur\u0103 \u0219i discriminare. \u00cen urma analizei, membrii grupurilor de ini\u021biativ\u0103 au prioritizat nevoile comunit\u0103\u021bilor. De\u0219i nevoile fiec\u0103rei comunit\u0103\u021bi sunt distincte, exist\u0103 domenii comune pentru care membrii din mai multe comunit\u0103\u021bi solicit\u0103 \u00eembun\u0103t\u0103\u021biri. #Capacitarea\u0218iAbilitareaRomilor #haide#ActiveCitizensFund#Romania#activecitizens#EEANorwayGrants<\/p>\n","protected":false},"author":1,"featured_media":732,"comment_status":"open","ping_status":"open","sticky":false,"template":"","format":"standard","meta":{"qubely_global_settings":"","qubely_interactions":"","footnotes":""},"categories":[2],"tags":[],"class_list":["post-908","post","type-post","status-publish","format-standard","has-post-thumbnail","hentry","category-news"],"blocksy_meta":{"styles_descriptor":{"styles":{"desktop":"","tablet":"","mobile":""},"google_fonts":[]}},"qubely_featured_image_url":{"full":["https:\/\/www.agentiaimpreuna.ro\/capacitarea-romilor\/wp-content\/uploads\/2021\/09\/Prezentare-Proiect-e1631635601472.jpg",1080,721,false],"landscape":["https:\/\/www.agentiaimpreuna.ro\/capacitarea-romilor\/wp-content\/uploads\/2021\/09\/Prezentare-Proiect-1200x750.jpg",1200,750,true],"portraits":["https:\/\/www.agentiaimpreuna.ro\/capacitarea-romilor\/wp-content\/uploads\/2021\/09\/Prezentare-Proiect-540x320.jpg",540,320,true],"thumbnail":["https:\/\/www.agentiaimpreuna.ro\/capacitarea-romilor\/wp-content\/uploads\/2021\/09\/Prezentare-Proiect-150x150.jpg",150,150,true],"medium":["https:\/\/www.agentiaimpreuna.ro\/capacitarea-romilor\/wp-content\/uploads\/2021\/09\/Prezentare-Proiect-300x200.jpg",300,200,true],"medium_large":["https:\/\/www.agentiaimpreuna.ro\/capacitarea-romilor\/wp-content\/uploads\/2021\/09\/Prezentare-Proiect-768x512.jpg",768,512,true],"large":["https:\/\/www.agentiaimpreuna.ro\/capacitarea-romilor\/wp-content\/uploads\/2021\/09\/Prezentare-Proiect-1024x683.jpg",1024,683,true],"1536x1536":["https:\/\/www.agentiaimpreuna.ro\/capacitarea-romilor\/wp-content\/uploads\/2021\/09\/Prezentare-Proiect-1536x1025.jpg",1536,1025,true],"2048x2048":["https:\/\/www.agentiaimpreuna.ro\/capacitarea-romilor\/wp-content\/uploads\/2021\/09\/Prezentare-Proiect-e1631635601472.jpg",1080,721,false],"trp-custom-language-flag":["https:\/\/www.agentiaimpreuna.ro\/capacitarea-romilor\/wp-content\/uploads\/2021\/09\/Prezentare-Proiect-e1631635601472.jpg",18,12,false],"qubely_landscape":["https:\/\/www.agentiaimpreuna.ro\/capacitarea-romilor\/wp-content\/uploads\/2021\/09\/Prezentare-Proiect-1200x750.jpg",1200,750,true],"qubely_portrait":["https:\/\/www.agentiaimpreuna.ro\/capacitarea-romilor\/wp-content\/uploads\/2021\/09\/Prezentare-Proiect-540x320.jpg",540,320,true],"qubely_thumbnail":["https:\/\/www.agentiaimpreuna.ro\/capacitarea-romilor\/wp-content\/uploads\/2021\/09\/Prezentare-Proiect-140x100.jpg",140,100,true]},"qubely_author":{"display_name":"agenadmin","author_link":"https:\/\/www.agentiaimpreuna.ro\/capacitarea-romilor\/author\/agenadmin\/"},"qubely_comment":6,"qubely_category":"<a href=\"https:\/\/www.agentiaimpreuna.ro\/capacitarea-romilor\/category\/news\/\" rel=\"category tag\">News<\/a>","qubely_excerpt":"Analiza nevoilor celor 12 comunit\u0103\u021bi implicate \u00een proiect a fost finalizat\u0103 pe 12 ianuarie. Datele au fost culese pe baza unui chestionar completat de membrii comunit\u0103\u021bilor, cuprinz\u00e2nd indicatori despre educa\u021bie, s\u0103n\u0103tate, infrastructur\u0103, locuire, ocupare, cultur\u0103 \u0219i discriminare. \u00cen urma analizei, membrii grupurilor de ini\u021biativ\u0103 au prioritizat nevoile comunit\u0103\u021bilor. De\u0219i nevoile fiec\u0103rei comunit\u0103\u021bi sunt distincte, exist\u0103&hellip;","featured_image_urls":{"full":["https:\/\/www.agentiaimpreuna.ro\/capacitarea-romilor\/wp-content\/uploads\/2021\/09\/Prezentare-Proiect-e1631635601472.jpg",1080,721,false],"thumbnail":["https:\/\/www.agentiaimpreuna.ro\/capacitarea-romilor\/wp-content\/uploads\/2021\/09\/Prezentare-Proiect-150x150.jpg",150,150,true],"medium":["https:\/\/www.agentiaimpreuna.ro\/capacitarea-romilor\/wp-content\/uploads\/2021\/09\/Prezentare-Proiect-300x200.jpg",300,200,true],"medium_large":["https:\/\/www.agentiaimpreuna.ro\/capacitarea-romilor\/wp-content\/uploads\/2021\/09\/Prezentare-Proiect-768x512.jpg",768,512,true],"large":["https:\/\/www.agentiaimpreuna.ro\/capacitarea-romilor\/wp-content\/uploads\/2021\/09\/Prezentare-Proiect-1024x683.jpg",1024,683,true],"1536x1536":["https:\/\/www.agentiaimpreuna.ro\/capacitarea-romilor\/wp-content\/uploads\/2021\/09\/Prezentare-Proiect-1536x1025.jpg",1536,1025,true],"2048x2048":["https:\/\/www.agentiaimpreuna.ro\/capacitarea-romilor\/wp-content\/uploads\/2021\/09\/Prezentare-Proiect-e1631635601472.jpg",1080,721,false],"trp-custom-language-flag":["https:\/\/www.agentiaimpreuna.ro\/capacitarea-romilor\/wp-content\/uploads\/2021\/09\/Prezentare-Proiect-e1631635601472.jpg",18,12,false],"qubely_landscape":["https:\/\/www.agentiaimpreuna.ro\/capacitarea-romilor\/wp-content\/uploads\/2021\/09\/Prezentare-Proiect-1200x750.jpg",1200,750,true],"qubely_portrait":["https:\/\/www.agentiaimpreuna.ro\/capacitarea-romilor\/wp-content\/uploads\/2021\/09\/Prezentare-Proiect-540x320.jpg",540,320,true],"qubely_thumbnail":["https:\/\/www.agentiaimpreuna.ro\/capacitarea-romilor\/wp-content\/uploads\/2021\/09\/Prezentare-Proiect-140x100.jpg",140,100,true]},"post_excerpt_stackable":"<p>Analiza nevoilor celor 12 comunit\u0103\u021bi implicate \u00een proiect a fost finalizat\u0103 pe 12 ianuarie. Datele au fost culese pe baza unui chestionar completat de membrii comunit\u0103\u021bilor, cuprinz\u00e2nd indicatori despre educa\u021bie, s\u0103n\u0103tate, infrastructur\u0103, locuire, ocupare, cultur\u0103 \u0219i discriminare. \u00cen urma analizei, membrii grupurilor de ini\u021biativ\u0103 au prioritizat nevoile comunit\u0103\u021bilor. De\u0219i nevoile fiec\u0103rei comunit\u0103\u021bi sunt distincte, exist\u0103 domenii comune pentru care membrii din mai multe comunit\u0103\u021bi solicit\u0103 \u00eembun\u0103t\u0103\u021biri. #Capacitarea\u0218iAbilitareaRomilor #haide#ActiveCitizensFund#Romania#activecitizens#EEANorwayGrants<\/p>\n","category_list":"<a href=\"https:\/\/www.agentiaimpreuna.ro\/capacitarea-romilor\/category\/news\/\" rel=\"category tag\">News<\/a>","author_info":{"name":"agenadmin","url":"https:\/\/www.agentiaimpreuna.ro\/capacitarea-romilor\/author\/agenadmin\/"},"comments_num":"0 comments","featured_image_urls_v2":{"full":["https:\/\/www.agentiaimpreuna.ro\/capacitarea-romilor\/wp-content\/uploads\/2021\/09\/Prezentare-Proiect-e1631635601472.jpg",1080,721,false],"thumbnail":["https:\/\/www.agentiaimpreuna.ro\/capacitarea-romilor\/wp-content\/uploads\/2021\/09\/Prezentare-Proiect-150x150.jpg",150,150,true],"medium":["https:\/\/www.agentiaimpreuna.ro\/capacitarea-romilor\/wp-content\/uploads\/2021\/09\/Prezentare-Proiect-300x200.jpg",300,200,true],"medium_large":["https:\/\/www.agentiaimpreuna.ro\/capacitarea-romilor\/wp-content\/uploads\/2021\/09\/Prezentare-Proiect-768x512.jpg",768,512,true],"large":["https:\/\/www.agentiaimpreuna.ro\/capacitarea-romilor\/wp-content\/uploads\/2021\/09\/Prezentare-Proiect-1024x683.jpg",1024,683,true],"1536x1536":["https:\/\/www.agentiaimpreuna.ro\/capacitarea-romilor\/wp-content\/uploads\/2021\/09\/Prezentare-Proiect-1536x1025.jpg",1536,1025,true],"2048x2048":["https:\/\/www.agentiaimpreuna.ro\/capacitarea-romilor\/wp-content\/uploads\/2021\/09\/Prezentare-Proiect-e1631635601472.jpg",1080,721,false],"trp-custom-language-flag":["https:\/\/www.agentiaimpreuna.ro\/capacitarea-romilor\/wp-content\/uploads\/2021\/09\/Prezentare-Proiect-e1631635601472.jpg",18,12,false],"qubely_landscape":["https:\/\/www.agentiaimpreuna.ro\/capacitarea-romilor\/wp-content\/uploads\/2021\/09\/Prezentare-Proiect-1200x750.jpg",1200,750,true],"qubely_portrait":["https:\/\/www.agentiaimpreuna.ro\/capacitarea-romilor\/wp-content\/uploads\/2021\/09\/Prezentare-Proiect-540x320.jpg",540,320,true],"qubely_thumbnail":["https:\/\/www.agentiaimpreuna.ro\/capacitarea-romilor\/wp-content\/uploads\/2021\/09\/Prezentare-Proiect-140x100.jpg",140,100,true]},"post_excerpt_stackable_v2":"<p>Analiza nevoilor celor 12 comunit\u0103\u021bi implicate \u00een proiect a fost finalizat\u0103 pe 12 ianuarie. Datele au fost culese pe baza unui chestionar completat de membrii comunit\u0103\u021bilor, cuprinz\u00e2nd indicatori despre educa\u021bie, s\u0103n\u0103tate, infrastructur\u0103, locuire, ocupare, cultur\u0103 \u0219i discriminare. \u00cen urma analizei, membrii grupurilor de ini\u021biativ\u0103 au prioritizat nevoile comunit\u0103\u021bilor. De\u0219i nevoile fiec\u0103rei comunit\u0103\u021bi sunt distincte, exist\u0103 domenii comune pentru care membrii din mai multe comunit\u0103\u021bi solicit\u0103 \u00eembun\u0103t\u0103\u021biri. #Capacitarea\u0218iAbilitareaRomilor #haide#ActiveCitizensFund#Romania#activecitizens#EEANorwayGrants<\/p>\n","category_list_v2":"<a href=\"https:\/\/www.agentiaimpreuna.ro\/capacitarea-romilor\/category\/news\/\" rel=\"category tag\">News<\/a>","author_info_v2":{"name":"agenadmin","url":"https:\/\/www.agentiaimpreuna.ro\/capacitarea-romilor\/author\/agenadmin\/"},"comments_num_v2":"0 comments","_links":{"self":[{"href":"https:\/\/www.agentiaimpreuna.ro\/capacitarea-romilor\/wp-json\/wp\/v2\/posts\/908","targetHints":{"allow":["GET"]}}],"collection":[{"href":"https:\/\/www.agentiaimpreuna.ro\/capacitarea-romilor\/wp-json\/wp\/v2\/posts"}],"about":[{"href":"https:\/\/www.agentiaimpreuna.ro\/capacitarea-romilor\/wp-json\/wp\/v2\/types\/post"}],"author":[{"embeddable":true,"href":"https:\/\/www.agentiaimpreuna.ro\/capacitarea-romilor\/wp-json\/wp\/v2\/users\/1"}],"replies":[{"embeddable":true,"href":"https:\/\/www.agentiaimpreuna.ro\/capacitarea-romilor\/wp-json\/wp\/v2\/comments?post=908"}],"version-history":[{"count":1,"href":"https:\/\/www.agentiaimpreuna.ro\/capacitarea-romilor\/wp-json\/wp\/v2\/posts\/908\/revisions"}],"predecessor-version":[{"id":911,"href":"https:\/\/www.agentiaimpreuna.ro\/capacitarea-romilor\/wp-json\/wp\/v2\/posts\/908\/revisions\/911"}],"wp:featuredmedia":[{"embeddable":true,"href":"https:\/\/www.agentiaimpreuna.ro\/capacitarea-romilor\/wp-json\/wp\/v2\/media\/732"}],"wp:attachment":[{"href":"https:\/\/www.agentiaimpreuna.ro\/capacitarea-romilor\/wp-json\/wp\/v2\/media?parent=908"}],"wp:term":[{"taxonomy":"category","embeddable":true,"href":"https:\/\/www.agentiaimpreuna.ro\/capacitarea-romilor\/wp-json\/wp\/v2\/categories?post=908"},{"taxonomy":"post_tag","embeddable":true,"href":"https:\/\/www.agentiaimpreuna.ro\/capacitarea-romilor\/wp-json\/wp\/v2\/tags?post=908"}],"curies":[{"name":"wp","href":"https:\/\/api.w.org\/{rel}","templated":true}]}}