{"id":1080,"date":"2022-08-02T09:34:38","date_gmt":"2022-08-02T09:34:38","guid":{"rendered":"https:\/\/www.agentiaimpreuna.ro\/capacitarea-romilor\/?p=1080"},"modified":"2022-08-02T09:37:25","modified_gmt":"2022-08-02T09:37:25","slug":"comemorarea-zilei-dedicate-victimelor-holocaustului-romilor-calarasi","status":"publish","type":"post","link":"https:\/\/www.agentiaimpreuna.ro\/capacitarea-romilor\/2022\/08\/02\/comemorarea-zilei-dedicate-victimelor-holocaustului-romilor-calarasi\/","title":{"rendered":"Comemorarea Zilei dedicate victimelor Holocaustului Romilor (C\u0103l\u0103ra\u0219i)"},"content":{"rendered":"\n<p>\u00cen 2 august 1944 (\u00een urm\u0103 cu doar 78 de ani), \u00een lag\u0103rul de concentrare de la Auschwitz II-Birkenau, cei aproximativ 3000 de romi r\u0103ma\u0219i \u00een via\u021b\u0103 au fost extermina\u021bi \u00een camere de gazare. \u00cen total, \u00een Europa, circa 500.000 de romi au fost uci\u0219i \u00een perioada Holocaustului. Printre ei se aflau femei, b\u0103tr\u00e2ni \u0219i copii \u2013 adic\u0103 parte din str\u0103mo\u0219ii no\u0219tri romi.<\/p>\n\n\n\n<p>Ast\u0103zi, 2 august, comemor\u0103m victimele Holocaustului Romilor (Poraimos sau Samudaripen \u00een limba romani). Motiv pentru care anul acesta, \u00een localit\u0103\u021bile din jude\u021bul C\u0103l\u0103ra\u0219i, anume, Curcani, M\u0103n\u0103stirea \u0219i Ulmeni, se organizeaz\u0103 evenimente locale pentru comemorarea Zilei dedicate victimelor Holocaustului Romilor. <\/p>\n\n\n\n<p>Mai multe detalii, aici: https:\/\/www.olteniteanul.ro\/2-august-ziua-de-comemorare-a-victimelor-holocaustului-romilor\/<\/p>\n\n\n\n<p><\/p>\n\n\n\n<p><\/p>\n\n\n\n<p><\/p>\n","protected":false},"excerpt":{"rendered":"<p>\u00cen 2 august 1944 (\u00een urm\u0103 cu doar 78 de ani), \u00een lag\u0103rul de concentrare de la Auschwitz II-Birkenau, cei aproximativ 3000 de romi r\u0103ma\u0219i \u00een via\u021b\u0103 au fost extermina\u021bi \u00een camere de gazare. \u00cen total, \u00een Europa, circa 500.000 de romi au fost uci\u0219i \u00een perioada Holocaustului. Printre ei se aflau femei, b\u0103tr\u00e2ni \u0219i copii \u2013 adic\u0103 parte din str\u0103mo\u0219ii no\u0219tri romi. Ast\u0103zi, 2 august, comemor\u0103m victimele Holocaustului Romilor (Poraimos sau Samudaripen \u00een limba romani). Motiv pentru care anul acesta, \u00een localit\u0103\u021bile din jude\u021bul C\u0103l\u0103ra\u0219i, anume, Curcani, M\u0103n\u0103stirea \u0219i Ulmeni, se organizeaz\u0103 evenimente locale pentru comemorarea Zilei dedicate victimelor\u2026<\/p>\n","protected":false},"author":1,"featured_media":1084,"comment_status":"open","ping_status":"open","sticky":false,"template":"","format":"standard","meta":{"qubely_global_settings":"","qubely_interactions":"","footnotes":""},"categories":[2],"tags":[],"class_list":["post-1080","post","type-post","status-publish","format-standard","has-post-thumbnail","hentry","category-news"],"blocksy_meta":{"styles_descriptor":{"styles":{"desktop":"","tablet":"","mobile":""},"google_fonts":[]}},"qubely_featured_image_url":{"full":["https:\/\/www.agentiaimpreuna.ro\/capacitarea-romilor\/wp-content\/uploads\/2022\/08\/Snip20220802_61.png",778,1058,false],"landscape":["https:\/\/www.agentiaimpreuna.ro\/capacitarea-romilor\/wp-content\/uploads\/2022\/08\/Snip20220802_61-778x750.png",778,750,true],"portraits":["https:\/\/www.agentiaimpreuna.ro\/capacitarea-romilor\/wp-content\/uploads\/2022\/08\/Snip20220802_61-540x320.png",540,320,true],"thumbnail":["https:\/\/www.agentiaimpreuna.ro\/capacitarea-romilor\/wp-content\/uploads\/2022\/08\/Snip20220802_61-150x150.png",150,150,true],"medium":["https:\/\/www.agentiaimpreuna.ro\/capacitarea-romilor\/wp-content\/uploads\/2022\/08\/Snip20220802_61-221x300.png",221,300,true],"medium_large":["https:\/\/www.agentiaimpreuna.ro\/capacitarea-romilor\/wp-content\/uploads\/2022\/08\/Snip20220802_61-768x1044.png",768,1044,true],"large":["https:\/\/www.agentiaimpreuna.ro\/capacitarea-romilor\/wp-content\/uploads\/2022\/08\/Snip20220802_61-753x1024.png",753,1024,true],"1536x1536":["https:\/\/www.agentiaimpreuna.ro\/capacitarea-romilor\/wp-content\/uploads\/2022\/08\/Snip20220802_61.png",778,1058,false],"2048x2048":["https:\/\/www.agentiaimpreuna.ro\/capacitarea-romilor\/wp-content\/uploads\/2022\/08\/Snip20220802_61.png",778,1058,false],"trp-custom-language-flag":["https:\/\/www.agentiaimpreuna.ro\/capacitarea-romilor\/wp-content\/uploads\/2022\/08\/Snip20220802_61-9x12.png",9,12,true],"qubely_landscape":["https:\/\/www.agentiaimpreuna.ro\/capacitarea-romilor\/wp-content\/uploads\/2022\/08\/Snip20220802_61-778x750.png",778,750,true],"qubely_portrait":["https:\/\/www.agentiaimpreuna.ro\/capacitarea-romilor\/wp-content\/uploads\/2022\/08\/Snip20220802_61-540x320.png",540,320,true],"qubely_thumbnail":["https:\/\/www.agentiaimpreuna.ro\/capacitarea-romilor\/wp-content\/uploads\/2022\/08\/Snip20220802_61-140x100.png",140,100,true]},"qubely_author":{"display_name":"agenadmin","author_link":"https:\/\/www.agentiaimpreuna.ro\/capacitarea-romilor\/author\/agenadmin\/"},"qubely_comment":12,"qubely_category":"<a href=\"https:\/\/www.agentiaimpreuna.ro\/capacitarea-romilor\/category\/news\/\" rel=\"category tag\">News<\/a>","qubely_excerpt":"\u00cen 2 august 1944 (\u00een urm\u0103 cu doar 78 de ani), \u00een lag\u0103rul de concentrare de la Auschwitz II-Birkenau, cei aproximativ 3000 de romi r\u0103ma\u0219i \u00een via\u021b\u0103 au fost extermina\u021bi \u00een camere de gazare. \u00cen total, \u00een Europa, circa 500.000 de romi au fost uci\u0219i \u00een perioada Holocaustului. Printre ei se aflau femei, b\u0103tr\u00e2ni \u0219i&hellip;","featured_image_urls":{"full":["https:\/\/www.agentiaimpreuna.ro\/capacitarea-romilor\/wp-content\/uploads\/2022\/08\/Snip20220802_61.png",778,1058,false],"thumbnail":["https:\/\/www.agentiaimpreuna.ro\/capacitarea-romilor\/wp-content\/uploads\/2022\/08\/Snip20220802_61-150x150.png",150,150,true],"medium":["https:\/\/www.agentiaimpreuna.ro\/capacitarea-romilor\/wp-content\/uploads\/2022\/08\/Snip20220802_61-221x300.png",221,300,true],"medium_large":["https:\/\/www.agentiaimpreuna.ro\/capacitarea-romilor\/wp-content\/uploads\/2022\/08\/Snip20220802_61-768x1044.png",768,1044,true],"large":["https:\/\/www.agentiaimpreuna.ro\/capacitarea-romilor\/wp-content\/uploads\/2022\/08\/Snip20220802_61-753x1024.png",753,1024,true],"1536x1536":["https:\/\/www.agentiaimpreuna.ro\/capacitarea-romilor\/wp-content\/uploads\/2022\/08\/Snip20220802_61.png",778,1058,false],"2048x2048":["https:\/\/www.agentiaimpreuna.ro\/capacitarea-romilor\/wp-content\/uploads\/2022\/08\/Snip20220802_61.png",778,1058,false],"trp-custom-language-flag":["https:\/\/www.agentiaimpreuna.ro\/capacitarea-romilor\/wp-content\/uploads\/2022\/08\/Snip20220802_61-9x12.png",9,12,true],"qubely_landscape":["https:\/\/www.agentiaimpreuna.ro\/capacitarea-romilor\/wp-content\/uploads\/2022\/08\/Snip20220802_61-778x750.png",778,750,true],"qubely_portrait":["https:\/\/www.agentiaimpreuna.ro\/capacitarea-romilor\/wp-content\/uploads\/2022\/08\/Snip20220802_61-540x320.png",540,320,true],"qubely_thumbnail":["https:\/\/www.agentiaimpreuna.ro\/capacitarea-romilor\/wp-content\/uploads\/2022\/08\/Snip20220802_61-140x100.png",140,100,true]},"post_excerpt_stackable":"<p>\u00cen 2 august 1944 (\u00een urm\u0103 cu doar 78 de ani), \u00een lag\u0103rul de concentrare de la Auschwitz II-Birkenau, cei aproximativ 3000 de romi r\u0103ma\u0219i \u00een via\u021b\u0103 au fost extermina\u021bi \u00een camere de gazare. \u00cen total, \u00een Europa, circa 500.000 de romi au fost uci\u0219i \u00een perioada Holocaustului. Printre ei se aflau femei, b\u0103tr\u00e2ni \u0219i copii \u2013 adic\u0103 parte din str\u0103mo\u0219ii no\u0219tri romi. Ast\u0103zi, 2 august, comemor\u0103m victimele Holocaustului Romilor (Poraimos sau Samudaripen \u00een limba romani). Motiv pentru care anul acesta, \u00een localit\u0103\u021bile din jude\u021bul C\u0103l\u0103ra\u0219i, anume, Curcani, M\u0103n\u0103stirea \u0219i Ulmeni, se organizeaz\u0103 evenimente locale pentru comemorarea Zilei dedicate victimelor&hellip;<\/p>\n","category_list":"<a href=\"https:\/\/www.agentiaimpreuna.ro\/capacitarea-romilor\/category\/news\/\" rel=\"category tag\">News<\/a>","author_info":{"name":"agenadmin","url":"https:\/\/www.agentiaimpreuna.ro\/capacitarea-romilor\/author\/agenadmin\/"},"comments_num":"0 comments","featured_image_urls_v2":{"full":["https:\/\/www.agentiaimpreuna.ro\/capacitarea-romilor\/wp-content\/uploads\/2022\/08\/Snip20220802_61.png",778,1058,false],"thumbnail":["https:\/\/www.agentiaimpreuna.ro\/capacitarea-romilor\/wp-content\/uploads\/2022\/08\/Snip20220802_61-150x150.png",150,150,true],"medium":["https:\/\/www.agentiaimpreuna.ro\/capacitarea-romilor\/wp-content\/uploads\/2022\/08\/Snip20220802_61-221x300.png",221,300,true],"medium_large":["https:\/\/www.agentiaimpreuna.ro\/capacitarea-romilor\/wp-content\/uploads\/2022\/08\/Snip20220802_61-768x1044.png",768,1044,true],"large":["https:\/\/www.agentiaimpreuna.ro\/capacitarea-romilor\/wp-content\/uploads\/2022\/08\/Snip20220802_61-753x1024.png",753,1024,true],"1536x1536":["https:\/\/www.agentiaimpreuna.ro\/capacitarea-romilor\/wp-content\/uploads\/2022\/08\/Snip20220802_61.png",778,1058,false],"2048x2048":["https:\/\/www.agentiaimpreuna.ro\/capacitarea-romilor\/wp-content\/uploads\/2022\/08\/Snip20220802_61.png",778,1058,false],"trp-custom-language-flag":["https:\/\/www.agentiaimpreuna.ro\/capacitarea-romilor\/wp-content\/uploads\/2022\/08\/Snip20220802_61-9x12.png",9,12,true],"qubely_landscape":["https:\/\/www.agentiaimpreuna.ro\/capacitarea-romilor\/wp-content\/uploads\/2022\/08\/Snip20220802_61-778x750.png",778,750,true],"qubely_portrait":["https:\/\/www.agentiaimpreuna.ro\/capacitarea-romilor\/wp-content\/uploads\/2022\/08\/Snip20220802_61-540x320.png",540,320,true],"qubely_thumbnail":["https:\/\/www.agentiaimpreuna.ro\/capacitarea-romilor\/wp-content\/uploads\/2022\/08\/Snip20220802_61-140x100.png",140,100,true]},"post_excerpt_stackable_v2":"<p>\u00cen 2 august 1944 (\u00een urm\u0103 cu doar 78 de ani), \u00een lag\u0103rul de concentrare de la Auschwitz II-Birkenau, cei aproximativ 3000 de romi r\u0103ma\u0219i \u00een via\u021b\u0103 au fost extermina\u021bi \u00een camere de gazare. \u00cen total, \u00een Europa, circa 500.000 de romi au fost uci\u0219i \u00een perioada Holocaustului. Printre ei se aflau femei, b\u0103tr\u00e2ni \u0219i copii \u2013 adic\u0103 parte din str\u0103mo\u0219ii no\u0219tri romi. Ast\u0103zi, 2 august, comemor\u0103m victimele Holocaustului Romilor (Poraimos sau Samudaripen \u00een limba romani). Motiv pentru care anul acesta, \u00een localit\u0103\u021bile din jude\u021bul C\u0103l\u0103ra\u0219i, anume, Curcani, M\u0103n\u0103stirea \u0219i Ulmeni, se organizeaz\u0103 evenimente locale pentru comemorarea Zilei dedicate victimelor&hellip;<\/p>\n","category_list_v2":"<a href=\"https:\/\/www.agentiaimpreuna.ro\/capacitarea-romilor\/category\/news\/\" rel=\"category tag\">News<\/a>","author_info_v2":{"name":"agenadmin","url":"https:\/\/www.agentiaimpreuna.ro\/capacitarea-romilor\/author\/agenadmin\/"},"comments_num_v2":"0 comments","_links":{"self":[{"href":"https:\/\/www.agentiaimpreuna.ro\/capacitarea-romilor\/wp-json\/wp\/v2\/posts\/1080","targetHints":{"allow":["GET"]}}],"collection":[{"href":"https:\/\/www.agentiaimpreuna.ro\/capacitarea-romilor\/wp-json\/wp\/v2\/posts"}],"about":[{"href":"https:\/\/www.agentiaimpreuna.ro\/capacitarea-romilor\/wp-json\/wp\/v2\/types\/post"}],"author":[{"embeddable":true,"href":"https:\/\/www.agentiaimpreuna.ro\/capacitarea-romilor\/wp-json\/wp\/v2\/users\/1"}],"replies":[{"embeddable":true,"href":"https:\/\/www.agentiaimpreuna.ro\/capacitarea-romilor\/wp-json\/wp\/v2\/comments?post=1080"}],"version-history":[{"count":2,"href":"https:\/\/www.agentiaimpreuna.ro\/capacitarea-romilor\/wp-json\/wp\/v2\/posts\/1080\/revisions"}],"predecessor-version":[{"id":1083,"href":"https:\/\/www.agentiaimpreuna.ro\/capacitarea-romilor\/wp-json\/wp\/v2\/posts\/1080\/revisions\/1083"}],"wp:featuredmedia":[{"embeddable":true,"href":"https:\/\/www.agentiaimpreuna.ro\/capacitarea-romilor\/wp-json\/wp\/v2\/media\/1084"}],"wp:attachment":[{"href":"https:\/\/www.agentiaimpreuna.ro\/capacitarea-romilor\/wp-json\/wp\/v2\/media?parent=1080"}],"wp:term":[{"taxonomy":"category","embeddable":true,"href":"https:\/\/www.agentiaimpreuna.ro\/capacitarea-romilor\/wp-json\/wp\/v2\/categories?post=1080"},{"taxonomy":"post_tag","embeddable":true,"href":"https:\/\/www.agentiaimpreuna.ro\/capacitarea-romilor\/wp-json\/wp\/v2\/tags?post=1080"}],"curies":[{"name":"wp","href":"https:\/\/api.w.org\/{rel}","templated":true}]}}