{"id":1071,"date":"2022-07-20T06:57:45","date_gmt":"2022-07-20T06:57:45","guid":{"rendered":"https:\/\/www.agentiaimpreuna.ro\/capacitarea-romilor\/?p=1071"},"modified":"2022-07-20T06:57:46","modified_gmt":"2022-07-20T06:57:46","slug":"intalnire-judeteana-de-lucru-braila","status":"publish","type":"post","link":"https:\/\/www.agentiaimpreuna.ro\/capacitarea-romilor\/2022\/07\/20\/intalnire-judeteana-de-lucru-braila\/","title":{"rendered":"\u00cent\u00e2lnire jude\u021bean\u0103 de lucru (Br\u0103ila)"},"content":{"rendered":"\n<p>Pe 19 iulie, Institu\u021bia Prefectului Jude\u021bului Br\u0103ila a g\u0103zduit \u00eent\u00e2lnirea jude\u021bean\u0103 de lucru cu tema colabor\u0103rii reprezentan\u021bilor comunit\u0103\u021bilor rome cu autorit\u0103\u021bile publice locale \u0219i a modului \u00een care planurile de ac\u021biune local\u0103 pot fi sprijinite. <\/p>\n\n\n\n<p>Agenda evenimentului a cuprins prezentarea proiectului, a planurilor de ac\u021biune pentru comunit\u0103\u021bile Vi\u0219ani, Berte\u0219tii de Jos, Galbenu, Unirea \u0219i, nu \u00een ultimul r\u00e2nd, a Strategiei Guvernului Rom\u00e2niei de Incluziune a Cet\u0103\u0163enilor Rom\u00e2ni apar\u0163in\u00e2nd Minorit\u0103\u0163ii Rome pentru perioada 2021-2027.<\/p>\n\n\n\n<figure class=\"wp-block-gallery has-nested-images columns-default is-cropped wp-block-gallery-1 is-layout-flex wp-block-gallery-is-layout-flex\">\n<figure class=\"wp-block-image size-large\"><img loading=\"lazy\" decoding=\"async\" width=\"1024\" height=\"461\" data-id=\"1072\" src=\"https:\/\/www.agentiaimpreuna.ro\/capacitarea-romilor\/wp-content\/uploads\/2022\/07\/C2-1024x461.jpeg\" alt=\"\" class=\"wp-image-1072\" srcset=\"https:\/\/www.agentiaimpreuna.ro\/capacitarea-romilor\/wp-content\/uploads\/2022\/07\/C2-1024x461.jpeg 1024w, https:\/\/www.agentiaimpreuna.ro\/capacitarea-romilor\/wp-content\/uploads\/2022\/07\/C2-300x135.jpeg 300w, https:\/\/www.agentiaimpreuna.ro\/capacitarea-romilor\/wp-content\/uploads\/2022\/07\/C2-768x346.jpeg 768w, https:\/\/www.agentiaimpreuna.ro\/capacitarea-romilor\/wp-content\/uploads\/2022\/07\/C2-1536x692.jpeg 1536w, https:\/\/www.agentiaimpreuna.ro\/capacitarea-romilor\/wp-content\/uploads\/2022\/07\/C2-18x8.jpeg 18w, https:\/\/www.agentiaimpreuna.ro\/capacitarea-romilor\/wp-content\/uploads\/2022\/07\/C2.jpeg 2048w\" sizes=\"auto, (max-width: 1024px) 100vw, 1024px\" \/><\/figure>\n\n\n\n<figure class=\"wp-block-image size-large\"><img loading=\"lazy\" decoding=\"async\" width=\"1024\" height=\"461\" data-id=\"1074\" src=\"https:\/\/www.agentiaimpreuna.ro\/capacitarea-romilor\/wp-content\/uploads\/2022\/07\/C3-1024x461.jpeg\" alt=\"\" class=\"wp-image-1074\" srcset=\"https:\/\/www.agentiaimpreuna.ro\/capacitarea-romilor\/wp-content\/uploads\/2022\/07\/C3-1024x461.jpeg 1024w, https:\/\/www.agentiaimpreuna.ro\/capacitarea-romilor\/wp-content\/uploads\/2022\/07\/C3-300x135.jpeg 300w, https:\/\/www.agentiaimpreuna.ro\/capacitarea-romilor\/wp-content\/uploads\/2022\/07\/C3-768x346.jpeg 768w, https:\/\/www.agentiaimpreuna.ro\/capacitarea-romilor\/wp-content\/uploads\/2022\/07\/C3-1536x692.jpeg 1536w, https:\/\/www.agentiaimpreuna.ro\/capacitarea-romilor\/wp-content\/uploads\/2022\/07\/C3-18x8.jpeg 18w, https:\/\/www.agentiaimpreuna.ro\/capacitarea-romilor\/wp-content\/uploads\/2022\/07\/C3.jpeg 2048w\" sizes=\"auto, (max-width: 1024px) 100vw, 1024px\" \/><\/figure>\n\n\n\n<figure class=\"wp-block-image size-large\"><img loading=\"lazy\" decoding=\"async\" width=\"1024\" height=\"461\" data-id=\"1075\" src=\"https:\/\/www.agentiaimpreuna.ro\/capacitarea-romilor\/wp-content\/uploads\/2022\/07\/C4-1024x461.jpeg\" alt=\"\" class=\"wp-image-1075\" srcset=\"https:\/\/www.agentiaimpreuna.ro\/capacitarea-romilor\/wp-content\/uploads\/2022\/07\/C4-1024x461.jpeg 1024w, https:\/\/www.agentiaimpreuna.ro\/capacitarea-romilor\/wp-content\/uploads\/2022\/07\/C4-300x135.jpeg 300w, https:\/\/www.agentiaimpreuna.ro\/capacitarea-romilor\/wp-content\/uploads\/2022\/07\/C4-768x346.jpeg 768w, https:\/\/www.agentiaimpreuna.ro\/capacitarea-romilor\/wp-content\/uploads\/2022\/07\/C4-1536x692.jpeg 1536w, https:\/\/www.agentiaimpreuna.ro\/capacitarea-romilor\/wp-content\/uploads\/2022\/07\/C4-18x8.jpeg 18w, https:\/\/www.agentiaimpreuna.ro\/capacitarea-romilor\/wp-content\/uploads\/2022\/07\/C4.jpeg 2048w\" sizes=\"auto, (max-width: 1024px) 100vw, 1024px\" \/><\/figure>\n\n\n\n<figure class=\"wp-block-image size-large\"><img loading=\"lazy\" decoding=\"async\" width=\"1024\" height=\"461\" data-id=\"1077\" src=\"https:\/\/www.agentiaimpreuna.ro\/capacitarea-romilor\/wp-content\/uploads\/2022\/07\/C5-1024x461.jpeg\" alt=\"\" class=\"wp-image-1077\" srcset=\"https:\/\/www.agentiaimpreuna.ro\/capacitarea-romilor\/wp-content\/uploads\/2022\/07\/C5-1024x461.jpeg 1024w, https:\/\/www.agentiaimpreuna.ro\/capacitarea-romilor\/wp-content\/uploads\/2022\/07\/C5-300x135.jpeg 300w, https:\/\/www.agentiaimpreuna.ro\/capacitarea-romilor\/wp-content\/uploads\/2022\/07\/C5-768x346.jpeg 768w, https:\/\/www.agentiaimpreuna.ro\/capacitarea-romilor\/wp-content\/uploads\/2022\/07\/C5-1536x692.jpeg 1536w, https:\/\/www.agentiaimpreuna.ro\/capacitarea-romilor\/wp-content\/uploads\/2022\/07\/C5-18x8.jpeg 18w, https:\/\/www.agentiaimpreuna.ro\/capacitarea-romilor\/wp-content\/uploads\/2022\/07\/C5.jpeg 2048w\" sizes=\"auto, (max-width: 1024px) 100vw, 1024px\" \/><\/figure>\n\n\n\n<figure class=\"wp-block-image size-large\"><img loading=\"lazy\" decoding=\"async\" width=\"1024\" height=\"461\" data-id=\"1076\" src=\"https:\/\/www.agentiaimpreuna.ro\/capacitarea-romilor\/wp-content\/uploads\/2022\/07\/C6-1024x461.jpeg\" alt=\"\" class=\"wp-image-1076\" srcset=\"https:\/\/www.agentiaimpreuna.ro\/capacitarea-romilor\/wp-content\/uploads\/2022\/07\/C6-1024x461.jpeg 1024w, https:\/\/www.agentiaimpreuna.ro\/capacitarea-romilor\/wp-content\/uploads\/2022\/07\/C6-300x135.jpeg 300w, https:\/\/www.agentiaimpreuna.ro\/capacitarea-romilor\/wp-content\/uploads\/2022\/07\/C6-768x346.jpeg 768w, https:\/\/www.agentiaimpreuna.ro\/capacitarea-romilor\/wp-content\/uploads\/2022\/07\/C6-1536x692.jpeg 1536w, https:\/\/www.agentiaimpreuna.ro\/capacitarea-romilor\/wp-content\/uploads\/2022\/07\/C6-18x8.jpeg 18w, https:\/\/www.agentiaimpreuna.ro\/capacitarea-romilor\/wp-content\/uploads\/2022\/07\/C6.jpeg 2048w\" sizes=\"auto, (max-width: 1024px) 100vw, 1024px\" \/><\/figure>\n\n\n\n<figure class=\"wp-block-image size-large\"><img loading=\"lazy\" decoding=\"async\" width=\"1024\" height=\"461\" data-id=\"1073\" src=\"https:\/\/www.agentiaimpreuna.ro\/capacitarea-romilor\/wp-content\/uploads\/2022\/07\/C7-1024x461.jpeg\" alt=\"\" class=\"wp-image-1073\" srcset=\"https:\/\/www.agentiaimpreuna.ro\/capacitarea-romilor\/wp-content\/uploads\/2022\/07\/C7-1024x461.jpeg 1024w, https:\/\/www.agentiaimpreuna.ro\/capacitarea-romilor\/wp-content\/uploads\/2022\/07\/C7-300x135.jpeg 300w, https:\/\/www.agentiaimpreuna.ro\/capacitarea-romilor\/wp-content\/uploads\/2022\/07\/C7-768x346.jpeg 768w, https:\/\/www.agentiaimpreuna.ro\/capacitarea-romilor\/wp-content\/uploads\/2022\/07\/C7-1536x692.jpeg 1536w, https:\/\/www.agentiaimpreuna.ro\/capacitarea-romilor\/wp-content\/uploads\/2022\/07\/C7-18x8.jpeg 18w, https:\/\/www.agentiaimpreuna.ro\/capacitarea-romilor\/wp-content\/uploads\/2022\/07\/C7.jpeg 2048w\" sizes=\"auto, (max-width: 1024px) 100vw, 1024px\" \/><\/figure>\n\n\n\n<figure class=\"wp-block-image size-large\"><img loading=\"lazy\" decoding=\"async\" width=\"1024\" height=\"461\" data-id=\"1078\" src=\"https:\/\/www.agentiaimpreuna.ro\/capacitarea-romilor\/wp-content\/uploads\/2022\/07\/C8-1024x461.jpeg\" alt=\"\" class=\"wp-image-1078\" srcset=\"https:\/\/www.agentiaimpreuna.ro\/capacitarea-romilor\/wp-content\/uploads\/2022\/07\/C8-1024x461.jpeg 1024w, https:\/\/www.agentiaimpreuna.ro\/capacitarea-romilor\/wp-content\/uploads\/2022\/07\/C8-300x135.jpeg 300w, https:\/\/www.agentiaimpreuna.ro\/capacitarea-romilor\/wp-content\/uploads\/2022\/07\/C8-768x346.jpeg 768w, https:\/\/www.agentiaimpreuna.ro\/capacitarea-romilor\/wp-content\/uploads\/2022\/07\/C8-1536x692.jpeg 1536w, https:\/\/www.agentiaimpreuna.ro\/capacitarea-romilor\/wp-content\/uploads\/2022\/07\/C8-18x8.jpeg 18w, https:\/\/www.agentiaimpreuna.ro\/capacitarea-romilor\/wp-content\/uploads\/2022\/07\/C8.jpeg 2048w\" sizes=\"auto, (max-width: 1024px) 100vw, 1024px\" \/><\/figure>\n<\/figure>\n\n\n\n<p><a href=\"https:\/\/www.facebook.com\/hashtag\/capacitarea%C8%99iabilitarearomilor?__eep__=6&amp;__cft__[0]=AZX717cmMAiQUbiiogztPLGzZ8VFPsoC7riOJQV6hJR3M93uZCNRihCCZqZlIIigxUgNncy0MZNiZesuxnpVLU9G-iqYxgAJaFCyjJiftiIvTE5wXWMkqiI5azFMHM-YFCUMnVbKIJdfdNAVu2Vkz7J2D42RItH-oUQ4GGe9FLi-Qg&amp;__tn__=*NK-R\" target=\"_blank\" rel=\"noopener\">#Capacitarea\u0218iAbilitareaRomilor<\/a><\/p>\n\n\n\n<p><a href=\"https:\/\/www.facebook.com\/hashtag\/haide?__eep__=6&amp;__cft__[0]=AZX717cmMAiQUbiiogztPLGzZ8VFPsoC7riOJQV6hJR3M93uZCNRihCCZqZlIIigxUgNncy0MZNiZesuxnpVLU9G-iqYxgAJaFCyjJiftiIvTE5wXWMkqiI5azFMHM-YFCUMnVbKIJdfdNAVu2Vkz7J2D42RItH-oUQ4GGe9FLi-Qg&amp;__tn__=*NK-R\" target=\"_blank\" rel=\"noopener\">#haide<\/a><a href=\"https:\/\/www.facebook.com\/hashtag\/activecitizensfund?__eep__=6&amp;__cft__[0]=AZX717cmMAiQUbiiogztPLGzZ8VFPsoC7riOJQV6hJR3M93uZCNRihCCZqZlIIigxUgNncy0MZNiZesuxnpVLU9G-iqYxgAJaFCyjJiftiIvTE5wXWMkqiI5azFMHM-YFCUMnVbKIJdfdNAVu2Vkz7J2D42RItH-oUQ4GGe9FLi-Qg&amp;__tn__=*NK-R\" target=\"_blank\" rel=\"noopener\">#ActiveCitizensFund<\/a><a href=\"https:\/\/www.facebook.com\/hashtag\/romania?__eep__=6&amp;__cft__[0]=AZX717cmMAiQUbiiogztPLGzZ8VFPsoC7riOJQV6hJR3M93uZCNRihCCZqZlIIigxUgNncy0MZNiZesuxnpVLU9G-iqYxgAJaFCyjJiftiIvTE5wXWMkqiI5azFMHM-YFCUMnVbKIJdfdNAVu2Vkz7J2D42RItH-oUQ4GGe9FLi-Qg&amp;__tn__=*NK-R\" target=\"_blank\" rel=\"noopener\">#Romania<\/a><a href=\"https:\/\/www.facebook.com\/hashtag\/activecitizens?__eep__=6&amp;__cft__[0]=AZX717cmMAiQUbiiogztPLGzZ8VFPsoC7riOJQV6hJR3M93uZCNRihCCZqZlIIigxUgNncy0MZNiZesuxnpVLU9G-iqYxgAJaFCyjJiftiIvTE5wXWMkqiI5azFMHM-YFCUMnVbKIJdfdNAVu2Vkz7J2D42RItH-oUQ4GGe9FLi-Qg&amp;__tn__=*NK-R\" target=\"_blank\" rel=\"noopener\">#activecitizens<\/a><a href=\"https:\/\/www.facebook.com\/hashtag\/eeanorwaygrants?__eep__=6&amp;__cft__[0]=AZX717cmMAiQUbiiogztPLGzZ8VFPsoC7riOJQV6hJR3M93uZCNRihCCZqZlIIigxUgNncy0MZNiZesuxnpVLU9G-iqYxgAJaFCyjJiftiIvTE5wXWMkqiI5azFMHM-YFCUMnVbKIJdfdNAVu2Vkz7J2D42RItH-oUQ4GGe9FLi-Qg&amp;__tn__=*NK-R\" target=\"_blank\" rel=\"noopener\">#EEANorwayGrants<\/a><\/p>\n\n\n\n<p><a href=\"https:\/\/www.facebook.com\/acfromania\/?__cft__[0]=AZX717cmMAiQUbiiogztPLGzZ8VFPsoC7riOJQV6hJR3M93uZCNRihCCZqZlIIigxUgNncy0MZNiZesuxnpVLU9G-iqYxgAJaFCyjJiftiIvTE5wXWMkqiI5azFMHM-YFCUMnVbKIJdfdNAVu2Vkz7J2D42RItH-oUQ4GGe9FLi-Qg&amp;__tn__=kK-R\" target=\"_blank\" rel=\"noopener\">Active Citizens Fund &#8211; Romania<\/a><\/p>\n","protected":false},"excerpt":{"rendered":"<p>Pe 19 iulie, Institu\u021bia Prefectului Jude\u021bului Br\u0103ila a g\u0103zduit \u00eent\u00e2lnirea jude\u021bean\u0103 de lucru cu tema colabor\u0103rii reprezentan\u021bilor comunit\u0103\u021bilor rome cu autorit\u0103\u021bile publice locale \u0219i a modului \u00een care planurile de ac\u021biune local\u0103 pot fi sprijinite. Agenda evenimentului a cuprins prezentarea proiectului, a planurilor de ac\u021biune pentru comunit\u0103\u021bile Vi\u0219ani, Berte\u0219tii de Jos, Galbenu, Unirea \u0219i, nu \u00een ultimul r\u00e2nd, a Strategiei Guvernului Rom\u00e2niei de Incluziune a Cet\u0103\u0163enilor Rom\u00e2ni apar\u0163in\u00e2nd Minorit\u0103\u0163ii Rome pentru perioada 2021-2027. #Capacitarea\u0218iAbilitareaRomilor #haide#ActiveCitizensFund#Romania#activecitizens#EEANorwayGrants Active Citizens Fund &#8211; Romania<\/p>\n","protected":false},"author":1,"featured_media":1072,"comment_status":"open","ping_status":"open","sticky":false,"template":"","format":"standard","meta":{"qubely_global_settings":"","qubely_interactions":"","footnotes":""},"categories":[2],"tags":[],"class_list":["post-1071","post","type-post","status-publish","format-standard","has-post-thumbnail","hentry","category-news"],"blocksy_meta":{"styles_descriptor":{"styles":{"desktop":"","tablet":"","mobile":""},"google_fonts":[]}},"qubely_featured_image_url":{"full":["https:\/\/www.agentiaimpreuna.ro\/capacitarea-romilor\/wp-content\/uploads\/2022\/07\/C2.jpeg",2048,922,false],"landscape":["https:\/\/www.agentiaimpreuna.ro\/capacitarea-romilor\/wp-content\/uploads\/2022\/07\/C2-1200x750.jpeg",1200,750,true],"portraits":["https:\/\/www.agentiaimpreuna.ro\/capacitarea-romilor\/wp-content\/uploads\/2022\/07\/C2-540x320.jpeg",540,320,true],"thumbnail":["https:\/\/www.agentiaimpreuna.ro\/capacitarea-romilor\/wp-content\/uploads\/2022\/07\/C2-150x150.jpeg",150,150,true],"medium":["https:\/\/www.agentiaimpreuna.ro\/capacitarea-romilor\/wp-content\/uploads\/2022\/07\/C2-300x135.jpeg",300,135,true],"medium_large":["https:\/\/www.agentiaimpreuna.ro\/capacitarea-romilor\/wp-content\/uploads\/2022\/07\/C2-768x346.jpeg",768,346,true],"large":["https:\/\/www.agentiaimpreuna.ro\/capacitarea-romilor\/wp-content\/uploads\/2022\/07\/C2-1024x461.jpeg",1024,461,true],"1536x1536":["https:\/\/www.agentiaimpreuna.ro\/capacitarea-romilor\/wp-content\/uploads\/2022\/07\/C2-1536x692.jpeg",1536,692,true],"2048x2048":["https:\/\/www.agentiaimpreuna.ro\/capacitarea-romilor\/wp-content\/uploads\/2022\/07\/C2.jpeg",2048,922,false],"trp-custom-language-flag":["https:\/\/www.agentiaimpreuna.ro\/capacitarea-romilor\/wp-content\/uploads\/2022\/07\/C2-18x8.jpeg",18,8,true],"qubely_landscape":["https:\/\/www.agentiaimpreuna.ro\/capacitarea-romilor\/wp-content\/uploads\/2022\/07\/C2-1200x750.jpeg",1200,750,true],"qubely_portrait":["https:\/\/www.agentiaimpreuna.ro\/capacitarea-romilor\/wp-content\/uploads\/2022\/07\/C2-540x320.jpeg",540,320,true],"qubely_thumbnail":["https:\/\/www.agentiaimpreuna.ro\/capacitarea-romilor\/wp-content\/uploads\/2022\/07\/C2-140x100.jpeg",140,100,true]},"qubely_author":{"display_name":"agenadmin","author_link":"https:\/\/www.agentiaimpreuna.ro\/capacitarea-romilor\/author\/agenadmin\/"},"qubely_comment":0,"qubely_category":"<a href=\"https:\/\/www.agentiaimpreuna.ro\/capacitarea-romilor\/category\/news\/\" rel=\"category tag\">News<\/a>","qubely_excerpt":"Pe 19 iulie, Institu\u021bia Prefectului Jude\u021bului Br\u0103ila a g\u0103zduit \u00eent\u00e2lnirea jude\u021bean\u0103 de lucru cu tema colabor\u0103rii reprezentan\u021bilor comunit\u0103\u021bilor rome cu autorit\u0103\u021bile publice locale \u0219i a modului \u00een care planurile de ac\u021biune local\u0103 pot fi sprijinite. Agenda evenimentului a cuprins prezentarea proiectului, a planurilor de ac\u021biune pentru comunit\u0103\u021bile Vi\u0219ani, Berte\u0219tii de Jos, Galbenu, Unirea \u0219i, nu&hellip;","featured_image_urls":{"full":["https:\/\/www.agentiaimpreuna.ro\/capacitarea-romilor\/wp-content\/uploads\/2022\/07\/C2.jpeg",2048,922,false],"thumbnail":["https:\/\/www.agentiaimpreuna.ro\/capacitarea-romilor\/wp-content\/uploads\/2022\/07\/C2-150x150.jpeg",150,150,true],"medium":["https:\/\/www.agentiaimpreuna.ro\/capacitarea-romilor\/wp-content\/uploads\/2022\/07\/C2-300x135.jpeg",300,135,true],"medium_large":["https:\/\/www.agentiaimpreuna.ro\/capacitarea-romilor\/wp-content\/uploads\/2022\/07\/C2-768x346.jpeg",768,346,true],"large":["https:\/\/www.agentiaimpreuna.ro\/capacitarea-romilor\/wp-content\/uploads\/2022\/07\/C2-1024x461.jpeg",1024,461,true],"1536x1536":["https:\/\/www.agentiaimpreuna.ro\/capacitarea-romilor\/wp-content\/uploads\/2022\/07\/C2-1536x692.jpeg",1536,692,true],"2048x2048":["https:\/\/www.agentiaimpreuna.ro\/capacitarea-romilor\/wp-content\/uploads\/2022\/07\/C2.jpeg",2048,922,false],"trp-custom-language-flag":["https:\/\/www.agentiaimpreuna.ro\/capacitarea-romilor\/wp-content\/uploads\/2022\/07\/C2-18x8.jpeg",18,8,true],"qubely_landscape":["https:\/\/www.agentiaimpreuna.ro\/capacitarea-romilor\/wp-content\/uploads\/2022\/07\/C2-1200x750.jpeg",1200,750,true],"qubely_portrait":["https:\/\/www.agentiaimpreuna.ro\/capacitarea-romilor\/wp-content\/uploads\/2022\/07\/C2-540x320.jpeg",540,320,true],"qubely_thumbnail":["https:\/\/www.agentiaimpreuna.ro\/capacitarea-romilor\/wp-content\/uploads\/2022\/07\/C2-140x100.jpeg",140,100,true]},"post_excerpt_stackable":"<p>Pe 19 iulie, Institu\u021bia Prefectului Jude\u021bului Br\u0103ila a g\u0103zduit \u00eent\u00e2lnirea jude\u021bean\u0103 de lucru cu tema colabor\u0103rii reprezentan\u021bilor comunit\u0103\u021bilor rome cu autorit\u0103\u021bile publice locale \u0219i a modului \u00een care planurile de ac\u021biune local\u0103 pot fi sprijinite. Agenda evenimentului a cuprins prezentarea proiectului, a planurilor de ac\u021biune pentru comunit\u0103\u021bile Vi\u0219ani, Berte\u0219tii de Jos, Galbenu, Unirea \u0219i, nu \u00een ultimul r\u00e2nd, a Strategiei Guvernului Rom\u00e2niei de Incluziune a Cet\u0103\u0163enilor Rom\u00e2ni apar\u0163in\u00e2nd Minorit\u0103\u0163ii Rome pentru perioada 2021-2027. #Capacitarea\u0218iAbilitareaRomilor #haide#ActiveCitizensFund#Romania#activecitizens#EEANorwayGrants Active Citizens Fund &#8211; Romania<\/p>\n","category_list":"<a href=\"https:\/\/www.agentiaimpreuna.ro\/capacitarea-romilor\/category\/news\/\" rel=\"category tag\">News<\/a>","author_info":{"name":"agenadmin","url":"https:\/\/www.agentiaimpreuna.ro\/capacitarea-romilor\/author\/agenadmin\/"},"comments_num":"0 comments","featured_image_urls_v2":{"full":["https:\/\/www.agentiaimpreuna.ro\/capacitarea-romilor\/wp-content\/uploads\/2022\/07\/C2.jpeg",2048,922,false],"thumbnail":["https:\/\/www.agentiaimpreuna.ro\/capacitarea-romilor\/wp-content\/uploads\/2022\/07\/C2-150x150.jpeg",150,150,true],"medium":["https:\/\/www.agentiaimpreuna.ro\/capacitarea-romilor\/wp-content\/uploads\/2022\/07\/C2-300x135.jpeg",300,135,true],"medium_large":["https:\/\/www.agentiaimpreuna.ro\/capacitarea-romilor\/wp-content\/uploads\/2022\/07\/C2-768x346.jpeg",768,346,true],"large":["https:\/\/www.agentiaimpreuna.ro\/capacitarea-romilor\/wp-content\/uploads\/2022\/07\/C2-1024x461.jpeg",1024,461,true],"1536x1536":["https:\/\/www.agentiaimpreuna.ro\/capacitarea-romilor\/wp-content\/uploads\/2022\/07\/C2-1536x692.jpeg",1536,692,true],"2048x2048":["https:\/\/www.agentiaimpreuna.ro\/capacitarea-romilor\/wp-content\/uploads\/2022\/07\/C2.jpeg",2048,922,false],"trp-custom-language-flag":["https:\/\/www.agentiaimpreuna.ro\/capacitarea-romilor\/wp-content\/uploads\/2022\/07\/C2-18x8.jpeg",18,8,true],"qubely_landscape":["https:\/\/www.agentiaimpreuna.ro\/capacitarea-romilor\/wp-content\/uploads\/2022\/07\/C2-1200x750.jpeg",1200,750,true],"qubely_portrait":["https:\/\/www.agentiaimpreuna.ro\/capacitarea-romilor\/wp-content\/uploads\/2022\/07\/C2-540x320.jpeg",540,320,true],"qubely_thumbnail":["https:\/\/www.agentiaimpreuna.ro\/capacitarea-romilor\/wp-content\/uploads\/2022\/07\/C2-140x100.jpeg",140,100,true]},"post_excerpt_stackable_v2":"<p>Pe 19 iulie, Institu\u021bia Prefectului Jude\u021bului Br\u0103ila a g\u0103zduit \u00eent\u00e2lnirea jude\u021bean\u0103 de lucru cu tema colabor\u0103rii reprezentan\u021bilor comunit\u0103\u021bilor rome cu autorit\u0103\u021bile publice locale \u0219i a modului \u00een care planurile de ac\u021biune local\u0103 pot fi sprijinite. Agenda evenimentului a cuprins prezentarea proiectului, a planurilor de ac\u021biune pentru comunit\u0103\u021bile Vi\u0219ani, Berte\u0219tii de Jos, Galbenu, Unirea \u0219i, nu \u00een ultimul r\u00e2nd, a Strategiei Guvernului Rom\u00e2niei de Incluziune a Cet\u0103\u0163enilor Rom\u00e2ni apar\u0163in\u00e2nd Minorit\u0103\u0163ii Rome pentru perioada 2021-2027. #Capacitarea\u0218iAbilitareaRomilor #haide#ActiveCitizensFund#Romania#activecitizens#EEANorwayGrants Active Citizens Fund &#8211; Romania<\/p>\n","category_list_v2":"<a href=\"https:\/\/www.agentiaimpreuna.ro\/capacitarea-romilor\/category\/news\/\" rel=\"category tag\">News<\/a>","author_info_v2":{"name":"agenadmin","url":"https:\/\/www.agentiaimpreuna.ro\/capacitarea-romilor\/author\/agenadmin\/"},"comments_num_v2":"0 comments","_links":{"self":[{"href":"https:\/\/www.agentiaimpreuna.ro\/capacitarea-romilor\/wp-json\/wp\/v2\/posts\/1071","targetHints":{"allow":["GET"]}}],"collection":[{"href":"https:\/\/www.agentiaimpreuna.ro\/capacitarea-romilor\/wp-json\/wp\/v2\/posts"}],"about":[{"href":"https:\/\/www.agentiaimpreuna.ro\/capacitarea-romilor\/wp-json\/wp\/v2\/types\/post"}],"author":[{"embeddable":true,"href":"https:\/\/www.agentiaimpreuna.ro\/capacitarea-romilor\/wp-json\/wp\/v2\/users\/1"}],"replies":[{"embeddable":true,"href":"https:\/\/www.agentiaimpreuna.ro\/capacitarea-romilor\/wp-json\/wp\/v2\/comments?post=1071"}],"version-history":[{"count":1,"href":"https:\/\/www.agentiaimpreuna.ro\/capacitarea-romilor\/wp-json\/wp\/v2\/posts\/1071\/revisions"}],"predecessor-version":[{"id":1079,"href":"https:\/\/www.agentiaimpreuna.ro\/capacitarea-romilor\/wp-json\/wp\/v2\/posts\/1071\/revisions\/1079"}],"wp:featuredmedia":[{"embeddable":true,"href":"https:\/\/www.agentiaimpreuna.ro\/capacitarea-romilor\/wp-json\/wp\/v2\/media\/1072"}],"wp:attachment":[{"href":"https:\/\/www.agentiaimpreuna.ro\/capacitarea-romilor\/wp-json\/wp\/v2\/media?parent=1071"}],"wp:term":[{"taxonomy":"category","embeddable":true,"href":"https:\/\/www.agentiaimpreuna.ro\/capacitarea-romilor\/wp-json\/wp\/v2\/categories?post=1071"},{"taxonomy":"post_tag","embeddable":true,"href":"https:\/\/www.agentiaimpreuna.ro\/capacitarea-romilor\/wp-json\/wp\/v2\/tags?post=1071"}],"curies":[{"name":"wp","href":"https:\/\/api.w.org\/{rel}","templated":true}]}}