{"id":1055,"date":"2021-10-01T08:00:00","date_gmt":"2021-10-01T08:00:00","guid":{"rendered":"https:\/\/www.agentiaimpreuna.ro\/capacitarea-romilor\/?p=1055"},"modified":"2022-07-19T08:01:20","modified_gmt":"2022-07-19T08:01:20","slug":"activitati-de-formare-grupuri-de-initiativa-locala","status":"publish","type":"post","link":"https:\/\/www.agentiaimpreuna.ro\/capacitarea-romilor\/2021\/10\/01\/activitati-de-formare-grupuri-de-initiativa-locala\/","title":{"rendered":"Activit\u0103\u021bi de formare &#8211; Grupuri de ini\u021biativ\u0103 local\u0103"},"content":{"rendered":"\n<p>Continu\u0103m procesul de <a href=\"https:\/\/www.facebook.com\/hashtag\/capacitare%C8%99iabilitarearomilorprinlobby%C8%99iac%C8%9Biune?__eep__=6&amp;__cft__[0]=AZV_8vOzAbUD-VSBM2qQOTgctAEI0tl_bT4bdjFn43lVRVW74U-acGILANTJBytsiEa-HysoujSvhV4bMVtpZwRkXjdwcDDLSE9lToqMnib6UnovmBXUNG7PKoMNBQFpLhiA4nlZuFw9RyxGDXmlUf-fb_sIz-65jvNa-Zbq9K4lgZDFq9c0oECV8iAlaeIX4x1jGj1skep91yHhlLvIgz0b&amp;__tn__=*NK-R\" target=\"_blank\" rel=\"noopener\">#Capacitare\u0218iAbilitareARomilorPrinLobby\u0218iAc\u021biune<\/a>!<\/p>\n\n\n\n<p><img loading=\"lazy\" decoding=\"async\" height=\"16\" width=\"16\" alt=\"\u2139\" src=\"https:\/\/static.xx.fbcdn.net\/images\/emoji.php\/v9\/tf\/2\/16\/2139.png\"> 24 de membri din cele 12 grupuri de ini\u021biativ\u0103 locale au participat la doua activit\u0103\u021bi de formare, respectiv <img loading=\"lazy\" decoding=\"async\" height=\"16\" width=\"16\" alt=\"\ud83d\udc47\ud83c\udffc\" src=\"https:\/\/static.xx.fbcdn.net\/images\/emoji.php\/v9\/t6a\/2\/16\/1f447_1f3fc.png\">:<\/p>\n\n\n\n<p><img loading=\"lazy\" decoding=\"async\" height=\"16\" width=\"16\" alt=\"\u2705\" src=\"https:\/\/static.xx.fbcdn.net\/images\/emoji.php\/v9\/tb4\/2\/16\/2705.png\"> \u00een perioada 18-19 septembrie a avut loc cursul de dezvoltare comunitar\u0103 \u0219i fundraising<\/p>\n\n\n\n<p><img loading=\"lazy\" decoding=\"async\" height=\"16\" width=\"16\" src=\"https:\/\/static.xx.fbcdn.net\/images\/emoji.php\/v9\/tb4\/2\/16\/2705.png\" alt=\"\u2705\"> \u00een perioada 20-21 septembrie a avut loc cursul de scriere si management de proiecte<\/p>\n\n\n\n<figure class=\"wp-block-gallery has-nested-images columns-default is-cropped wp-block-gallery-1 is-layout-flex wp-block-gallery-is-layout-flex\">\n<figure class=\"wp-block-image size-large\"><img loading=\"lazy\" decoding=\"async\" width=\"1024\" height=\"768\" data-id=\"1058\" src=\"https:\/\/www.agentiaimpreuna.ro\/capacitarea-romilor\/wp-content\/uploads\/2022\/07\/1-1024x768.jpeg\" alt=\"\" class=\"wp-image-1058\" srcset=\"https:\/\/www.agentiaimpreuna.ro\/capacitarea-romilor\/wp-content\/uploads\/2022\/07\/1-1024x768.jpeg 1024w, https:\/\/www.agentiaimpreuna.ro\/capacitarea-romilor\/wp-content\/uploads\/2022\/07\/1-300x225.jpeg 300w, https:\/\/www.agentiaimpreuna.ro\/capacitarea-romilor\/wp-content\/uploads\/2022\/07\/1-768x576.jpeg 768w, https:\/\/www.agentiaimpreuna.ro\/capacitarea-romilor\/wp-content\/uploads\/2022\/07\/1-1536x1152.jpeg 1536w, https:\/\/www.agentiaimpreuna.ro\/capacitarea-romilor\/wp-content\/uploads\/2022\/07\/1-16x12.jpeg 16w, https:\/\/www.agentiaimpreuna.ro\/capacitarea-romilor\/wp-content\/uploads\/2022\/07\/1.jpeg 2048w\" sizes=\"auto, (max-width: 1024px) 100vw, 1024px\" \/><\/figure>\n\n\n\n<figure class=\"wp-block-image size-large\"><img loading=\"lazy\" decoding=\"async\" width=\"1024\" height=\"768\" data-id=\"1059\" src=\"https:\/\/www.agentiaimpreuna.ro\/capacitarea-romilor\/wp-content\/uploads\/2022\/07\/2-1024x768.jpeg\" alt=\"\" class=\"wp-image-1059\" srcset=\"https:\/\/www.agentiaimpreuna.ro\/capacitarea-romilor\/wp-content\/uploads\/2022\/07\/2-1024x768.jpeg 1024w, https:\/\/www.agentiaimpreuna.ro\/capacitarea-romilor\/wp-content\/uploads\/2022\/07\/2-300x225.jpeg 300w, https:\/\/www.agentiaimpreuna.ro\/capacitarea-romilor\/wp-content\/uploads\/2022\/07\/2-768x576.jpeg 768w, https:\/\/www.agentiaimpreuna.ro\/capacitarea-romilor\/wp-content\/uploads\/2022\/07\/2-1536x1152.jpeg 1536w, https:\/\/www.agentiaimpreuna.ro\/capacitarea-romilor\/wp-content\/uploads\/2022\/07\/2-16x12.jpeg 16w, https:\/\/www.agentiaimpreuna.ro\/capacitarea-romilor\/wp-content\/uploads\/2022\/07\/2.jpeg 2048w\" sizes=\"auto, (max-width: 1024px) 100vw, 1024px\" \/><\/figure>\n\n\n\n<figure class=\"wp-block-image size-large\"><img loading=\"lazy\" decoding=\"async\" width=\"1024\" height=\"768\" data-id=\"1056\" src=\"https:\/\/www.agentiaimpreuna.ro\/capacitarea-romilor\/wp-content\/uploads\/2022\/07\/3-1024x768.jpeg\" alt=\"\" class=\"wp-image-1056\" srcset=\"https:\/\/www.agentiaimpreuna.ro\/capacitarea-romilor\/wp-content\/uploads\/2022\/07\/3-1024x768.jpeg 1024w, https:\/\/www.agentiaimpreuna.ro\/capacitarea-romilor\/wp-content\/uploads\/2022\/07\/3-300x225.jpeg 300w, https:\/\/www.agentiaimpreuna.ro\/capacitarea-romilor\/wp-content\/uploads\/2022\/07\/3-768x576.jpeg 768w, https:\/\/www.agentiaimpreuna.ro\/capacitarea-romilor\/wp-content\/uploads\/2022\/07\/3-1536x1152.jpeg 1536w, https:\/\/www.agentiaimpreuna.ro\/capacitarea-romilor\/wp-content\/uploads\/2022\/07\/3-16x12.jpeg 16w, https:\/\/www.agentiaimpreuna.ro\/capacitarea-romilor\/wp-content\/uploads\/2022\/07\/3.jpeg 2047w\" sizes=\"auto, (max-width: 1024px) 100vw, 1024px\" \/><\/figure>\n\n\n\n<figure class=\"wp-block-image size-large\"><img loading=\"lazy\" decoding=\"async\" width=\"1024\" height=\"768\" data-id=\"1057\" src=\"https:\/\/www.agentiaimpreuna.ro\/capacitarea-romilor\/wp-content\/uploads\/2022\/07\/4-1024x768.jpeg\" alt=\"\" class=\"wp-image-1057\" srcset=\"https:\/\/www.agentiaimpreuna.ro\/capacitarea-romilor\/wp-content\/uploads\/2022\/07\/4-1024x768.jpeg 1024w, https:\/\/www.agentiaimpreuna.ro\/capacitarea-romilor\/wp-content\/uploads\/2022\/07\/4-300x225.jpeg 300w, https:\/\/www.agentiaimpreuna.ro\/capacitarea-romilor\/wp-content\/uploads\/2022\/07\/4-768x576.jpeg 768w, https:\/\/www.agentiaimpreuna.ro\/capacitarea-romilor\/wp-content\/uploads\/2022\/07\/4-1536x1152.jpeg 1536w, https:\/\/www.agentiaimpreuna.ro\/capacitarea-romilor\/wp-content\/uploads\/2022\/07\/4-16x12.jpeg 16w, https:\/\/www.agentiaimpreuna.ro\/capacitarea-romilor\/wp-content\/uploads\/2022\/07\/4.jpeg 2048w\" sizes=\"auto, (max-width: 1024px) 100vw, 1024px\" \/><\/figure>\n<\/figure>\n\n\n\n<p>R\u0103m\u00e2nem <a href=\"https:\/\/www.facebook.com\/hashtag\/%C3%AEmpreun%C4%83?__eep__=6&amp;__cft__[0]=AZV_8vOzAbUD-VSBM2qQOTgctAEI0tl_bT4bdjFn43lVRVW74U-acGILANTJBytsiEa-HysoujSvhV4bMVtpZwRkXjdwcDDLSE9lToqMnib6UnovmBXUNG7PKoMNBQFpLhiA4nlZuFw9RyxGDXmlUf-fb_sIz-65jvNa-Zbq9K4lgZDFq9c0oECV8iAlaeIX4x1jGj1skep91yHhlLvIgz0b&amp;__tn__=*NK-R\" target=\"_blank\" rel=\"noopener\">#\u00eempreun\u0103<\/a> pentru noi informa\u021bii despre derularea proiectului <img loading=\"lazy\" decoding=\"async\" height=\"16\" width=\"16\" alt=\"\ud83d\ude4c\ud83c\udffc\" src=\"https:\/\/static.xx.fbcdn.net\/images\/emoji.php\/v9\/t98\/2\/16\/1f64c_1f3fc.png\"><\/p>\n\n\n\n<p><a href=\"https:\/\/www.facebook.com\/hashtag\/capacitarea%C8%99iabilitarearomilor?__eep__=6&amp;__cft__[0]=AZV_8vOzAbUD-VSBM2qQOTgctAEI0tl_bT4bdjFn43lVRVW74U-acGILANTJBytsiEa-HysoujSvhV4bMVtpZwRkXjdwcDDLSE9lToqMnib6UnovmBXUNG7PKoMNBQFpLhiA4nlZuFw9RyxGDXmlUf-fb_sIz-65jvNa-Zbq9K4lgZDFq9c0oECV8iAlaeIX4x1jGj1skep91yHhlLvIgz0b&amp;__tn__=*NK-R\" target=\"_blank\" rel=\"noopener\">#Capacitarea\u0218iAbilitareaRomilor<\/a><\/p>\n\n\n\n<p><a href=\"https:\/\/www.facebook.com\/hashtag\/haide?__eep__=6&amp;__cft__[0]=AZV_8vOzAbUD-VSBM2qQOTgctAEI0tl_bT4bdjFn43lVRVW74U-acGILANTJBytsiEa-HysoujSvhV4bMVtpZwRkXjdwcDDLSE9lToqMnib6UnovmBXUNG7PKoMNBQFpLhiA4nlZuFw9RyxGDXmlUf-fb_sIz-65jvNa-Zbq9K4lgZDFq9c0oECV8iAlaeIX4x1jGj1skep91yHhlLvIgz0b&amp;__tn__=*NK-R\" target=\"_blank\" rel=\"noopener\">#haide<\/a><a href=\"https:\/\/www.facebook.com\/hashtag\/activecitizensfund?__eep__=6&amp;__cft__[0]=AZV_8vOzAbUD-VSBM2qQOTgctAEI0tl_bT4bdjFn43lVRVW74U-acGILANTJBytsiEa-HysoujSvhV4bMVtpZwRkXjdwcDDLSE9lToqMnib6UnovmBXUNG7PKoMNBQFpLhiA4nlZuFw9RyxGDXmlUf-fb_sIz-65jvNa-Zbq9K4lgZDFq9c0oECV8iAlaeIX4x1jGj1skep91yHhlLvIgz0b&amp;__tn__=*NK-R\" target=\"_blank\" rel=\"noopener\">#ActiveCitizensFund<\/a><a href=\"https:\/\/www.facebook.com\/hashtag\/romania?__eep__=6&amp;__cft__[0]=AZV_8vOzAbUD-VSBM2qQOTgctAEI0tl_bT4bdjFn43lVRVW74U-acGILANTJBytsiEa-HysoujSvhV4bMVtpZwRkXjdwcDDLSE9lToqMnib6UnovmBXUNG7PKoMNBQFpLhiA4nlZuFw9RyxGDXmlUf-fb_sIz-65jvNa-Zbq9K4lgZDFq9c0oECV8iAlaeIX4x1jGj1skep91yHhlLvIgz0b&amp;__tn__=*NK-R\" target=\"_blank\" rel=\"noopener\">#Romania<\/a><a href=\"https:\/\/www.facebook.com\/hashtag\/activecitizens?__eep__=6&amp;__cft__[0]=AZV_8vOzAbUD-VSBM2qQOTgctAEI0tl_bT4bdjFn43lVRVW74U-acGILANTJBytsiEa-HysoujSvhV4bMVtpZwRkXjdwcDDLSE9lToqMnib6UnovmBXUNG7PKoMNBQFpLhiA4nlZuFw9RyxGDXmlUf-fb_sIz-65jvNa-Zbq9K4lgZDFq9c0oECV8iAlaeIX4x1jGj1skep91yHhlLvIgz0b&amp;__tn__=*NK-R\" target=\"_blank\" rel=\"noopener\">#activecitizens<\/a><a href=\"https:\/\/www.facebook.com\/hashtag\/eeanorwaygrants?__eep__=6&amp;__cft__[0]=AZV_8vOzAbUD-VSBM2qQOTgctAEI0tl_bT4bdjFn43lVRVW74U-acGILANTJBytsiEa-HysoujSvhV4bMVtpZwRkXjdwcDDLSE9lToqMnib6UnovmBXUNG7PKoMNBQFpLhiA4nlZuFw9RyxGDXmlUf-fb_sIz-65jvNa-Zbq9K4lgZDFq9c0oECV8iAlaeIX4x1jGj1skep91yHhlLvIgz0b&amp;__tn__=*NK-R\" target=\"_blank\" rel=\"noopener\">#EEANorwayGrants<\/a><\/p>\n","protected":false},"excerpt":{"rendered":"<p>Continu\u0103m procesul de #Capacitare\u0218iAbilitareARomilorPrinLobby\u0218iAc\u021biune! 24 de membri din cele 12 grupuri de ini\u021biativ\u0103 locale au participat la doua activit\u0103\u021bi de formare, respectiv : \u00een perioada 18-19 septembrie a avut loc cursul de dezvoltare comunitar\u0103 \u0219i fundraising \u00een perioada 20-21 septembrie a avut loc cursul de scriere si management de proiecte R\u0103m\u00e2nem #\u00eempreun\u0103 pentru noi informa\u021bii despre derularea proiectului #Capacitarea\u0218iAbilitareaRomilor #haide#ActiveCitizensFund#Romania#activecitizens#EEANorwayGrants<\/p>\n","protected":false},"author":1,"featured_media":1056,"comment_status":"open","ping_status":"open","sticky":false,"template":"","format":"standard","meta":{"qubely_global_settings":"","qubely_interactions":"","footnotes":""},"categories":[2],"tags":[],"class_list":["post-1055","post","type-post","status-publish","format-standard","has-post-thumbnail","hentry","category-news"],"blocksy_meta":{"styles_descriptor":{"styles":{"desktop":"","tablet":"","mobile":""},"google_fonts":[]}},"qubely_featured_image_url":{"full":["https:\/\/www.agentiaimpreuna.ro\/capacitarea-romilor\/wp-content\/uploads\/2022\/07\/3.jpeg",2047,1535,false],"landscape":["https:\/\/www.agentiaimpreuna.ro\/capacitarea-romilor\/wp-content\/uploads\/2022\/07\/3-1200x750.jpeg",1200,750,true],"portraits":["https:\/\/www.agentiaimpreuna.ro\/capacitarea-romilor\/wp-content\/uploads\/2022\/07\/3-540x320.jpeg",540,320,true],"thumbnail":["https:\/\/www.agentiaimpreuna.ro\/capacitarea-romilor\/wp-content\/uploads\/2022\/07\/3-150x150.jpeg",150,150,true],"medium":["https:\/\/www.agentiaimpreuna.ro\/capacitarea-romilor\/wp-content\/uploads\/2022\/07\/3-300x225.jpeg",300,225,true],"medium_large":["https:\/\/www.agentiaimpreuna.ro\/capacitarea-romilor\/wp-content\/uploads\/2022\/07\/3-768x576.jpeg",768,576,true],"large":["https:\/\/www.agentiaimpreuna.ro\/capacitarea-romilor\/wp-content\/uploads\/2022\/07\/3-1024x768.jpeg",1024,768,true],"1536x1536":["https:\/\/www.agentiaimpreuna.ro\/capacitarea-romilor\/wp-content\/uploads\/2022\/07\/3-1536x1152.jpeg",1536,1152,true],"2048x2048":["https:\/\/www.agentiaimpreuna.ro\/capacitarea-romilor\/wp-content\/uploads\/2022\/07\/3.jpeg",2047,1535,false],"trp-custom-language-flag":["https:\/\/www.agentiaimpreuna.ro\/capacitarea-romilor\/wp-content\/uploads\/2022\/07\/3-16x12.jpeg",16,12,true],"qubely_landscape":["https:\/\/www.agentiaimpreuna.ro\/capacitarea-romilor\/wp-content\/uploads\/2022\/07\/3-1200x750.jpeg",1200,750,true],"qubely_portrait":["https:\/\/www.agentiaimpreuna.ro\/capacitarea-romilor\/wp-content\/uploads\/2022\/07\/3-540x320.jpeg",540,320,true],"qubely_thumbnail":["https:\/\/www.agentiaimpreuna.ro\/capacitarea-romilor\/wp-content\/uploads\/2022\/07\/3-140x100.jpeg",140,100,true]},"qubely_author":{"display_name":"agenadmin","author_link":"https:\/\/www.agentiaimpreuna.ro\/capacitarea-romilor\/author\/agenadmin\/"},"qubely_comment":0,"qubely_category":"<a href=\"https:\/\/www.agentiaimpreuna.ro\/capacitarea-romilor\/category\/news\/\" rel=\"category tag\">News<\/a>","qubely_excerpt":"Continu\u0103m procesul de #Capacitare\u0218iAbilitareARomilorPrinLobby\u0218iAc\u021biune! 24 de membri din cele 12 grupuri de ini\u021biativ\u0103 locale au participat la doua activit\u0103\u021bi de formare, respectiv : \u00een perioada 18-19 septembrie a avut loc cursul de dezvoltare comunitar\u0103 \u0219i fundraising \u00een perioada 20-21 septembrie a avut loc cursul de scriere si management de proiecte R\u0103m\u00e2nem #\u00eempreun\u0103 pentru noi informa\u021bii&hellip;","featured_image_urls":{"full":["https:\/\/www.agentiaimpreuna.ro\/capacitarea-romilor\/wp-content\/uploads\/2022\/07\/3.jpeg",2047,1535,false],"thumbnail":["https:\/\/www.agentiaimpreuna.ro\/capacitarea-romilor\/wp-content\/uploads\/2022\/07\/3-150x150.jpeg",150,150,true],"medium":["https:\/\/www.agentiaimpreuna.ro\/capacitarea-romilor\/wp-content\/uploads\/2022\/07\/3-300x225.jpeg",300,225,true],"medium_large":["https:\/\/www.agentiaimpreuna.ro\/capacitarea-romilor\/wp-content\/uploads\/2022\/07\/3-768x576.jpeg",768,576,true],"large":["https:\/\/www.agentiaimpreuna.ro\/capacitarea-romilor\/wp-content\/uploads\/2022\/07\/3-1024x768.jpeg",1024,768,true],"1536x1536":["https:\/\/www.agentiaimpreuna.ro\/capacitarea-romilor\/wp-content\/uploads\/2022\/07\/3-1536x1152.jpeg",1536,1152,true],"2048x2048":["https:\/\/www.agentiaimpreuna.ro\/capacitarea-romilor\/wp-content\/uploads\/2022\/07\/3.jpeg",2047,1535,false],"trp-custom-language-flag":["https:\/\/www.agentiaimpreuna.ro\/capacitarea-romilor\/wp-content\/uploads\/2022\/07\/3-16x12.jpeg",16,12,true],"qubely_landscape":["https:\/\/www.agentiaimpreuna.ro\/capacitarea-romilor\/wp-content\/uploads\/2022\/07\/3-1200x750.jpeg",1200,750,true],"qubely_portrait":["https:\/\/www.agentiaimpreuna.ro\/capacitarea-romilor\/wp-content\/uploads\/2022\/07\/3-540x320.jpeg",540,320,true],"qubely_thumbnail":["https:\/\/www.agentiaimpreuna.ro\/capacitarea-romilor\/wp-content\/uploads\/2022\/07\/3-140x100.jpeg",140,100,true]},"post_excerpt_stackable":"<p>Continu\u0103m procesul de #Capacitare\u0218iAbilitareARomilorPrinLobby\u0218iAc\u021biune! 24 de membri din cele 12 grupuri de ini\u021biativ\u0103 locale au participat la doua activit\u0103\u021bi de formare, respectiv : \u00een perioada 18-19 septembrie a avut loc cursul de dezvoltare comunitar\u0103 \u0219i fundraising \u00een perioada 20-21 septembrie a avut loc cursul de scriere si management de proiecte R\u0103m\u00e2nem #\u00eempreun\u0103 pentru noi informa\u021bii despre derularea proiectului #Capacitarea\u0218iAbilitareaRomilor #haide#ActiveCitizensFund#Romania#activecitizens#EEANorwayGrants<\/p>\n","category_list":"<a href=\"https:\/\/www.agentiaimpreuna.ro\/capacitarea-romilor\/category\/news\/\" rel=\"category tag\">News<\/a>","author_info":{"name":"agenadmin","url":"https:\/\/www.agentiaimpreuna.ro\/capacitarea-romilor\/author\/agenadmin\/"},"comments_num":"0 comments","featured_image_urls_v2":{"full":["https:\/\/www.agentiaimpreuna.ro\/capacitarea-romilor\/wp-content\/uploads\/2022\/07\/3.jpeg",2047,1535,false],"thumbnail":["https:\/\/www.agentiaimpreuna.ro\/capacitarea-romilor\/wp-content\/uploads\/2022\/07\/3-150x150.jpeg",150,150,true],"medium":["https:\/\/www.agentiaimpreuna.ro\/capacitarea-romilor\/wp-content\/uploads\/2022\/07\/3-300x225.jpeg",300,225,true],"medium_large":["https:\/\/www.agentiaimpreuna.ro\/capacitarea-romilor\/wp-content\/uploads\/2022\/07\/3-768x576.jpeg",768,576,true],"large":["https:\/\/www.agentiaimpreuna.ro\/capacitarea-romilor\/wp-content\/uploads\/2022\/07\/3-1024x768.jpeg",1024,768,true],"1536x1536":["https:\/\/www.agentiaimpreuna.ro\/capacitarea-romilor\/wp-content\/uploads\/2022\/07\/3-1536x1152.jpeg",1536,1152,true],"2048x2048":["https:\/\/www.agentiaimpreuna.ro\/capacitarea-romilor\/wp-content\/uploads\/2022\/07\/3.jpeg",2047,1535,false],"trp-custom-language-flag":["https:\/\/www.agentiaimpreuna.ro\/capacitarea-romilor\/wp-content\/uploads\/2022\/07\/3-16x12.jpeg",16,12,true],"qubely_landscape":["https:\/\/www.agentiaimpreuna.ro\/capacitarea-romilor\/wp-content\/uploads\/2022\/07\/3-1200x750.jpeg",1200,750,true],"qubely_portrait":["https:\/\/www.agentiaimpreuna.ro\/capacitarea-romilor\/wp-content\/uploads\/2022\/07\/3-540x320.jpeg",540,320,true],"qubely_thumbnail":["https:\/\/www.agentiaimpreuna.ro\/capacitarea-romilor\/wp-content\/uploads\/2022\/07\/3-140x100.jpeg",140,100,true]},"post_excerpt_stackable_v2":"<p>Continu\u0103m procesul de #Capacitare\u0218iAbilitareARomilorPrinLobby\u0218iAc\u021biune! 24 de membri din cele 12 grupuri de ini\u021biativ\u0103 locale au participat la doua activit\u0103\u021bi de formare, respectiv : \u00een perioada 18-19 septembrie a avut loc cursul de dezvoltare comunitar\u0103 \u0219i fundraising \u00een perioada 20-21 septembrie a avut loc cursul de scriere si management de proiecte R\u0103m\u00e2nem #\u00eempreun\u0103 pentru noi informa\u021bii despre derularea proiectului #Capacitarea\u0218iAbilitareaRomilor #haide#ActiveCitizensFund#Romania#activecitizens#EEANorwayGrants<\/p>\n","category_list_v2":"<a href=\"https:\/\/www.agentiaimpreuna.ro\/capacitarea-romilor\/category\/news\/\" rel=\"category tag\">News<\/a>","author_info_v2":{"name":"agenadmin","url":"https:\/\/www.agentiaimpreuna.ro\/capacitarea-romilor\/author\/agenadmin\/"},"comments_num_v2":"0 comments","_links":{"self":[{"href":"https:\/\/www.agentiaimpreuna.ro\/capacitarea-romilor\/wp-json\/wp\/v2\/posts\/1055","targetHints":{"allow":["GET"]}}],"collection":[{"href":"https:\/\/www.agentiaimpreuna.ro\/capacitarea-romilor\/wp-json\/wp\/v2\/posts"}],"about":[{"href":"https:\/\/www.agentiaimpreuna.ro\/capacitarea-romilor\/wp-json\/wp\/v2\/types\/post"}],"author":[{"embeddable":true,"href":"https:\/\/www.agentiaimpreuna.ro\/capacitarea-romilor\/wp-json\/wp\/v2\/users\/1"}],"replies":[{"embeddable":true,"href":"https:\/\/www.agentiaimpreuna.ro\/capacitarea-romilor\/wp-json\/wp\/v2\/comments?post=1055"}],"version-history":[{"count":1,"href":"https:\/\/www.agentiaimpreuna.ro\/capacitarea-romilor\/wp-json\/wp\/v2\/posts\/1055\/revisions"}],"predecessor-version":[{"id":1060,"href":"https:\/\/www.agentiaimpreuna.ro\/capacitarea-romilor\/wp-json\/wp\/v2\/posts\/1055\/revisions\/1060"}],"wp:featuredmedia":[{"embeddable":true,"href":"https:\/\/www.agentiaimpreuna.ro\/capacitarea-romilor\/wp-json\/wp\/v2\/media\/1056"}],"wp:attachment":[{"href":"https:\/\/www.agentiaimpreuna.ro\/capacitarea-romilor\/wp-json\/wp\/v2\/media?parent=1055"}],"wp:term":[{"taxonomy":"category","embeddable":true,"href":"https:\/\/www.agentiaimpreuna.ro\/capacitarea-romilor\/wp-json\/wp\/v2\/categories?post=1055"},{"taxonomy":"post_tag","embeddable":true,"href":"https:\/\/www.agentiaimpreuna.ro\/capacitarea-romilor\/wp-json\/wp\/v2\/tags?post=1055"}],"curies":[{"name":"wp","href":"https:\/\/api.w.org\/{rel}","templated":true}]}}