{"id":1047,"date":"2021-08-25T07:54:00","date_gmt":"2021-08-25T07:54:00","guid":{"rendered":"https:\/\/www.agentiaimpreuna.ro\/capacitarea-romilor\/?p=1047"},"modified":"2022-07-19T07:55:03","modified_gmt":"2022-07-19T07:55:03","slug":"grupuri-de-initiativa-locala","status":"publish","type":"post","link":"https:\/\/www.agentiaimpreuna.ro\/capacitarea-romilor\/2021\/08\/25\/grupuri-de-initiativa-locala\/","title":{"rendered":"Grupuri de ini\u021biativ\u0103 local\u0103"},"content":{"rendered":"\n<p>Ce este un \ud835\ude28\ud835\ude33\ud835\ude36\ud835\ude31 \ud835\ude25\ud835\ude26 \ud835\ude2a\ud835\ude2f\ud835\ude2a\ud835\ude35\u0326\ud835\ude2a\ud835\ude22\ud835\ude35\ud835\ude2a\ud835\ude37\ud835\ude22\u0306 \ud835\ude2d\ud835\ude30\ud835\ude24\ud835\ude22\ud835\ude2d\u0103?<\/p>\n\n\n\n<p>Descoper\u0103 \u00een video-ul de mai jos rolul pe care \u00eel au grupurile de initia\u021biv\u0103 \ud835\uddf6\u0302\ud835\uddfb\ud835\uddf3\ud835\uddf6\ud835\uddf6\ud835\uddfb\ud835\ude01\u0326\ud835\uddee\ud835\ude01\ud835\uddf2 \u00een cele 12 comunit\u0103\u021bi implicate \u00een proiect <img loading=\"lazy\" decoding=\"async\" height=\"16\" width=\"16\" src=\"https:\/\/static.xx.fbcdn.net\/images\/emoji.php\/v9\/t6a\/2\/16\/1f447_1f3fc.png\" alt=\"\ud83d\udc47\ud83c\udffc\"><\/p>\n\n\n\n<figure class=\"wp-block-video\"><video controls src=\"https:\/\/www.agentiaimpreuna.ro\/capacitarea-romilor\/wp-content\/uploads\/2022\/07\/grup.mp4\"><\/video><\/figure>\n\n\n\n<p><a href=\"https:\/\/www.facebook.com\/hashtag\/capacitarea%C8%99iabilitarearomilor?__eep__=6&amp;__cft__[0]=AZW7LtiiE8YRYu738o3uAetQ5hKD_vOA9NGOSkNg5Ub-EZpiW4VziGeQbnfSaNk4a4j53B6f5aXXVhzm1mqZRphgRfNtvXKeMVO-NZ_XkiqIp5Ds6seI-7ZCkmvUHDPfNYSEImHIQ_bIsAr1dW6ZDqqc89JRke0ZcBO3JHNMAWJgKVcqUBysBMlQ-VefRrN2ti0nSiaOFuGotCPFEy3fUQzT&amp;__tn__=*NK-R\" target=\"_blank\" rel=\"noopener\">#Capacitarea\u0218iAbilitareaRomilor<\/a><img loading=\"lazy\" decoding=\"async\" height=\"16\" width=\"16\" alt=\"\ud83d\udfe6\" src=\"https:\/\/static.xx.fbcdn.net\/images\/emoji.php\/v9\/t9f\/2\/16\/1f7e6.png\"><img loading=\"lazy\" decoding=\"async\" height=\"16\" width=\"16\" alt=\"\ud83d\udfe5\" src=\"https:\/\/static.xx.fbcdn.net\/images\/emoji.php\/v9\/t1e\/2\/16\/1f7e5.png\"><img loading=\"lazy\" decoding=\"async\" height=\"16\" width=\"16\" alt=\"\ud83d\udfe9\" src=\"https:\/\/static.xx.fbcdn.net\/images\/emoji.php\/v9\/t22\/2\/16\/1f7e9.png\"><\/p>\n\n\n\n<p><a href=\"https:\/\/www.facebook.com\/hashtag\/haide?__eep__=6&amp;__cft__[0]=AZW7LtiiE8YRYu738o3uAetQ5hKD_vOA9NGOSkNg5Ub-EZpiW4VziGeQbnfSaNk4a4j53B6f5aXXVhzm1mqZRphgRfNtvXKeMVO-NZ_XkiqIp5Ds6seI-7ZCkmvUHDPfNYSEImHIQ_bIsAr1dW6ZDqqc89JRke0ZcBO3JHNMAWJgKVcqUBysBMlQ-VefRrN2ti0nSiaOFuGotCPFEy3fUQzT&amp;__tn__=*NK-R\" target=\"_blank\" rel=\"noopener\">#haide<\/a><a href=\"https:\/\/www.facebook.com\/hashtag\/activecitizensfund?__eep__=6&amp;__cft__[0]=AZW7LtiiE8YRYu738o3uAetQ5hKD_vOA9NGOSkNg5Ub-EZpiW4VziGeQbnfSaNk4a4j53B6f5aXXVhzm1mqZRphgRfNtvXKeMVO-NZ_XkiqIp5Ds6seI-7ZCkmvUHDPfNYSEImHIQ_bIsAr1dW6ZDqqc89JRke0ZcBO3JHNMAWJgKVcqUBysBMlQ-VefRrN2ti0nSiaOFuGotCPFEy3fUQzT&amp;__tn__=*NK-R\" target=\"_blank\" rel=\"noopener\">#ActiveCitizensFund<\/a><a href=\"https:\/\/www.facebook.com\/hashtag\/romania?__eep__=6&amp;__cft__[0]=AZW7LtiiE8YRYu738o3uAetQ5hKD_vOA9NGOSkNg5Ub-EZpiW4VziGeQbnfSaNk4a4j53B6f5aXXVhzm1mqZRphgRfNtvXKeMVO-NZ_XkiqIp5Ds6seI-7ZCkmvUHDPfNYSEImHIQ_bIsAr1dW6ZDqqc89JRke0ZcBO3JHNMAWJgKVcqUBysBMlQ-VefRrN2ti0nSiaOFuGotCPFEy3fUQzT&amp;__tn__=*NK-R\" target=\"_blank\" rel=\"noopener\">#Romania<\/a><a href=\"https:\/\/www.facebook.com\/hashtag\/activecitizens?__eep__=6&amp;__cft__[0]=AZW7LtiiE8YRYu738o3uAetQ5hKD_vOA9NGOSkNg5Ub-EZpiW4VziGeQbnfSaNk4a4j53B6f5aXXVhzm1mqZRphgRfNtvXKeMVO-NZ_XkiqIp5Ds6seI-7ZCkmvUHDPfNYSEImHIQ_bIsAr1dW6ZDqqc89JRke0ZcBO3JHNMAWJgKVcqUBysBMlQ-VefRrN2ti0nSiaOFuGotCPFEy3fUQzT&amp;__tn__=*NK-R\" target=\"_blank\" rel=\"noopener\">#activecitizens<\/a><\/p>\n\n\n\n<p><a href=\"https:\/\/www.facebook.com\/hashtag\/eeanorwaygrants?__eep__=6&amp;__cft__[0]=AZW7LtiiE8YRYu738o3uAetQ5hKD_vOA9NGOSkNg5Ub-EZpiW4VziGeQbnfSaNk4a4j53B6f5aXXVhzm1mqZRphgRfNtvXKeMVO-NZ_XkiqIp5Ds6seI-7ZCkmvUHDPfNYSEImHIQ_bIsAr1dW6ZDqqc89JRke0ZcBO3JHNMAWJgKVcqUBysBMlQ-VefRrN2ti0nSiaOFuGotCPFEy3fUQzT&amp;__tn__=*NK-R\" target=\"_blank\" rel=\"noopener\">#EEANorwayGrants<\/a><\/p>\n","protected":false},"excerpt":{"rendered":"<p>Ce este un \ud835\ude28\ud835\ude33\ud835\ude36\ud835\ude31 \ud835\ude25\ud835\ude26 \ud835\ude2a\ud835\ude2f\ud835\ude2a\ud835\ude35\u0326\ud835\ude2a\ud835\ude22\ud835\ude35\ud835\ude2a\ud835\ude37\ud835\ude22\u0306 \ud835\ude2d\ud835\ude30\ud835\ude24\ud835\ude22\ud835\ude2d\u0103? Descoper\u0103 \u00een video-ul de mai jos rolul pe care \u00eel au grupurile de initia\u021biv\u0103 \ud835\uddf6\u0302\ud835\uddfb\ud835\uddf3\ud835\uddf6\ud835\uddf6\ud835\uddfb\ud835\ude01\u0326\ud835\uddee\ud835\ude01\ud835\uddf2 \u00een cele 12 comunit\u0103\u021bi implicate \u00een proiect #Capacitarea\u0218iAbilitareaRomilor #haide#ActiveCitizensFund#Romania#activecitizens #EEANorwayGrants<\/p>\n","protected":false},"author":1,"featured_media":978,"comment_status":"open","ping_status":"open","sticky":false,"template":"","format":"standard","meta":{"qubely_global_settings":"","qubely_interactions":"","footnotes":""},"categories":[2],"tags":[],"class_list":["post-1047","post","type-post","status-publish","format-standard","has-post-thumbnail","hentry","category-news"],"blocksy_meta":{"styles_descriptor":{"styles":{"desktop":"","tablet":"","mobile":""},"google_fonts":[]}},"qubely_featured_image_url":{"full":["https:\/\/www.agentiaimpreuna.ro\/capacitarea-romilor\/wp-content\/uploads\/2022\/06\/5-2.jpeg",1024,768,false],"landscape":["https:\/\/www.agentiaimpreuna.ro\/capacitarea-romilor\/wp-content\/uploads\/2022\/06\/5-2-1024x750.jpeg",1024,750,true],"portraits":["https:\/\/www.agentiaimpreuna.ro\/capacitarea-romilor\/wp-content\/uploads\/2022\/06\/5-2-540x320.jpeg",540,320,true],"thumbnail":["https:\/\/www.agentiaimpreuna.ro\/capacitarea-romilor\/wp-content\/uploads\/2022\/06\/5-2-150x150.jpeg",150,150,true],"medium":["https:\/\/www.agentiaimpreuna.ro\/capacitarea-romilor\/wp-content\/uploads\/2022\/06\/5-2-300x225.jpeg",300,225,true],"medium_large":["https:\/\/www.agentiaimpreuna.ro\/capacitarea-romilor\/wp-content\/uploads\/2022\/06\/5-2-768x576.jpeg",768,576,true],"large":["https:\/\/www.agentiaimpreuna.ro\/capacitarea-romilor\/wp-content\/uploads\/2022\/06\/5-2.jpeg",1024,768,false],"1536x1536":["https:\/\/www.agentiaimpreuna.ro\/capacitarea-romilor\/wp-content\/uploads\/2022\/06\/5-2.jpeg",1024,768,false],"2048x2048":["https:\/\/www.agentiaimpreuna.ro\/capacitarea-romilor\/wp-content\/uploads\/2022\/06\/5-2.jpeg",1024,768,false],"trp-custom-language-flag":["https:\/\/www.agentiaimpreuna.ro\/capacitarea-romilor\/wp-content\/uploads\/2022\/06\/5-2-16x12.jpeg",16,12,true],"qubely_landscape":["https:\/\/www.agentiaimpreuna.ro\/capacitarea-romilor\/wp-content\/uploads\/2022\/06\/5-2-1024x750.jpeg",1024,750,true],"qubely_portrait":["https:\/\/www.agentiaimpreuna.ro\/capacitarea-romilor\/wp-content\/uploads\/2022\/06\/5-2-540x320.jpeg",540,320,true],"qubely_thumbnail":["https:\/\/www.agentiaimpreuna.ro\/capacitarea-romilor\/wp-content\/uploads\/2022\/06\/5-2-140x100.jpeg",140,100,true]},"qubely_author":{"display_name":"agenadmin","author_link":"https:\/\/www.agentiaimpreuna.ro\/capacitarea-romilor\/author\/agenadmin\/"},"qubely_comment":2,"qubely_category":"<a href=\"https:\/\/www.agentiaimpreuna.ro\/capacitarea-romilor\/category\/news\/\" rel=\"category tag\">News<\/a>","qubely_excerpt":"Ce este un \ud835\ude28\ud835\ude33\ud835\ude36\ud835\ude31 \ud835\ude25\ud835\ude26 \ud835\ude2a\ud835\ude2f\ud835\ude2a\ud835\ude35\u0326\ud835\ude2a\ud835\ude22\ud835\ude35\ud835\ude2a\ud835\ude37\ud835\ude22\u0306 \ud835\ude2d\ud835\ude30\ud835\ude24\ud835\ude22\ud835\ude2d\u0103? Descoper\u0103 \u00een video-ul de mai jos rolul pe care \u00eel au grupurile de initia\u021biv\u0103 \ud835\uddf6\u0302\ud835\uddfb\ud835\uddf3\ud835\uddf6\ud835\uddf6\ud835\uddfb\ud835\ude01\u0326\ud835\uddee\ud835\ude01\ud835\uddf2 \u00een cele 12 comunit\u0103\u021bi implicate \u00een proiect #Capacitarea\u0218iAbilitareaRomilor #haide#ActiveCitizensFund#Romania#activecitizens #EEANorwayGrants","featured_image_urls":{"full":["https:\/\/www.agentiaimpreuna.ro\/capacitarea-romilor\/wp-content\/uploads\/2022\/06\/5-2.jpeg",1024,768,false],"thumbnail":["https:\/\/www.agentiaimpreuna.ro\/capacitarea-romilor\/wp-content\/uploads\/2022\/06\/5-2-150x150.jpeg",150,150,true],"medium":["https:\/\/www.agentiaimpreuna.ro\/capacitarea-romilor\/wp-content\/uploads\/2022\/06\/5-2-300x225.jpeg",300,225,true],"medium_large":["https:\/\/www.agentiaimpreuna.ro\/capacitarea-romilor\/wp-content\/uploads\/2022\/06\/5-2-768x576.jpeg",768,576,true],"large":["https:\/\/www.agentiaimpreuna.ro\/capacitarea-romilor\/wp-content\/uploads\/2022\/06\/5-2.jpeg",1024,768,false],"1536x1536":["https:\/\/www.agentiaimpreuna.ro\/capacitarea-romilor\/wp-content\/uploads\/2022\/06\/5-2.jpeg",1024,768,false],"2048x2048":["https:\/\/www.agentiaimpreuna.ro\/capacitarea-romilor\/wp-content\/uploads\/2022\/06\/5-2.jpeg",1024,768,false],"trp-custom-language-flag":["https:\/\/www.agentiaimpreuna.ro\/capacitarea-romilor\/wp-content\/uploads\/2022\/06\/5-2-16x12.jpeg",16,12,true],"qubely_landscape":["https:\/\/www.agentiaimpreuna.ro\/capacitarea-romilor\/wp-content\/uploads\/2022\/06\/5-2-1024x750.jpeg",1024,750,true],"qubely_portrait":["https:\/\/www.agentiaimpreuna.ro\/capacitarea-romilor\/wp-content\/uploads\/2022\/06\/5-2-540x320.jpeg",540,320,true],"qubely_thumbnail":["https:\/\/www.agentiaimpreuna.ro\/capacitarea-romilor\/wp-content\/uploads\/2022\/06\/5-2-140x100.jpeg",140,100,true]},"post_excerpt_stackable":"<p>Ce este un \ud835\ude28\ud835\ude33\ud835\ude36\ud835\ude31 \ud835\ude25\ud835\ude26 \ud835\ude2a\ud835\ude2f\ud835\ude2a\ud835\ude35\u0326\ud835\ude2a\ud835\ude22\ud835\ude35\ud835\ude2a\ud835\ude37\ud835\ude22\u0306 \ud835\ude2d\ud835\ude30\ud835\ude24\ud835\ude22\ud835\ude2d\u0103? Descoper\u0103 \u00een video-ul de mai jos rolul pe care \u00eel au grupurile de initia\u021biv\u0103 \ud835\uddf6\u0302\ud835\uddfb\ud835\uddf3\ud835\uddf6\ud835\uddf6\ud835\uddfb\ud835\ude01\u0326\ud835\uddee\ud835\ude01\ud835\uddf2 \u00een cele 12 comunit\u0103\u021bi implicate \u00een proiect #Capacitarea\u0218iAbilitareaRomilor #haide#ActiveCitizensFund#Romania#activecitizens #EEANorwayGrants<\/p>\n","category_list":"<a href=\"https:\/\/www.agentiaimpreuna.ro\/capacitarea-romilor\/category\/news\/\" rel=\"category tag\">News<\/a>","author_info":{"name":"agenadmin","url":"https:\/\/www.agentiaimpreuna.ro\/capacitarea-romilor\/author\/agenadmin\/"},"comments_num":"0 comments","featured_image_urls_v2":{"full":["https:\/\/www.agentiaimpreuna.ro\/capacitarea-romilor\/wp-content\/uploads\/2022\/06\/5-2.jpeg",1024,768,false],"thumbnail":["https:\/\/www.agentiaimpreuna.ro\/capacitarea-romilor\/wp-content\/uploads\/2022\/06\/5-2-150x150.jpeg",150,150,true],"medium":["https:\/\/www.agentiaimpreuna.ro\/capacitarea-romilor\/wp-content\/uploads\/2022\/06\/5-2-300x225.jpeg",300,225,true],"medium_large":["https:\/\/www.agentiaimpreuna.ro\/capacitarea-romilor\/wp-content\/uploads\/2022\/06\/5-2-768x576.jpeg",768,576,true],"large":["https:\/\/www.agentiaimpreuna.ro\/capacitarea-romilor\/wp-content\/uploads\/2022\/06\/5-2.jpeg",1024,768,false],"1536x1536":["https:\/\/www.agentiaimpreuna.ro\/capacitarea-romilor\/wp-content\/uploads\/2022\/06\/5-2.jpeg",1024,768,false],"2048x2048":["https:\/\/www.agentiaimpreuna.ro\/capacitarea-romilor\/wp-content\/uploads\/2022\/06\/5-2.jpeg",1024,768,false],"trp-custom-language-flag":["https:\/\/www.agentiaimpreuna.ro\/capacitarea-romilor\/wp-content\/uploads\/2022\/06\/5-2-16x12.jpeg",16,12,true],"qubely_landscape":["https:\/\/www.agentiaimpreuna.ro\/capacitarea-romilor\/wp-content\/uploads\/2022\/06\/5-2-1024x750.jpeg",1024,750,true],"qubely_portrait":["https:\/\/www.agentiaimpreuna.ro\/capacitarea-romilor\/wp-content\/uploads\/2022\/06\/5-2-540x320.jpeg",540,320,true],"qubely_thumbnail":["https:\/\/www.agentiaimpreuna.ro\/capacitarea-romilor\/wp-content\/uploads\/2022\/06\/5-2-140x100.jpeg",140,100,true]},"post_excerpt_stackable_v2":"<p>Ce este un \ud835\ude28\ud835\ude33\ud835\ude36\ud835\ude31 \ud835\ude25\ud835\ude26 \ud835\ude2a\ud835\ude2f\ud835\ude2a\ud835\ude35\u0326\ud835\ude2a\ud835\ude22\ud835\ude35\ud835\ude2a\ud835\ude37\ud835\ude22\u0306 \ud835\ude2d\ud835\ude30\ud835\ude24\ud835\ude22\ud835\ude2d\u0103? Descoper\u0103 \u00een video-ul de mai jos rolul pe care \u00eel au grupurile de initia\u021biv\u0103 \ud835\uddf6\u0302\ud835\uddfb\ud835\uddf3\ud835\uddf6\ud835\uddf6\ud835\uddfb\ud835\ude01\u0326\ud835\uddee\ud835\ude01\ud835\uddf2 \u00een cele 12 comunit\u0103\u021bi implicate \u00een proiect #Capacitarea\u0218iAbilitareaRomilor #haide#ActiveCitizensFund#Romania#activecitizens #EEANorwayGrants<\/p>\n","category_list_v2":"<a href=\"https:\/\/www.agentiaimpreuna.ro\/capacitarea-romilor\/category\/news\/\" rel=\"category tag\">News<\/a>","author_info_v2":{"name":"agenadmin","url":"https:\/\/www.agentiaimpreuna.ro\/capacitarea-romilor\/author\/agenadmin\/"},"comments_num_v2":"0 comments","_links":{"self":[{"href":"https:\/\/www.agentiaimpreuna.ro\/capacitarea-romilor\/wp-json\/wp\/v2\/posts\/1047","targetHints":{"allow":["GET"]}}],"collection":[{"href":"https:\/\/www.agentiaimpreuna.ro\/capacitarea-romilor\/wp-json\/wp\/v2\/posts"}],"about":[{"href":"https:\/\/www.agentiaimpreuna.ro\/capacitarea-romilor\/wp-json\/wp\/v2\/types\/post"}],"author":[{"embeddable":true,"href":"https:\/\/www.agentiaimpreuna.ro\/capacitarea-romilor\/wp-json\/wp\/v2\/users\/1"}],"replies":[{"embeddable":true,"href":"https:\/\/www.agentiaimpreuna.ro\/capacitarea-romilor\/wp-json\/wp\/v2\/comments?post=1047"}],"version-history":[{"count":1,"href":"https:\/\/www.agentiaimpreuna.ro\/capacitarea-romilor\/wp-json\/wp\/v2\/posts\/1047\/revisions"}],"predecessor-version":[{"id":1049,"href":"https:\/\/www.agentiaimpreuna.ro\/capacitarea-romilor\/wp-json\/wp\/v2\/posts\/1047\/revisions\/1049"}],"wp:featuredmedia":[{"embeddable":true,"href":"https:\/\/www.agentiaimpreuna.ro\/capacitarea-romilor\/wp-json\/wp\/v2\/media\/978"}],"wp:attachment":[{"href":"https:\/\/www.agentiaimpreuna.ro\/capacitarea-romilor\/wp-json\/wp\/v2\/media?parent=1047"}],"wp:term":[{"taxonomy":"category","embeddable":true,"href":"https:\/\/www.agentiaimpreuna.ro\/capacitarea-romilor\/wp-json\/wp\/v2\/categories?post=1047"},{"taxonomy":"post_tag","embeddable":true,"href":"https:\/\/www.agentiaimpreuna.ro\/capacitarea-romilor\/wp-json\/wp\/v2\/tags?post=1047"}],"curies":[{"name":"wp","href":"https:\/\/api.w.org\/{rel}","templated":true}]}}