{"id":1043,"date":"2021-08-23T07:51:00","date_gmt":"2021-08-23T07:51:00","guid":{"rendered":"https:\/\/www.agentiaimpreuna.ro\/capacitarea-romilor\/?p=1043"},"modified":"2022-07-19T07:52:22","modified_gmt":"2022-07-19T07:52:22","slug":"c%f0%9d%97%b2%f0%9d%97%b9%f0%9d%97%b2-%f0%9d%9f%ad%f0%9d%9f%ae-%f0%9d%97%b0%f0%9d%97%bc%f0%9d%97%ba%f0%9d%98%82%f0%9d%97%bb%f0%9d%97%b6%f0%9d%98%81%f0%9d%97%ae%cc%86%f0%9d%98%81%cc%a6%f0%9d%97%b6","status":"publish","type":"post","link":"https:\/\/www.agentiaimpreuna.ro\/capacitarea-romilor\/2021\/08\/23\/c%f0%9d%97%b2%f0%9d%97%b9%f0%9d%97%b2-%f0%9d%9f%ad%f0%9d%9f%ae-%f0%9d%97%b0%f0%9d%97%bc%f0%9d%97%ba%f0%9d%98%82%f0%9d%97%bb%f0%9d%97%b6%f0%9d%98%81%f0%9d%97%ae%cc%86%f0%9d%98%81%cc%a6%f0%9d%97%b6\/","title":{"rendered":"C\ud835\uddf2\ud835\uddf9\ud835\uddf2 \ud835\udfed\ud835\udfee \ud835\uddf0\ud835\uddfc\ud835\uddfa\ud835\ude02\ud835\uddfb\ud835\uddf6\ud835\ude01\ud835\uddee\u0306\ud835\ude01\u0326\ud835\uddf6 \ud835\uddf6\ud835\uddfa\ud835\uddfd\ud835\uddf9\ud835\uddf6\ud835\uddf0\ud835\uddee\ud835\ude01\ud835\uddf2 \ud835\uddf6\u0302\ud835\uddfb \ud835\uddfd\ud835\uddff\ud835\uddfc\ud835\uddf4\ud835\uddff\ud835\uddee\ud835\uddfa"},"content":{"rendered":"\n<p>Comunit\u0103\u021bile implicate \u00een programm au fost selectate \u00een baza unei metodologii \u0219i a informa\u021biilor solicitate c\u0103tre prefecturile din cele 3 jude\u021be (C\u0103l\u0103ra\u0219i, Br\u0103ila \u0219i Constan\u021ba) cu privire la:<\/p>\n\n\n\n<p><img loading=\"lazy\" decoding=\"async\" height=\"16\" width=\"16\" alt=\"\ud83d\udc65\" src=\"https:\/\/static.xx.fbcdn.net\/images\/emoji.php\/v9\/t2a\/2\/16\/1f465.png\"> comunit\u0103\u021bi interetnice cu num\u0103r de romi semnificativ \u0219i<\/p>\n\n\n\n<p><img loading=\"lazy\" decoding=\"async\" height=\"16\" width=\"16\" src=\"https:\/\/static.xx.fbcdn.net\/images\/emoji.php\/v9\/t9a\/2\/16\/1f5e3.png\" alt=\"\ud83d\udde3\"> existen\u021ba unor proiecte care au ca obiectiv dezvoltarea comunitar\u0103 \u0219i \u00eemputernicire.<\/p>\n\n\n\n<figure class=\"wp-block-image size-full\"><img loading=\"lazy\" decoding=\"async\" width=\"940\" height=\"788\" src=\"https:\/\/www.agentiaimpreuna.ro\/capacitarea-romilor\/wp-content\/uploads\/2022\/07\/comunit-ident.png\" alt=\"\" class=\"wp-image-1044\" srcset=\"https:\/\/www.agentiaimpreuna.ro\/capacitarea-romilor\/wp-content\/uploads\/2022\/07\/comunit-ident.png 940w, https:\/\/www.agentiaimpreuna.ro\/capacitarea-romilor\/wp-content\/uploads\/2022\/07\/comunit-ident-300x251.png 300w, https:\/\/www.agentiaimpreuna.ro\/capacitarea-romilor\/wp-content\/uploads\/2022\/07\/comunit-ident-768x644.png 768w, https:\/\/www.agentiaimpreuna.ro\/capacitarea-romilor\/wp-content\/uploads\/2022\/07\/comunit-ident-14x12.png 14w\" sizes=\"auto, (max-width: 940px) 100vw, 940px\" \/><\/figure>\n\n\n\n<p>Continu\u0103 s\u0103 ne urm\u0103re\u0219ti pentru a descoperi mai multe despre <a href=\"https:\/\/www.facebook.com\/hashtag\/cre%C8%99terea%C8%99iabilitarearomilor?__eep__=6&amp;__cft__[0]=AZWnTJcNlkMeJ3t3UbzTJn7_5PWm_mjS5oCieJsRL2GWLbyMFr9yVbQ7q9WTiztXhchCS9_ZkmCEWK7wQwceAq6WlsFfVr4mDKZYEg9rdt8OvDcJc2-x_xOxz0v6G9KytlEVmVjDjwZWqUlQDv-SSVvjUY3dmWtZN5xJnjlPFmJWBYmVmI2ypQrSKnbRHlq1kqVRCahklzN3y9V3EflaUfZC&amp;__tn__=*NK-R\" target=\"_blank\" rel=\"noopener\">#Cre\u0219terea\u0218iAbilitareaRomilor<\/a><\/p>\n\n\n\n<p><a href=\"https:\/\/www.facebook.com\/hashtag\/haide?__eep__=6&amp;__cft__[0]=AZWnTJcNlkMeJ3t3UbzTJn7_5PWm_mjS5oCieJsRL2GWLbyMFr9yVbQ7q9WTiztXhchCS9_ZkmCEWK7wQwceAq6WlsFfVr4mDKZYEg9rdt8OvDcJc2-x_xOxz0v6G9KytlEVmVjDjwZWqUlQDv-SSVvjUY3dmWtZN5xJnjlPFmJWBYmVmI2ypQrSKnbRHlq1kqVRCahklzN3y9V3EflaUfZC&amp;__tn__=*NK-R\" target=\"_blank\" rel=\"noopener\">#haide<\/a><a href=\"https:\/\/www.facebook.com\/hashtag\/activecitizensfund?__eep__=6&amp;__cft__[0]=AZWnTJcNlkMeJ3t3UbzTJn7_5PWm_mjS5oCieJsRL2GWLbyMFr9yVbQ7q9WTiztXhchCS9_ZkmCEWK7wQwceAq6WlsFfVr4mDKZYEg9rdt8OvDcJc2-x_xOxz0v6G9KytlEVmVjDjwZWqUlQDv-SSVvjUY3dmWtZN5xJnjlPFmJWBYmVmI2ypQrSKnbRHlq1kqVRCahklzN3y9V3EflaUfZC&amp;__tn__=*NK-R\" target=\"_blank\" rel=\"noopener\">#ActiveCitizensFund<\/a><a href=\"https:\/\/www.facebook.com\/hashtag\/romania?__eep__=6&amp;__cft__[0]=AZWnTJcNlkMeJ3t3UbzTJn7_5PWm_mjS5oCieJsRL2GWLbyMFr9yVbQ7q9WTiztXhchCS9_ZkmCEWK7wQwceAq6WlsFfVr4mDKZYEg9rdt8OvDcJc2-x_xOxz0v6G9KytlEVmVjDjwZWqUlQDv-SSVvjUY3dmWtZN5xJnjlPFmJWBYmVmI2ypQrSKnbRHlq1kqVRCahklzN3y9V3EflaUfZC&amp;__tn__=*NK-R\" target=\"_blank\" rel=\"noopener\">#Romania<\/a><a href=\"https:\/\/www.facebook.com\/hashtag\/activecitizens?__eep__=6&amp;__cft__[0]=AZWnTJcNlkMeJ3t3UbzTJn7_5PWm_mjS5oCieJsRL2GWLbyMFr9yVbQ7q9WTiztXhchCS9_ZkmCEWK7wQwceAq6WlsFfVr4mDKZYEg9rdt8OvDcJc2-x_xOxz0v6G9KytlEVmVjDjwZWqUlQDv-SSVvjUY3dmWtZN5xJnjlPFmJWBYmVmI2ypQrSKnbRHlq1kqVRCahklzN3y9V3EflaUfZC&amp;__tn__=*NK-R\" target=\"_blank\" rel=\"noopener\">#activecitizens<\/a><\/p>\n\n\n\n<p><a href=\"https:\/\/www.facebook.com\/hashtag\/eeanorwaygrants?__eep__=6&amp;__cft__[0]=AZWnTJcNlkMeJ3t3UbzTJn7_5PWm_mjS5oCieJsRL2GWLbyMFr9yVbQ7q9WTiztXhchCS9_ZkmCEWK7wQwceAq6WlsFfVr4mDKZYEg9rdt8OvDcJc2-x_xOxz0v6G9KytlEVmVjDjwZWqUlQDv-SSVvjUY3dmWtZN5xJnjlPFmJWBYmVmI2ypQrSKnbRHlq1kqVRCahklzN3y9V3EflaUfZC&amp;__tn__=*NK-R\" target=\"_blank\" rel=\"noopener\">#EEANorwayGrants<\/a><\/p>\n","protected":false},"excerpt":{"rendered":"<p>Comunit\u0103\u021bile implicate \u00een programm au fost selectate \u00een baza unei metodologii \u0219i a informa\u021biilor solicitate c\u0103tre prefecturile din cele 3 jude\u021be (C\u0103l\u0103ra\u0219i, Br\u0103ila \u0219i Constan\u021ba) cu privire la: comunit\u0103\u021bi interetnice cu num\u0103r de romi semnificativ \u0219i existen\u021ba unor proiecte care au ca obiectiv dezvoltarea comunitar\u0103 \u0219i \u00eemputernicire. Continu\u0103 s\u0103 ne urm\u0103re\u0219ti pentru a descoperi mai multe despre #Cre\u0219terea\u0218iAbilitareaRomilor #haide#ActiveCitizensFund#Romania#activecitizens #EEANorwayGrants<\/p>\n","protected":false},"author":1,"featured_media":1044,"comment_status":"open","ping_status":"open","sticky":false,"template":"","format":"standard","meta":{"qubely_global_settings":"","qubely_interactions":"","footnotes":""},"categories":[2],"tags":[],"class_list":["post-1043","post","type-post","status-publish","format-standard","has-post-thumbnail","hentry","category-news"],"blocksy_meta":{"styles_descriptor":{"styles":{"desktop":"","tablet":"","mobile":""},"google_fonts":[]}},"qubely_featured_image_url":{"full":["https:\/\/www.agentiaimpreuna.ro\/capacitarea-romilor\/wp-content\/uploads\/2022\/07\/comunit-ident.png",940,788,false],"landscape":["https:\/\/www.agentiaimpreuna.ro\/capacitarea-romilor\/wp-content\/uploads\/2022\/07\/comunit-ident-940x750.png",940,750,true],"portraits":["https:\/\/www.agentiaimpreuna.ro\/capacitarea-romilor\/wp-content\/uploads\/2022\/07\/comunit-ident-540x320.png",540,320,true],"thumbnail":["https:\/\/www.agentiaimpreuna.ro\/capacitarea-romilor\/wp-content\/uploads\/2022\/07\/comunit-ident-150x150.png",150,150,true],"medium":["https:\/\/www.agentiaimpreuna.ro\/capacitarea-romilor\/wp-content\/uploads\/2022\/07\/comunit-ident-300x251.png",300,251,true],"medium_large":["https:\/\/www.agentiaimpreuna.ro\/capacitarea-romilor\/wp-content\/uploads\/2022\/07\/comunit-ident-768x644.png",768,644,true],"large":["https:\/\/www.agentiaimpreuna.ro\/capacitarea-romilor\/wp-content\/uploads\/2022\/07\/comunit-ident.png",940,788,false],"1536x1536":["https:\/\/www.agentiaimpreuna.ro\/capacitarea-romilor\/wp-content\/uploads\/2022\/07\/comunit-ident.png",940,788,false],"2048x2048":["https:\/\/www.agentiaimpreuna.ro\/capacitarea-romilor\/wp-content\/uploads\/2022\/07\/comunit-ident.png",940,788,false],"trp-custom-language-flag":["https:\/\/www.agentiaimpreuna.ro\/capacitarea-romilor\/wp-content\/uploads\/2022\/07\/comunit-ident-14x12.png",14,12,true],"qubely_landscape":["https:\/\/www.agentiaimpreuna.ro\/capacitarea-romilor\/wp-content\/uploads\/2022\/07\/comunit-ident-940x750.png",940,750,true],"qubely_portrait":["https:\/\/www.agentiaimpreuna.ro\/capacitarea-romilor\/wp-content\/uploads\/2022\/07\/comunit-ident-540x320.png",540,320,true],"qubely_thumbnail":["https:\/\/www.agentiaimpreuna.ro\/capacitarea-romilor\/wp-content\/uploads\/2022\/07\/comunit-ident-140x100.png",140,100,true]},"qubely_author":{"display_name":"agenadmin","author_link":"https:\/\/www.agentiaimpreuna.ro\/capacitarea-romilor\/author\/agenadmin\/"},"qubely_comment":0,"qubely_category":"<a href=\"https:\/\/www.agentiaimpreuna.ro\/capacitarea-romilor\/category\/news\/\" rel=\"category tag\">News<\/a>","qubely_excerpt":"Comunit\u0103\u021bile implicate \u00een programm au fost selectate \u00een baza unei metodologii \u0219i a informa\u021biilor solicitate c\u0103tre prefecturile din cele 3 jude\u021be (C\u0103l\u0103ra\u0219i, Br\u0103ila \u0219i Constan\u021ba) cu privire la: comunit\u0103\u021bi interetnice cu num\u0103r de romi semnificativ \u0219i existen\u021ba unor proiecte care au ca obiectiv dezvoltarea comunitar\u0103 \u0219i \u00eemputernicire. Continu\u0103 s\u0103 ne urm\u0103re\u0219ti pentru a descoperi mai&hellip;","featured_image_urls":{"full":["https:\/\/www.agentiaimpreuna.ro\/capacitarea-romilor\/wp-content\/uploads\/2022\/07\/comunit-ident.png",940,788,false],"thumbnail":["https:\/\/www.agentiaimpreuna.ro\/capacitarea-romilor\/wp-content\/uploads\/2022\/07\/comunit-ident-150x150.png",150,150,true],"medium":["https:\/\/www.agentiaimpreuna.ro\/capacitarea-romilor\/wp-content\/uploads\/2022\/07\/comunit-ident-300x251.png",300,251,true],"medium_large":["https:\/\/www.agentiaimpreuna.ro\/capacitarea-romilor\/wp-content\/uploads\/2022\/07\/comunit-ident-768x644.png",768,644,true],"large":["https:\/\/www.agentiaimpreuna.ro\/capacitarea-romilor\/wp-content\/uploads\/2022\/07\/comunit-ident.png",940,788,false],"1536x1536":["https:\/\/www.agentiaimpreuna.ro\/capacitarea-romilor\/wp-content\/uploads\/2022\/07\/comunit-ident.png",940,788,false],"2048x2048":["https:\/\/www.agentiaimpreuna.ro\/capacitarea-romilor\/wp-content\/uploads\/2022\/07\/comunit-ident.png",940,788,false],"trp-custom-language-flag":["https:\/\/www.agentiaimpreuna.ro\/capacitarea-romilor\/wp-content\/uploads\/2022\/07\/comunit-ident-14x12.png",14,12,true],"qubely_landscape":["https:\/\/www.agentiaimpreuna.ro\/capacitarea-romilor\/wp-content\/uploads\/2022\/07\/comunit-ident-940x750.png",940,750,true],"qubely_portrait":["https:\/\/www.agentiaimpreuna.ro\/capacitarea-romilor\/wp-content\/uploads\/2022\/07\/comunit-ident-540x320.png",540,320,true],"qubely_thumbnail":["https:\/\/www.agentiaimpreuna.ro\/capacitarea-romilor\/wp-content\/uploads\/2022\/07\/comunit-ident-140x100.png",140,100,true]},"post_excerpt_stackable":"<p>Comunit\u0103\u021bile implicate \u00een programm au fost selectate \u00een baza unei metodologii \u0219i a informa\u021biilor solicitate c\u0103tre prefecturile din cele 3 jude\u021be (C\u0103l\u0103ra\u0219i, Br\u0103ila \u0219i Constan\u021ba) cu privire la: comunit\u0103\u021bi interetnice cu num\u0103r de romi semnificativ \u0219i existen\u021ba unor proiecte care au ca obiectiv dezvoltarea comunitar\u0103 \u0219i \u00eemputernicire. Continu\u0103 s\u0103 ne urm\u0103re\u0219ti pentru a descoperi mai multe despre #Cre\u0219terea\u0218iAbilitareaRomilor #haide#ActiveCitizensFund#Romania#activecitizens #EEANorwayGrants<\/p>\n","category_list":"<a href=\"https:\/\/www.agentiaimpreuna.ro\/capacitarea-romilor\/category\/news\/\" rel=\"category tag\">News<\/a>","author_info":{"name":"agenadmin","url":"https:\/\/www.agentiaimpreuna.ro\/capacitarea-romilor\/author\/agenadmin\/"},"comments_num":"0 comments","featured_image_urls_v2":{"full":["https:\/\/www.agentiaimpreuna.ro\/capacitarea-romilor\/wp-content\/uploads\/2022\/07\/comunit-ident.png",940,788,false],"thumbnail":["https:\/\/www.agentiaimpreuna.ro\/capacitarea-romilor\/wp-content\/uploads\/2022\/07\/comunit-ident-150x150.png",150,150,true],"medium":["https:\/\/www.agentiaimpreuna.ro\/capacitarea-romilor\/wp-content\/uploads\/2022\/07\/comunit-ident-300x251.png",300,251,true],"medium_large":["https:\/\/www.agentiaimpreuna.ro\/capacitarea-romilor\/wp-content\/uploads\/2022\/07\/comunit-ident-768x644.png",768,644,true],"large":["https:\/\/www.agentiaimpreuna.ro\/capacitarea-romilor\/wp-content\/uploads\/2022\/07\/comunit-ident.png",940,788,false],"1536x1536":["https:\/\/www.agentiaimpreuna.ro\/capacitarea-romilor\/wp-content\/uploads\/2022\/07\/comunit-ident.png",940,788,false],"2048x2048":["https:\/\/www.agentiaimpreuna.ro\/capacitarea-romilor\/wp-content\/uploads\/2022\/07\/comunit-ident.png",940,788,false],"trp-custom-language-flag":["https:\/\/www.agentiaimpreuna.ro\/capacitarea-romilor\/wp-content\/uploads\/2022\/07\/comunit-ident-14x12.png",14,12,true],"qubely_landscape":["https:\/\/www.agentiaimpreuna.ro\/capacitarea-romilor\/wp-content\/uploads\/2022\/07\/comunit-ident-940x750.png",940,750,true],"qubely_portrait":["https:\/\/www.agentiaimpreuna.ro\/capacitarea-romilor\/wp-content\/uploads\/2022\/07\/comunit-ident-540x320.png",540,320,true],"qubely_thumbnail":["https:\/\/www.agentiaimpreuna.ro\/capacitarea-romilor\/wp-content\/uploads\/2022\/07\/comunit-ident-140x100.png",140,100,true]},"post_excerpt_stackable_v2":"<p>Comunit\u0103\u021bile implicate \u00een programm au fost selectate \u00een baza unei metodologii \u0219i a informa\u021biilor solicitate c\u0103tre prefecturile din cele 3 jude\u021be (C\u0103l\u0103ra\u0219i, Br\u0103ila \u0219i Constan\u021ba) cu privire la: comunit\u0103\u021bi interetnice cu num\u0103r de romi semnificativ \u0219i existen\u021ba unor proiecte care au ca obiectiv dezvoltarea comunitar\u0103 \u0219i \u00eemputernicire. Continu\u0103 s\u0103 ne urm\u0103re\u0219ti pentru a descoperi mai multe despre #Cre\u0219terea\u0218iAbilitareaRomilor #haide#ActiveCitizensFund#Romania#activecitizens #EEANorwayGrants<\/p>\n","category_list_v2":"<a href=\"https:\/\/www.agentiaimpreuna.ro\/capacitarea-romilor\/category\/news\/\" rel=\"category tag\">News<\/a>","author_info_v2":{"name":"agenadmin","url":"https:\/\/www.agentiaimpreuna.ro\/capacitarea-romilor\/author\/agenadmin\/"},"comments_num_v2":"0 comments","_links":{"self":[{"href":"https:\/\/www.agentiaimpreuna.ro\/capacitarea-romilor\/wp-json\/wp\/v2\/posts\/1043","targetHints":{"allow":["GET"]}}],"collection":[{"href":"https:\/\/www.agentiaimpreuna.ro\/capacitarea-romilor\/wp-json\/wp\/v2\/posts"}],"about":[{"href":"https:\/\/www.agentiaimpreuna.ro\/capacitarea-romilor\/wp-json\/wp\/v2\/types\/post"}],"author":[{"embeddable":true,"href":"https:\/\/www.agentiaimpreuna.ro\/capacitarea-romilor\/wp-json\/wp\/v2\/users\/1"}],"replies":[{"embeddable":true,"href":"https:\/\/www.agentiaimpreuna.ro\/capacitarea-romilor\/wp-json\/wp\/v2\/comments?post=1043"}],"version-history":[{"count":1,"href":"https:\/\/www.agentiaimpreuna.ro\/capacitarea-romilor\/wp-json\/wp\/v2\/posts\/1043\/revisions"}],"predecessor-version":[{"id":1045,"href":"https:\/\/www.agentiaimpreuna.ro\/capacitarea-romilor\/wp-json\/wp\/v2\/posts\/1043\/revisions\/1045"}],"wp:featuredmedia":[{"embeddable":true,"href":"https:\/\/www.agentiaimpreuna.ro\/capacitarea-romilor\/wp-json\/wp\/v2\/media\/1044"}],"wp:attachment":[{"href":"https:\/\/www.agentiaimpreuna.ro\/capacitarea-romilor\/wp-json\/wp\/v2\/media?parent=1043"}],"wp:term":[{"taxonomy":"category","embeddable":true,"href":"https:\/\/www.agentiaimpreuna.ro\/capacitarea-romilor\/wp-json\/wp\/v2\/categories?post=1043"},{"taxonomy":"post_tag","embeddable":true,"href":"https:\/\/www.agentiaimpreuna.ro\/capacitarea-romilor\/wp-json\/wp\/v2\/tags?post=1043"}],"curies":[{"name":"wp","href":"https:\/\/api.w.org\/{rel}","templated":true}]}}