{"id":1034,"date":"2021-06-25T07:43:00","date_gmt":"2021-06-25T07:43:00","guid":{"rendered":"https:\/\/www.agentiaimpreuna.ro\/capacitarea-romilor\/?p=1034"},"modified":"2022-07-19T07:49:06","modified_gmt":"2022-07-19T07:49:06","slug":"misiunea-proiectului-cresterea-si-abilitarea-romilor-prin-lobby-si-actiune","status":"publish","type":"post","link":"https:\/\/www.agentiaimpreuna.ro\/capacitarea-romilor\/2021\/06\/25\/misiunea-proiectului-cresterea-si-abilitarea-romilor-prin-lobby-si-actiune\/","title":{"rendered":"Misiunea proiectului Cre\u0219terea \u0219i Abilitarea Romilor prin Lobby \u0219i Ac\u021biune"},"content":{"rendered":"\n<p>Afl\u0103 mai multe despre <img loading=\"lazy\" decoding=\"async\" height=\"16\" width=\"16\" src=\"https:\/\/static.xx.fbcdn.net\/images\/emoji.php\/v9\/t4b\/2\/16\/1f4cc.png\" alt=\"\ud83d\udccc\"> ce \u00ee\u0219i propune proiectul \ud835\ude0a\ud835\ude33\ud835\ude26\ud835\ude34\u0326\ud835\ude35\ud835\ude26\ud835\ude33\ud835\ude26\ud835\ude22 \ud835\ude34\u0326\ud835\ude2a \ud835\ude08\ud835\ude23\ud835\ude2a\ud835\ude2d\ud835\ude2a\ud835\ude35\ud835\ude22\ud835\ude33\ud835\ude26\ud835\ude22 \ud835\ude19\ud835\ude30\ud835\ude2e\ud835\ude2a\ud835\ude2d\ud835\ude30\ud835\ude33 \ud835\ude31\ud835\ude33\ud835\ude2a\ud835\ude2f \ud835\ude13\ud835\ude30\ud835\ude23\ud835\ude23\ud835\ude3a \ud835\ude34\u0326\ud835\ude2a \ud835\ude08\ud835\ude24\ud835\ude35\u0326\ud835\ude2a\ud835\ude36\ud835\ude2f\ud835\ude26 \u0219i <img loading=\"lazy\" decoding=\"async\" height=\"16\" width=\"16\" src=\"https:\/\/static.xx.fbcdn.net\/images\/emoji.php\/v9\/t60\/2\/16\/1f50d.png\" alt=\"\ud83d\udd0d\">care este expertiza organiza\u021biilor ce implementeaz\u0103 proiectul <img loading=\"lazy\" decoding=\"async\" height=\"16\" width=\"16\" src=\"https:\/\/static.xx.fbcdn.net\/images\/emoji.php\/v9\/ta1\/2\/16\/2b07.png\" alt=\"\u2b07\"> \u00een video-ul de mai jos.<\/p>\n\n\n\n<figure class=\"wp-block-video\"><video controls src=\"https:\/\/www.agentiaimpreuna.ro\/capacitarea-romilor\/wp-content\/uploads\/2022\/07\/208377196_390546462397609_1957943575623710215_n.mp4\"><\/video><\/figure>\n\n\n\n<p>R\u0103m\u00e2i al\u0103turi de noi pentru a descoperi mai multe despre <a href=\"https:\/\/www.facebook.com\/hashtag\/cre%C8%99terea%C8%99iabilitarearomilor?__eep__=6&amp;__cft__[0]=AZX2ViDVenEtnKx_I3peL22JzzWIYpcoT-Y5Ad0L3deiMYiGhneqiMHg0EE5NGN4U3YSo21waCJN6DzCMN-Q2VmHvOshXhIPqUAw2T-C3gKRAbQS40a_TmRc3z99_P437Xfh9yVs4rqCqQI9pScbGWFG4zbqykh-0noJclZQTvhrMnFDeZUvhkkeUlfBGi5yZK7FbBBv8frHbEIxBfk6gDHR&amp;__tn__=*NK-R\" target=\"_blank\" rel=\"noopener\">#Cre\u0219terea\u0218iAbilitareaRomilor<\/a><\/p>\n\n\n\n<p><a href=\"https:\/\/www.facebook.com\/hashtag\/haide?__eep__=6&amp;__cft__[0]=AZX2ViDVenEtnKx_I3peL22JzzWIYpcoT-Y5Ad0L3deiMYiGhneqiMHg0EE5NGN4U3YSo21waCJN6DzCMN-Q2VmHvOshXhIPqUAw2T-C3gKRAbQS40a_TmRc3z99_P437Xfh9yVs4rqCqQI9pScbGWFG4zbqykh-0noJclZQTvhrMnFDeZUvhkkeUlfBGi5yZK7FbBBv8frHbEIxBfk6gDHR&amp;__tn__=*NK-R\" target=\"_blank\" rel=\"noopener\">#haide<\/a><a href=\"https:\/\/www.facebook.com\/hashtag\/activecitizensfund?__eep__=6&amp;__cft__[0]=AZX2ViDVenEtnKx_I3peL22JzzWIYpcoT-Y5Ad0L3deiMYiGhneqiMHg0EE5NGN4U3YSo21waCJN6DzCMN-Q2VmHvOshXhIPqUAw2T-C3gKRAbQS40a_TmRc3z99_P437Xfh9yVs4rqCqQI9pScbGWFG4zbqykh-0noJclZQTvhrMnFDeZUvhkkeUlfBGi5yZK7FbBBv8frHbEIxBfk6gDHR&amp;__tn__=*NK-R\" target=\"_blank\" rel=\"noopener\">#ActiveCitizensFund<\/a><a href=\"https:\/\/www.facebook.com\/hashtag\/romania?__eep__=6&amp;__cft__[0]=AZX2ViDVenEtnKx_I3peL22JzzWIYpcoT-Y5Ad0L3deiMYiGhneqiMHg0EE5NGN4U3YSo21waCJN6DzCMN-Q2VmHvOshXhIPqUAw2T-C3gKRAbQS40a_TmRc3z99_P437Xfh9yVs4rqCqQI9pScbGWFG4zbqykh-0noJclZQTvhrMnFDeZUvhkkeUlfBGi5yZK7FbBBv8frHbEIxBfk6gDHR&amp;__tn__=*NK-R\" target=\"_blank\" rel=\"noopener\">#Romania<\/a><a href=\"https:\/\/www.facebook.com\/hashtag\/activecitizens?__eep__=6&amp;__cft__[0]=AZX2ViDVenEtnKx_I3peL22JzzWIYpcoT-Y5Ad0L3deiMYiGhneqiMHg0EE5NGN4U3YSo21waCJN6DzCMN-Q2VmHvOshXhIPqUAw2T-C3gKRAbQS40a_TmRc3z99_P437Xfh9yVs4rqCqQI9pScbGWFG4zbqykh-0noJclZQTvhrMnFDeZUvhkkeUlfBGi5yZK7FbBBv8frHbEIxBfk6gDHR&amp;__tn__=*NK-R\" target=\"_blank\" rel=\"noopener\">#activecitizens<\/a><a href=\"https:\/\/www.facebook.com\/hashtag\/eeanorwaygrants?__eep__=6&amp;__cft__[0]=AZX2ViDVenEtnKx_I3peL22JzzWIYpcoT-Y5Ad0L3deiMYiGhneqiMHg0EE5NGN4U3YSo21waCJN6DzCMN-Q2VmHvOshXhIPqUAw2T-C3gKRAbQS40a_TmRc3z99_P437Xfh9yVs4rqCqQI9pScbGWFG4zbqykh-0noJclZQTvhrMnFDeZUvhkkeUlfBGi5yZK7FbBBv8frHbEIxBfk6gDHR&amp;__tn__=*NK-R\" target=\"_blank\" rel=\"noopener\">#EEANorwayGrants<\/a><\/p>\n","protected":false},"excerpt":{"rendered":"<p>Afl\u0103 mai multe despre ce \u00ee\u0219i propune proiectul \ud835\ude0a\ud835\ude33\ud835\ude26\ud835\ude34\u0326\ud835\ude35\ud835\ude26\ud835\ude33\ud835\ude26\ud835\ude22 \ud835\ude34\u0326\ud835\ude2a \ud835\ude08\ud835\ude23\ud835\ude2a\ud835\ude2d\ud835\ude2a\ud835\ude35\ud835\ude22\ud835\ude33\ud835\ude26\ud835\ude22 \ud835\ude19\ud835\ude30\ud835\ude2e\ud835\ude2a\ud835\ude2d\ud835\ude30\ud835\ude33 \ud835\ude31\ud835\ude33\ud835\ude2a\ud835\ude2f \ud835\ude13\ud835\ude30\ud835\ude23\ud835\ude23\ud835\ude3a \ud835\ude34\u0326\ud835\ude2a \ud835\ude08\ud835\ude24\ud835\ude35\u0326\ud835\ude2a\ud835\ude36\ud835\ude2f\ud835\ude26 \u0219i care este expertiza organiza\u021biilor ce implementeaz\u0103 proiectul \u00een video-ul de mai jos. R\u0103m\u00e2i al\u0103turi de noi pentru a descoperi mai multe despre #Cre\u0219terea\u0218iAbilitareaRomilor #haide#ActiveCitizensFund#Romania#activecitizens#EEANorwayGrants<\/p>\n","protected":false},"author":1,"featured_media":1042,"comment_status":"open","ping_status":"open","sticky":false,"template":"","format":"standard","meta":{"qubely_global_settings":"","qubely_interactions":"","footnotes":""},"categories":[2],"tags":[],"class_list":["post-1034","post","type-post","status-publish","format-standard","has-post-thumbnail","hentry","category-news"],"blocksy_meta":{"styles_descriptor":{"styles":{"desktop":"","tablet":"","mobile":""},"google_fonts":[]}},"qubely_featured_image_url":{"full":["https:\/\/www.agentiaimpreuna.ro\/capacitarea-romilor\/wp-content\/uploads\/2021\/06\/1.png",940,788,false],"landscape":["https:\/\/www.agentiaimpreuna.ro\/capacitarea-romilor\/wp-content\/uploads\/2021\/06\/1-940x750.png",940,750,true],"portraits":["https:\/\/www.agentiaimpreuna.ro\/capacitarea-romilor\/wp-content\/uploads\/2021\/06\/1-540x320.png",540,320,true],"thumbnail":["https:\/\/www.agentiaimpreuna.ro\/capacitarea-romilor\/wp-content\/uploads\/2021\/06\/1-150x150.png",150,150,true],"medium":["https:\/\/www.agentiaimpreuna.ro\/capacitarea-romilor\/wp-content\/uploads\/2021\/06\/1-300x251.png",300,251,true],"medium_large":["https:\/\/www.agentiaimpreuna.ro\/capacitarea-romilor\/wp-content\/uploads\/2021\/06\/1-768x644.png",768,644,true],"large":["https:\/\/www.agentiaimpreuna.ro\/capacitarea-romilor\/wp-content\/uploads\/2021\/06\/1.png",940,788,false],"1536x1536":["https:\/\/www.agentiaimpreuna.ro\/capacitarea-romilor\/wp-content\/uploads\/2021\/06\/1.png",940,788,false],"2048x2048":["https:\/\/www.agentiaimpreuna.ro\/capacitarea-romilor\/wp-content\/uploads\/2021\/06\/1.png",940,788,false],"trp-custom-language-flag":["https:\/\/www.agentiaimpreuna.ro\/capacitarea-romilor\/wp-content\/uploads\/2021\/06\/1-14x12.png",14,12,true],"qubely_landscape":["https:\/\/www.agentiaimpreuna.ro\/capacitarea-romilor\/wp-content\/uploads\/2021\/06\/1-940x750.png",940,750,true],"qubely_portrait":["https:\/\/www.agentiaimpreuna.ro\/capacitarea-romilor\/wp-content\/uploads\/2021\/06\/1-540x320.png",540,320,true],"qubely_thumbnail":["https:\/\/www.agentiaimpreuna.ro\/capacitarea-romilor\/wp-content\/uploads\/2021\/06\/1-140x100.png",140,100,true]},"qubely_author":{"display_name":"agenadmin","author_link":"https:\/\/www.agentiaimpreuna.ro\/capacitarea-romilor\/author\/agenadmin\/"},"qubely_comment":0,"qubely_category":"<a href=\"https:\/\/www.agentiaimpreuna.ro\/capacitarea-romilor\/category\/news\/\" rel=\"category tag\">News<\/a>","qubely_excerpt":"Afl\u0103 mai multe despre ce \u00ee\u0219i propune proiectul \ud835\ude0a\ud835\ude33\ud835\ude26\ud835\ude34\u0326\ud835\ude35\ud835\ude26\ud835\ude33\ud835\ude26\ud835\ude22 \ud835\ude34\u0326\ud835\ude2a \ud835\ude08\ud835\ude23\ud835\ude2a\ud835\ude2d\ud835\ude2a\ud835\ude35\ud835\ude22\ud835\ude33\ud835\ude26\ud835\ude22 \ud835\ude19\ud835\ude30\ud835\ude2e\ud835\ude2a\ud835\ude2d\ud835\ude30\ud835\ude33 \ud835\ude31\ud835\ude33\ud835\ude2a\ud835\ude2f \ud835\ude13\ud835\ude30\ud835\ude23\ud835\ude23\ud835\ude3a \ud835\ude34\u0326\ud835\ude2a \ud835\ude08\ud835\ude24\ud835\ude35\u0326\ud835\ude2a\ud835\ude36\ud835\ude2f\ud835\ude26 \u0219i care este expertiza organiza\u021biilor ce implementeaz\u0103 proiectul \u00een video-ul de mai jos. R\u0103m\u00e2i al\u0103turi de noi pentru a descoperi mai multe despre #Cre\u0219terea\u0218iAbilitareaRomilor #haide#ActiveCitizensFund#Romania#activecitizens#EEANorwayGrants","featured_image_urls":{"full":["https:\/\/www.agentiaimpreuna.ro\/capacitarea-romilor\/wp-content\/uploads\/2021\/06\/1.png",940,788,false],"thumbnail":["https:\/\/www.agentiaimpreuna.ro\/capacitarea-romilor\/wp-content\/uploads\/2021\/06\/1-150x150.png",150,150,true],"medium":["https:\/\/www.agentiaimpreuna.ro\/capacitarea-romilor\/wp-content\/uploads\/2021\/06\/1-300x251.png",300,251,true],"medium_large":["https:\/\/www.agentiaimpreuna.ro\/capacitarea-romilor\/wp-content\/uploads\/2021\/06\/1-768x644.png",768,644,true],"large":["https:\/\/www.agentiaimpreuna.ro\/capacitarea-romilor\/wp-content\/uploads\/2021\/06\/1.png",940,788,false],"1536x1536":["https:\/\/www.agentiaimpreuna.ro\/capacitarea-romilor\/wp-content\/uploads\/2021\/06\/1.png",940,788,false],"2048x2048":["https:\/\/www.agentiaimpreuna.ro\/capacitarea-romilor\/wp-content\/uploads\/2021\/06\/1.png",940,788,false],"trp-custom-language-flag":["https:\/\/www.agentiaimpreuna.ro\/capacitarea-romilor\/wp-content\/uploads\/2021\/06\/1-14x12.png",14,12,true],"qubely_landscape":["https:\/\/www.agentiaimpreuna.ro\/capacitarea-romilor\/wp-content\/uploads\/2021\/06\/1-940x750.png",940,750,true],"qubely_portrait":["https:\/\/www.agentiaimpreuna.ro\/capacitarea-romilor\/wp-content\/uploads\/2021\/06\/1-540x320.png",540,320,true],"qubely_thumbnail":["https:\/\/www.agentiaimpreuna.ro\/capacitarea-romilor\/wp-content\/uploads\/2021\/06\/1-140x100.png",140,100,true]},"post_excerpt_stackable":"<p>Afl\u0103 mai multe despre ce \u00ee\u0219i propune proiectul \ud835\ude0a\ud835\ude33\ud835\ude26\ud835\ude34\u0326\ud835\ude35\ud835\ude26\ud835\ude33\ud835\ude26\ud835\ude22 \ud835\ude34\u0326\ud835\ude2a \ud835\ude08\ud835\ude23\ud835\ude2a\ud835\ude2d\ud835\ude2a\ud835\ude35\ud835\ude22\ud835\ude33\ud835\ude26\ud835\ude22 \ud835\ude19\ud835\ude30\ud835\ude2e\ud835\ude2a\ud835\ude2d\ud835\ude30\ud835\ude33 \ud835\ude31\ud835\ude33\ud835\ude2a\ud835\ude2f \ud835\ude13\ud835\ude30\ud835\ude23\ud835\ude23\ud835\ude3a \ud835\ude34\u0326\ud835\ude2a \ud835\ude08\ud835\ude24\ud835\ude35\u0326\ud835\ude2a\ud835\ude36\ud835\ude2f\ud835\ude26 \u0219i care este expertiza organiza\u021biilor ce implementeaz\u0103 proiectul \u00een video-ul de mai jos. R\u0103m\u00e2i al\u0103turi de noi pentru a descoperi mai multe despre #Cre\u0219terea\u0218iAbilitareaRomilor #haide#ActiveCitizensFund#Romania#activecitizens#EEANorwayGrants<\/p>\n","category_list":"<a href=\"https:\/\/www.agentiaimpreuna.ro\/capacitarea-romilor\/category\/news\/\" rel=\"category tag\">News<\/a>","author_info":{"name":"agenadmin","url":"https:\/\/www.agentiaimpreuna.ro\/capacitarea-romilor\/author\/agenadmin\/"},"comments_num":"0 comments","featured_image_urls_v2":{"full":["https:\/\/www.agentiaimpreuna.ro\/capacitarea-romilor\/wp-content\/uploads\/2021\/06\/1.png",940,788,false],"thumbnail":["https:\/\/www.agentiaimpreuna.ro\/capacitarea-romilor\/wp-content\/uploads\/2021\/06\/1-150x150.png",150,150,true],"medium":["https:\/\/www.agentiaimpreuna.ro\/capacitarea-romilor\/wp-content\/uploads\/2021\/06\/1-300x251.png",300,251,true],"medium_large":["https:\/\/www.agentiaimpreuna.ro\/capacitarea-romilor\/wp-content\/uploads\/2021\/06\/1-768x644.png",768,644,true],"large":["https:\/\/www.agentiaimpreuna.ro\/capacitarea-romilor\/wp-content\/uploads\/2021\/06\/1.png",940,788,false],"1536x1536":["https:\/\/www.agentiaimpreuna.ro\/capacitarea-romilor\/wp-content\/uploads\/2021\/06\/1.png",940,788,false],"2048x2048":["https:\/\/www.agentiaimpreuna.ro\/capacitarea-romilor\/wp-content\/uploads\/2021\/06\/1.png",940,788,false],"trp-custom-language-flag":["https:\/\/www.agentiaimpreuna.ro\/capacitarea-romilor\/wp-content\/uploads\/2021\/06\/1-14x12.png",14,12,true],"qubely_landscape":["https:\/\/www.agentiaimpreuna.ro\/capacitarea-romilor\/wp-content\/uploads\/2021\/06\/1-940x750.png",940,750,true],"qubely_portrait":["https:\/\/www.agentiaimpreuna.ro\/capacitarea-romilor\/wp-content\/uploads\/2021\/06\/1-540x320.png",540,320,true],"qubely_thumbnail":["https:\/\/www.agentiaimpreuna.ro\/capacitarea-romilor\/wp-content\/uploads\/2021\/06\/1-140x100.png",140,100,true]},"post_excerpt_stackable_v2":"<p>Afl\u0103 mai multe despre ce \u00ee\u0219i propune proiectul \ud835\ude0a\ud835\ude33\ud835\ude26\ud835\ude34\u0326\ud835\ude35\ud835\ude26\ud835\ude33\ud835\ude26\ud835\ude22 \ud835\ude34\u0326\ud835\ude2a \ud835\ude08\ud835\ude23\ud835\ude2a\ud835\ude2d\ud835\ude2a\ud835\ude35\ud835\ude22\ud835\ude33\ud835\ude26\ud835\ude22 \ud835\ude19\ud835\ude30\ud835\ude2e\ud835\ude2a\ud835\ude2d\ud835\ude30\ud835\ude33 \ud835\ude31\ud835\ude33\ud835\ude2a\ud835\ude2f \ud835\ude13\ud835\ude30\ud835\ude23\ud835\ude23\ud835\ude3a \ud835\ude34\u0326\ud835\ude2a \ud835\ude08\ud835\ude24\ud835\ude35\u0326\ud835\ude2a\ud835\ude36\ud835\ude2f\ud835\ude26 \u0219i care este expertiza organiza\u021biilor ce implementeaz\u0103 proiectul \u00een video-ul de mai jos. R\u0103m\u00e2i al\u0103turi de noi pentru a descoperi mai multe despre #Cre\u0219terea\u0218iAbilitareaRomilor #haide#ActiveCitizensFund#Romania#activecitizens#EEANorwayGrants<\/p>\n","category_list_v2":"<a href=\"https:\/\/www.agentiaimpreuna.ro\/capacitarea-romilor\/category\/news\/\" rel=\"category tag\">News<\/a>","author_info_v2":{"name":"agenadmin","url":"https:\/\/www.agentiaimpreuna.ro\/capacitarea-romilor\/author\/agenadmin\/"},"comments_num_v2":"0 comments","_links":{"self":[{"href":"https:\/\/www.agentiaimpreuna.ro\/capacitarea-romilor\/wp-json\/wp\/v2\/posts\/1034","targetHints":{"allow":["GET"]}}],"collection":[{"href":"https:\/\/www.agentiaimpreuna.ro\/capacitarea-romilor\/wp-json\/wp\/v2\/posts"}],"about":[{"href":"https:\/\/www.agentiaimpreuna.ro\/capacitarea-romilor\/wp-json\/wp\/v2\/types\/post"}],"author":[{"embeddable":true,"href":"https:\/\/www.agentiaimpreuna.ro\/capacitarea-romilor\/wp-json\/wp\/v2\/users\/1"}],"replies":[{"embeddable":true,"href":"https:\/\/www.agentiaimpreuna.ro\/capacitarea-romilor\/wp-json\/wp\/v2\/comments?post=1034"}],"version-history":[{"count":1,"href":"https:\/\/www.agentiaimpreuna.ro\/capacitarea-romilor\/wp-json\/wp\/v2\/posts\/1034\/revisions"}],"predecessor-version":[{"id":1036,"href":"https:\/\/www.agentiaimpreuna.ro\/capacitarea-romilor\/wp-json\/wp\/v2\/posts\/1034\/revisions\/1036"}],"wp:featuredmedia":[{"embeddable":true,"href":"https:\/\/www.agentiaimpreuna.ro\/capacitarea-romilor\/wp-json\/wp\/v2\/media\/1042"}],"wp:attachment":[{"href":"https:\/\/www.agentiaimpreuna.ro\/capacitarea-romilor\/wp-json\/wp\/v2\/media?parent=1034"}],"wp:term":[{"taxonomy":"category","embeddable":true,"href":"https:\/\/www.agentiaimpreuna.ro\/capacitarea-romilor\/wp-json\/wp\/v2\/categories?post=1034"},{"taxonomy":"post_tag","embeddable":true,"href":"https:\/\/www.agentiaimpreuna.ro\/capacitarea-romilor\/wp-json\/wp\/v2\/tags?post=1034"}],"curies":[{"name":"wp","href":"https:\/\/api.w.org\/{rel}","templated":true}]}}